{"id":26489,"date":"2019-04-23T09:00:00","date_gmt":"2019-04-23T15:00:00","guid":{"rendered":"http:\/\/www.inces.gob.ve\/?p=26489"},"modified":"2020-05-28T20:29:03","modified_gmt":"2020-05-29T00:29:03","slug":"consejo-comunal-peregrinacion-virgen-de-lourdes-asume-formacion-de-oficios-productivos","status":"publish","type":"post","link":"https:\/\/inces.gob.ve\/index.php\/2019\/04\/23\/consejo-comunal-peregrinacion-virgen-de-lourdes-asume-formacion-de-oficios-productivos\/","title":{"rendered":"Consejo Comunal Peregrinaci\u00f3n Virgen de Lourdes asume formaci\u00f3n de oficios productivos"},"content":{"rendered":"<p align=\"justify\"><span style=\"font-family: Arial,sans-serif;\"><span style=\"font-size: large;\"><i><b>** En Maiquet\u00eda, sector Quenepe, los consejos comunales inician cursos en sus comunidades<\/b><\/i><\/span><\/span><\/p>\n<p align=\"justify\"><!--more-->\n<\/p>\n<p align=\"justify\"><span style=\"font-family: Arial,sans-serif;\"><span style=\"font-size: large;\"><b>ZUVALQUI DUARTE | Vargas<\/b><\/span><\/span><\/p>\n<p align=\"justify\">\n<p align=\"justify\"><span style=\"font-family: Arial,sans-serif;\"><span style=\"font-size: large;\">En la Subida de Los Espa\u00f1oles en Quenepe, el maestro t\u00e9cnico productivo (MTP) Pedro Moreno inici\u00f3 dos formaciones dirigidas a los integrantes de las organizaciones vecinales del \u00e1rea.<\/span><\/span><\/p>\n<p align=\"justify\">\n<p align=\"justify\"><span style=\"font-family: Arial,sans-serif;\"><span style=\"font-size: large;\">14 participantes se forman en dos cursos denominados: Reparaci\u00f3n de Bombillos Ahorradores (Seguridad Industrial) y Lubricaci\u00f3n y Mantenimiento de M\u00e1quinas de Coser (recta e industriales), con el MTP Moreno, las cuales servir\u00e1n para conformar unidades productivas comunales y para fortalecer los conocimientos en la comunidad<\/span><\/span><\/p>\n<p align=\"justify\"><span style=\"font-family: Arial,sans-serif;\"><span style=\"font-size: large;\"><img loading=\"lazy\" decoding=\"async\" class=\"aligncenter wp-image-26491 size-full\" src=\"http:\/\/www.inces.gob.ve\/wp-content\/uploads\/2019\/04\/2oficios-productivos.jpg\" alt=\"\" width=\"750\" height=\"562\" srcset=\"https:\/\/inces.gob.ve\/wp-content\/uploads\/2019\/04\/2oficios-productivos.jpg 750w, https:\/\/inces.gob.ve\/wp-content\/uploads\/2019\/04\/2oficios-productivos-300x225.jpg 300w, https:\/\/inces.gob.ve\/wp-content\/uploads\/2019\/04\/2oficios-productivos-136x102.jpg 136w\" sizes=\"auto, (max-width: 750px) 100vw, 750px\" \/><\/span><\/span><\/p>\n<p align=\"justify\">\n<p align=\"justify\"><span style=\"font-family: Arial,sans-serif;\"><span style=\"font-size: large;\">Pedro Moreno no solo forma a estos participantes en el Motor Industria, sino que los dota de las herramientas de la organizaci\u00f3n para que se conformen en unidades productivas y de esta manera consoliden y tributen a la econom\u00eda comunal.<\/span><\/span><\/p>\n<p align=\"justify\"><img loading=\"lazy\" decoding=\"async\" class=\"aligncenter wp-image-26490 size-full\" src=\"http:\/\/www.inces.gob.ve\/wp-content\/uploads\/2019\/04\/4oficios-productivos.jpg\" alt=\"\" width=\"750\" height=\"562\" srcset=\"https:\/\/inces.gob.ve\/wp-content\/uploads\/2019\/04\/4oficios-productivos.jpg 750w, https:\/\/inces.gob.ve\/wp-content\/uploads\/2019\/04\/4oficios-productivos-300x225.jpg 300w, https:\/\/inces.gob.ve\/wp-content\/uploads\/2019\/04\/4oficios-productivos-136x102.jpg 136w\" sizes=\"auto, (max-width: 750px) 100vw, 750px\" \/>\n<\/p>\n<p align=\"justify\">\n","protected":false},"excerpt":{"rendered":"<p>** En Maiquet\u00eda, sector Quenepe, los consejos comunales inician cursos en sus comunidades<\/p>\n","protected":false},"author":15,"featured_media":26492,"comment_status":"closed","ping_status":"closed","sticky":false,"template":"","format":"standard","meta":{"footnotes":""},"categories":[2],"tags":[],"class_list":["post-26489","post","type-post","status-publish","format-standard","has-post-thumbnail","hentry","category-blog"],"_links":{"self":[{"href":"https:\/\/inces.gob.ve\/index.php\/wp-json\/wp\/v2\/posts\/26489","targetHints":{"allow":["GET"]}}],"collection":[{"href":"https:\/\/inces.gob.ve\/index.php\/wp-json\/wp\/v2\/posts"}],"about":[{"href":"https:\/\/inces.gob.ve\/index.php\/wp-json\/wp\/v2\/types\/post"}],"author":[{"embeddable":true,"href":"https:\/\/inces.gob.ve\/index.php\/wp-json\/wp\/v2\/users\/15"}],"replies":[{"embeddable":true,"href":"https:\/\/inces.gob.ve\/index.php\/wp-json\/wp\/v2\/comments?post=26489"}],"version-history":[{"count":1,"href":"https:\/\/inces.gob.ve\/index.php\/wp-json\/wp\/v2\/posts\/26489\/revisions"}],"predecessor-version":[{"id":26493,"href":"https:\/\/inces.gob.ve\/index.php\/wp-json\/wp\/v2\/posts\/26489\/revisions\/26493"}],"wp:featuredmedia":[{"embeddable":true,"href":"https:\/\/inces.gob.ve\/index.php\/wp-json\/wp\/v2\/media\/26492"}],"wp:attachment":[{"href":"https:\/\/inces.gob.ve\/index.php\/wp-json\/wp\/v2\/media?parent=26489"}],"wp:term":[{"taxonomy":"category","embeddable":true,"href":"https:\/\/inces.gob.ve\/index.php\/wp-json\/wp\/v2\/categories?post=26489"},{"taxonomy":"post_tag","embeddable":true,"href":"https:\/\/inces.gob.ve\/index.php\/wp-json\/wp\/v2\/tags?post=26489"}],"curies":[{"name":"wp","href":"https:\/\/api.w.org\/{rel}","templated":true}]}}