{"id":26940,"date":"2019-04-30T07:15:47","date_gmt":"2019-04-30T13:15:47","guid":{"rendered":"http:\/\/www.inces.gob.ve\/?p=26940"},"modified":"2020-05-28T20:33:25","modified_gmt":"2020-05-29T00:33:25","slug":"120-horas-de-arduo-trabajo-cumplieron-pasantes-de-comunicacion-social","status":"publish","type":"post","link":"https:\/\/inces.gob.ve\/index.php\/2019\/04\/30\/120-horas-de-arduo-trabajo-cumplieron-pasantes-de-comunicacion-social\/","title":{"rendered":"120 horas de arduo trabajo cumplieron pasantes de comunicaci\u00f3n social"},"content":{"rendered":"<p align=\"justify\"><span style=\"font-family: Arial,sans-serif;\"><span style=\"font-size: large;\"><i><b>** El trabajo realizado en el Inces Vargas por los triunfadores de la Misi\u00f3n Sucre fue ejemplar y comprometido&#8230; \u00c9xito muchachos!<\/b><\/i><\/span><\/span><\/p>\n<p align=\"justify\"><!--more--><\/p>\n<p align=\"justify\"><span style=\"font-family: Arial,sans-serif;\"><span style=\"font-size: large;\"><b>ZUVALQUI DUARTE | Vargas<\/b><\/span><\/span><\/p>\n<p align=\"justify\"><span style=\"font-family: Arial,sans-serif;\"><span style=\"font-size: large;\">Una maleta llena de aprendizajes, logros y satisfacciones se llevan los tres pasantes que cumplieron su componente laboral en el Inces guaire\u00f1o. Se integraron de manera inmediata al equipo de trabajo regional, compartiendo no solo la experiencia en la instituci\u00f3n sino en la calle, dando muestra de la calidad humana e intelectual que los rodea.<\/span><\/span><\/p>\n<p align=\"justify\"><span style=\"font-family: Arial,sans-serif;\"><span style=\"font-size: large;\">Pero esta experiencia no culmina aqu\u00ed, ellos se sienten parte del equipo comunicacional de la entidad y como tal van a permanecer.. Carmen Campos espera ser la reportera del Eje Catia La Mar &#8211; Urimare y seguir llevando todo lo que acontece en este espacio de forma integral, enalteciendo la labor de los maestros t\u00e9cnicos productivos en ese sector.<\/span><\/span><\/p>\n<p align=\"justify\"><span style=\"font-family: Arial,sans-serif;\"><span style=\"font-size: large;\"><img loading=\"lazy\" decoding=\"async\" class=\"aligncenter wp-image-26941 size-full\" src=\"http:\/\/www.inces.gob.ve\/wp-content\/uploads\/2019\/04\/Inces-5-pasantes-de-comunicaci\u00f3n.jpg\" alt=\"\" width=\"850\" height=\"638\" srcset=\"https:\/\/inces.gob.ve\/wp-content\/uploads\/2019\/04\/Inces-5-pasantes-de-comunicaci\u00f3n.jpg 850w, https:\/\/inces.gob.ve\/wp-content\/uploads\/2019\/04\/Inces-5-pasantes-de-comunicaci\u00f3n-300x225.jpg 300w, https:\/\/inces.gob.ve\/wp-content\/uploads\/2019\/04\/Inces-5-pasantes-de-comunicaci\u00f3n-768x576.jpg 768w, https:\/\/inces.gob.ve\/wp-content\/uploads\/2019\/04\/Inces-5-pasantes-de-comunicaci\u00f3n-136x102.jpg 136w\" sizes=\"auto, (max-width: 850px) 100vw, 850px\" \/><\/span><\/span><\/p>\n<p align=\"justify\"><span style=\"font-family: Arial,sans-serif;\"><span style=\"font-size: large;\">Por su parte, Manuel Talero seguir\u00e1 en la medida en que su empleo se lo permita, impulsando el programa radial \u00abSomos Inces\u00bb y apoyar en la elaboraci\u00f3n de notas de prensa.<\/span><\/span><\/p>\n<p align=\"justify\"><img loading=\"lazy\" decoding=\"async\" class=\"aligncenter wp-image-26942 size-full\" src=\"http:\/\/www.inces.gob.ve\/wp-content\/uploads\/2019\/04\/Inces-3-pasantes-de-comunicaci\u00f3n.jpg\" alt=\"\" width=\"850\" height=\"638\" srcset=\"https:\/\/inces.gob.ve\/wp-content\/uploads\/2019\/04\/Inces-3-pasantes-de-comunicaci\u00f3n.jpg 850w, https:\/\/inces.gob.ve\/wp-content\/uploads\/2019\/04\/Inces-3-pasantes-de-comunicaci\u00f3n-300x225.jpg 300w, https:\/\/inces.gob.ve\/wp-content\/uploads\/2019\/04\/Inces-3-pasantes-de-comunicaci\u00f3n-768x576.jpg 768w, https:\/\/inces.gob.ve\/wp-content\/uploads\/2019\/04\/Inces-3-pasantes-de-comunicaci\u00f3n-136x102.jpg 136w\" sizes=\"auto, (max-width: 850px) 100vw, 850px\" \/><\/p>\n<p align=\"justify\"><span style=\"font-family: Arial,sans-serif;\"><span style=\"font-size: large;\">Mientras que Aily P\u00e9rez actuar\u00e1 como apoyo externo en el acompa\u00f1amiento de las actividades formativas.<\/span><\/span><\/p>\n<p align=\"justify\"><img loading=\"lazy\" decoding=\"async\" class=\"aligncenter wp-image-26943 size-full\" src=\"http:\/\/www.inces.gob.ve\/wp-content\/uploads\/2019\/04\/Inces-2-pasantes-de-comunicaci\u00f3n.jpg\" alt=\"\" width=\"850\" height=\"637\" srcset=\"https:\/\/inces.gob.ve\/wp-content\/uploads\/2019\/04\/Inces-2-pasantes-de-comunicaci\u00f3n.jpg 850w, https:\/\/inces.gob.ve\/wp-content\/uploads\/2019\/04\/Inces-2-pasantes-de-comunicaci\u00f3n-300x225.jpg 300w, https:\/\/inces.gob.ve\/wp-content\/uploads\/2019\/04\/Inces-2-pasantes-de-comunicaci\u00f3n-768x576.jpg 768w, https:\/\/inces.gob.ve\/wp-content\/uploads\/2019\/04\/Inces-2-pasantes-de-comunicaci\u00f3n-136x102.jpg 136w\" sizes=\"auto, (max-width: 850px) 100vw, 850px\" \/><\/p>\n<p align=\"justify\"><span style=\"font-family: Arial,sans-serif;\"><span style=\"font-size: large;\">La labor de los pasantes en la unidad de comunicaci\u00f3n se ve reflejada en todas las actividades realizadas en los dos \u00faltimos meses, sin excusas asumieron las pautas de manera responsable y con esto demostraron la calidad formativa que obtienen en sus actividades acad\u00e9micas universitarias.<\/span><\/span><\/p>\n","protected":false},"excerpt":{"rendered":"<p>** El trabajo realizado en el Inces Vargas por los triunfadores de la Misi\u00f3n Sucre fue ejemplar y comprometido&#8230; \u00c9xito muchachos!<\/p>\n","protected":false},"author":15,"featured_media":26944,"comment_status":"closed","ping_status":"closed","sticky":false,"template":"","format":"standard","meta":{"footnotes":""},"categories":[2],"tags":[],"class_list":["post-26940","post","type-post","status-publish","format-standard","has-post-thumbnail","hentry","category-blog"],"_links":{"self":[{"href":"https:\/\/inces.gob.ve\/index.php\/wp-json\/wp\/v2\/posts\/26940","targetHints":{"allow":["GET"]}}],"collection":[{"href":"https:\/\/inces.gob.ve\/index.php\/wp-json\/wp\/v2\/posts"}],"about":[{"href":"https:\/\/inces.gob.ve\/index.php\/wp-json\/wp\/v2\/types\/post"}],"author":[{"embeddable":true,"href":"https:\/\/inces.gob.ve\/index.php\/wp-json\/wp\/v2\/users\/15"}],"replies":[{"embeddable":true,"href":"https:\/\/inces.gob.ve\/index.php\/wp-json\/wp\/v2\/comments?post=26940"}],"version-history":[{"count":2,"href":"https:\/\/inces.gob.ve\/index.php\/wp-json\/wp\/v2\/posts\/26940\/revisions"}],"predecessor-version":[{"id":26946,"href":"https:\/\/inces.gob.ve\/index.php\/wp-json\/wp\/v2\/posts\/26940\/revisions\/26946"}],"wp:featuredmedia":[{"embeddable":true,"href":"https:\/\/inces.gob.ve\/index.php\/wp-json\/wp\/v2\/media\/26944"}],"wp:attachment":[{"href":"https:\/\/inces.gob.ve\/index.php\/wp-json\/wp\/v2\/media?parent=26940"}],"wp:term":[{"taxonomy":"category","embeddable":true,"href":"https:\/\/inces.gob.ve\/index.php\/wp-json\/wp\/v2\/categories?post=26940"},{"taxonomy":"post_tag","embeddable":true,"href":"https:\/\/inces.gob.ve\/index.php\/wp-json\/wp\/v2\/tags?post=26940"}],"curies":[{"name":"wp","href":"https:\/\/api.w.org\/{rel}","templated":true}]}}