{"id":26958,"date":"2019-04-30T09:44:47","date_gmt":"2019-04-30T15:44:47","guid":{"rendered":"http:\/\/www.inces.gob.ve\/?p=26958"},"modified":"2020-05-28T20:29:01","modified_gmt":"2020-05-29T00:29:01","slug":"inces-nueva-esparta-alcanza-20-de-la-meta-establecida-durante-primeros-4-meses","status":"publish","type":"post","link":"https:\/\/inces.gob.ve\/index.php\/2019\/04\/30\/inces-nueva-esparta-alcanza-20-de-la-meta-establecida-durante-primeros-4-meses\/","title":{"rendered":"Inces Nueva Esparta alcanza 20% de la meta establecida durante primeros 4 meses"},"content":{"rendered":"<p class=\"western\" align=\"justify\"><span style=\"font-family: Arial,sans-serif;\"><span style=\"font-size: large;\"><i><b>** Se han realizado 180 cursos en diferentes \u00e1reas mediante los cuales se han capacitado a 3.180 participantes y sumando<\/b><\/i><\/span><\/span><\/p>\n<p class=\"western\" align=\"justify\">\n<!--more--><\/p>\n<p class=\"western\" align=\"justify\"><span style=\"font-family: Arial,sans-serif;\"><span style=\"font-size: large;\"><b>FRANCIS MORENO | Nueva Esparta<\/b><\/span><\/span><\/p>\n<p class=\"western\" align=\"justify\">\n<p class=\"western\" align=\"justify\"><span style=\"font-family: Arial,sans-serif;\"><span style=\"font-size: large;\">El Inces en Nueva Esparta ha logrado alcanzar durante estos primeros 4 meses del a\u00f1o un 20% de la meta anual establecida de 21 mil 523 participantes para este 2019. <\/span><\/span><\/p>\n<p class=\"western\" align=\"justify\"><span style=\"font-family: Arial,sans-serif;\"><span style=\"font-size: large;\">As\u00ed lo manifest\u00f3 Alex Andarcia, gerente regional del instituto de formaci\u00f3n, tras explicar de manera detallada que de las metas que se tienen previstas para el periodo anual ya se ha logrado una importante cifra en acreditaciones y formaciones. <\/span><\/span><\/p>\n<p class=\"western\" align=\"justify\"><span style=\"font-family: Arial,sans-serif;\"><span style=\"font-size: large;\"><img loading=\"lazy\" decoding=\"async\" class=\"aligncenter wp-image-26959 size-full\" src=\"http:\/\/www.inces.gob.ve\/wp-content\/uploads\/2019\/04\/Inces-3-meta-durante-primeros-meses-.jpg\" alt=\"\" width=\"850\" height=\"478\" srcset=\"https:\/\/inces.gob.ve\/wp-content\/uploads\/2019\/04\/Inces-3-meta-durante-primeros-meses-.jpg 850w, https:\/\/inces.gob.ve\/wp-content\/uploads\/2019\/04\/Inces-3-meta-durante-primeros-meses--300x169.jpg 300w, https:\/\/inces.gob.ve\/wp-content\/uploads\/2019\/04\/Inces-3-meta-durante-primeros-meses--768x432.jpg 768w\" sizes=\"auto, (max-width: 850px) 100vw, 850px\" \/><\/span><\/span><\/p>\n<p class=\"western\" align=\"justify\"><span style=\"font-family: Arial,sans-serif;\"><span style=\"font-size: large;\">Asimismo, apuntal\u00f3 que se han realizado 180 cursos en diferentes \u00e1reas mediante las cuales se han capacitado a 3.180 participantes, arrojando como resultado un total de 4.352 (incluyendo los que est\u00e1n en aula) hasta este mes que va finalizando. <\/span><\/span><\/p>\n<p class=\"western\" align=\"justify\"><span style=\"font-family: Arial,sans-serif;\"><span style=\"font-size: large;\">Adem\u00e1s de ello, Andarcia indic\u00f3 que mediante el Programa Nacional de Aprendizaje se han incorporado 1049 aprendices en distintos campos formativos, acci\u00f3n que seg\u00fan sus palabras \u201clos resultados obtenidos hasta ahora dan muestra del desempe\u00f1o que el equipo de trabajadores y trabajadoras del Inces realizan para capacitar a los neoespartanos\u201d. <\/span><\/span><\/p>\n<p class=\"western\" align=\"justify\"><span style=\"font-family: Arial,sans-serif;\"><span style=\"font-size: large;\"><img loading=\"lazy\" decoding=\"async\" class=\"aligncenter wp-image-26960 size-full\" src=\"http:\/\/www.inces.gob.ve\/wp-content\/uploads\/2019\/04\/Inces-2-meta-durante-primeros-meses-.jpg\" alt=\"\" width=\"850\" height=\"516\" srcset=\"https:\/\/inces.gob.ve\/wp-content\/uploads\/2019\/04\/Inces-2-meta-durante-primeros-meses-.jpg 850w, https:\/\/inces.gob.ve\/wp-content\/uploads\/2019\/04\/Inces-2-meta-durante-primeros-meses--300x182.jpg 300w, https:\/\/inces.gob.ve\/wp-content\/uploads\/2019\/04\/Inces-2-meta-durante-primeros-meses--768x466.jpg 768w\" sizes=\"auto, (max-width: 850px) 100vw, 850px\" \/><\/span><\/span><\/p>\n<p class=\"western\" align=\"justify\"><span style=\"font-family: Arial,sans-serif;\"><span style=\"font-size: large;\">Para finalizar, resalt\u00f3 que los diferentes centros de formaci\u00f3n socialista, ubicados en diferentes puntos de la entidad, como lo son Guaraguao en Porlamar, Pesquero la Playa en Los Cocos, JuanGriego, Construcci\u00f3n el Espinal en D\u00edaz, as\u00ed como el Luis Beltr\u00e1n Prieto Figueroa, contin\u00faan trabajando en los programas educativos que se manejan en el instituto para superar las metas propuestas . <\/span><\/span><\/p>\n<p class=\"western\" align=\"justify\">\n","protected":false},"excerpt":{"rendered":"<p>** Se han realizado 180 cursos en diferentes \u00e1reas mediante los cuales se han capacitado a 3.180 participantes y sumando<\/p>\n","protected":false},"author":15,"featured_media":26961,"comment_status":"closed","ping_status":"closed","sticky":false,"template":"","format":"standard","meta":{"footnotes":""},"categories":[2],"tags":[],"class_list":["post-26958","post","type-post","status-publish","format-standard","has-post-thumbnail","hentry","category-blog"],"_links":{"self":[{"href":"https:\/\/inces.gob.ve\/index.php\/wp-json\/wp\/v2\/posts\/26958","targetHints":{"allow":["GET"]}}],"collection":[{"href":"https:\/\/inces.gob.ve\/index.php\/wp-json\/wp\/v2\/posts"}],"about":[{"href":"https:\/\/inces.gob.ve\/index.php\/wp-json\/wp\/v2\/types\/post"}],"author":[{"embeddable":true,"href":"https:\/\/inces.gob.ve\/index.php\/wp-json\/wp\/v2\/users\/15"}],"replies":[{"embeddable":true,"href":"https:\/\/inces.gob.ve\/index.php\/wp-json\/wp\/v2\/comments?post=26958"}],"version-history":[{"count":1,"href":"https:\/\/inces.gob.ve\/index.php\/wp-json\/wp\/v2\/posts\/26958\/revisions"}],"predecessor-version":[{"id":26962,"href":"https:\/\/inces.gob.ve\/index.php\/wp-json\/wp\/v2\/posts\/26958\/revisions\/26962"}],"wp:featuredmedia":[{"embeddable":true,"href":"https:\/\/inces.gob.ve\/index.php\/wp-json\/wp\/v2\/media\/26961"}],"wp:attachment":[{"href":"https:\/\/inces.gob.ve\/index.php\/wp-json\/wp\/v2\/media?parent=26958"}],"wp:term":[{"taxonomy":"category","embeddable":true,"href":"https:\/\/inces.gob.ve\/index.php\/wp-json\/wp\/v2\/categories?post=26958"},{"taxonomy":"post_tag","embeddable":true,"href":"https:\/\/inces.gob.ve\/index.php\/wp-json\/wp\/v2\/tags?post=26958"}],"curies":[{"name":"wp","href":"https:\/\/api.w.org\/{rel}","templated":true}]}}