{"id":26989,"date":"2019-04-30T12:26:31","date_gmt":"2019-04-30T18:26:31","guid":{"rendered":"http:\/\/www.inces.gob.ve\/?p=26989"},"modified":"2020-05-28T20:29:01","modified_gmt":"2020-05-29T00:29:01","slug":"arte-y-ecologia-abrigan-centros-de-formacion-meridenos","status":"publish","type":"post","link":"https:\/\/inces.gob.ve\/index.php\/2019\/04\/30\/arte-y-ecologia-abrigan-centros-de-formacion-meridenos\/","title":{"rendered":"Arte y ecolog\u00eda abrigan centros de formaci\u00f3n meride\u00f1os"},"content":{"rendered":"<p class=\"western\" align=\"justify\"><span style=\"font-family: Arial,sans-serif;\"><span style=\"font-size: large;\"><i><b>** Tambi\u00e9n se cuenta una reserva in situ de los recursos filogen\u00e9ticos y con los bancos gen\u00e9ticos de semillas con fines alimentarios-medicinales para la restauraci\u00f3n de los ciclos ecol\u00f3gicos propios de la localidad<\/b><\/i><\/span><\/span><\/p>\n<p class=\"western\" align=\"justify\">\n<!--more--><\/p>\n<p class=\"western\" align=\"justify\"><span style=\"font-family: Arial,sans-serif;\"><span style=\"font-size: large;\"><b>NADIA LOBO| M\u00e9rida<\/b><\/span><\/span><\/p>\n<p class=\"western\" align=\"justify\">\n<p class=\"western\" align=\"justify\"><span style=\"font-family: Arial,sans-serif;\"><span style=\"font-size: large;\">Los centros de formaci\u00f3n socialista (CFS) Bicentenario y Eli\u00e9zer Otaiza del Inces M\u00e9rida, han sido objeto de mejoramiento art\u00edstico de los ambientes de aprendizaje para la din\u00e1mica formativa y productiva, para el disfrute sensorial de los sujetos protag\u00f3nicos que hacen vida en estos espacios\u201d.<\/span><\/span><\/p>\n<p class=\"western\" align=\"justify\"><span style=\"font-family: Arial,sans-serif;\"><span style=\"font-size: large;\">As\u00ed lo dio a conocer la gerente regional del Inces, Yvonne Pirela, quien destac\u00f3 el trabajo que ha venido desarrollando Arnaldo M\u00e1rquez, jefe de la Unidad de Formaci\u00f3n Profesional, quien lidera los proyectos de mejoramiento, aplicando su creatividad como ecologista, dise\u00f1ador de espacios interiores y arquitecto de paisajes, en la que viene reuniendo el talento de varios artistas meride\u00f1os que se suman a su propuesta educativa cultural. <\/span><\/span><\/p>\n<p class=\"western\" align=\"justify\"><span style=\"font-family: Arial,sans-serif;\"><span style=\"font-size: large;\">Destac\u00f3 que el caso del CFS Bicentenario, ubicado en la parroquia J.J. Osuna Rodr\u00edguez de la ciudad de M\u00e9rida, logra reunir una colecci\u00f3n de piezas de arte, en sus espacios formativos-productivos, para exaltar los valores culturales, hist\u00f3ricos y ambientales venezolanos, como lo son las obras donadas por la \u201cFundaci\u00f3n Salud Para Todos\u201d, que constan de una bell\u00edsima gigantograf\u00eda en t\u00e9cnica mixta de acr\u00edlicos y acuarelas, como r\u00e9plica de la entrada del Libertador a Caracas, que le da vida al merendero del centro.<\/span><\/span><\/p>\n<p class=\"western\" align=\"justify\"><span style=\"font-family: Arial,sans-serif;\"><span style=\"font-size: large;\">Por otra parte, la colecci\u00f3n de pinturas \u201cGaler\u00eda de \u00c1rboles Emblem\u00e1ticos de Venezuela\u201d, en t\u00e9cnica de acuarela y crey\u00f3n, donadas por Arnaldo M\u00e1rquez, junto a la obra mural \u201cBol\u00edvar Conservacionista\u201d del artista pl\u00e1stico Carlos Serrano, brindan al sal\u00f3n principal de clases de dicho centro un hermoso colorido y lo convierten en un ambiente acogedor.<\/span><\/span><\/p>\n<p class=\"western\" align=\"justify\"><span style=\"font-family: Arial,sans-serif;\"><span style=\"font-size: large;\">Asimismo, el CFS Eli\u00e9zer Otaiza, jurisdicci\u00f3n de la ciudad de M\u00e9rida, cont\u00f3 con la donaci\u00f3n de la \u201cFundaci\u00f3n Salud para Todos\u201d, de piezas en cer\u00e1mica policromada con motivos ancestrales culinarios \u201cGente de Ma\u00edz\u201d de la artista pl\u00e1stico Nydia Castrillo y tallas en madera del maestro Melesio Trejo, que le dan vida a la se\u00f1al\u00e9tica del circuito formativo en gastronom\u00eda, junto al mural \u201ccaf\u00e9 venezolano\u201d desarrollado por los hermanos Carlos y \u00c1ngel Contreras en el merendero del centro formativo. De igual manera, la infograf\u00eda de los tipos de caf\u00e9 desarrollado por el joven Chef Antony Contreras y el mural del cacao venezolano desarrollado por el artista pl\u00e1stico y tambi\u00e9n maestro t\u00e9cnico productivo (MTP), Carlos Serrano. <\/span><\/span><\/p>\n<p class=\"western\" align=\"justify\"><a name=\"_GoBack\"><\/a>\u201c<span style=\"font-family: Arial,sans-serif;\"><span style=\"font-size: large;\">Dichas iniciativas se conjugan con la puesta en valor de las \u00e1reas exteriores de ambos centros formativos, que cuentan con un dise\u00f1o paisaj\u00edstico de Arnaldo M\u00e1rquez, con manejo volum\u00e9trico y crom\u00e1tico vegetal para el desarrollo de una galer\u00eda viva de plantas culinarias donadas tambi\u00e9n por la \u201cFundaci\u00f3n Salud para Todos\u201d, que se constituyen en una reserva <i>in situ<\/i> de los recursos filogen\u00e9ticos para la alimentaci\u00f3n y la salud, con el establecimiento de bancos gen\u00e9ticos con fines alimentarios-medicinales para la restauraci\u00f3n de los ciclos ecol\u00f3gicos propios la localidad, contando con la valiosa participaci\u00f3n de los maestros en agroecolog\u00eda Melesio Trejo y Humberto Parra\u201d, explic\u00f3 la titular del Inces.<\/span><\/span><\/p>\n<p class=\"western\" align=\"justify\">\n<p class=\"western\" align=\"justify\">\n","protected":false},"excerpt":{"rendered":"<p>** Tambi\u00e9n se cuenta una reserva in situ de los recursos filogen\u00e9ticos y con los bancos gen\u00e9ticos de semillas con fines alimentarios-medicinales para la restauraci\u00f3n de los ciclos ecol\u00f3gicos propios de la localidad<\/p>\n","protected":false},"author":15,"featured_media":26990,"comment_status":"closed","ping_status":"closed","sticky":false,"template":"","format":"standard","meta":{"footnotes":""},"categories":[2],"tags":[],"class_list":["post-26989","post","type-post","status-publish","format-standard","has-post-thumbnail","hentry","category-blog"],"_links":{"self":[{"href":"https:\/\/inces.gob.ve\/index.php\/wp-json\/wp\/v2\/posts\/26989","targetHints":{"allow":["GET"]}}],"collection":[{"href":"https:\/\/inces.gob.ve\/index.php\/wp-json\/wp\/v2\/posts"}],"about":[{"href":"https:\/\/inces.gob.ve\/index.php\/wp-json\/wp\/v2\/types\/post"}],"author":[{"embeddable":true,"href":"https:\/\/inces.gob.ve\/index.php\/wp-json\/wp\/v2\/users\/15"}],"replies":[{"embeddable":true,"href":"https:\/\/inces.gob.ve\/index.php\/wp-json\/wp\/v2\/comments?post=26989"}],"version-history":[{"count":1,"href":"https:\/\/inces.gob.ve\/index.php\/wp-json\/wp\/v2\/posts\/26989\/revisions"}],"predecessor-version":[{"id":26991,"href":"https:\/\/inces.gob.ve\/index.php\/wp-json\/wp\/v2\/posts\/26989\/revisions\/26991"}],"wp:featuredmedia":[{"embeddable":true,"href":"https:\/\/inces.gob.ve\/index.php\/wp-json\/wp\/v2\/media\/26990"}],"wp:attachment":[{"href":"https:\/\/inces.gob.ve\/index.php\/wp-json\/wp\/v2\/media?parent=26989"}],"wp:term":[{"taxonomy":"category","embeddable":true,"href":"https:\/\/inces.gob.ve\/index.php\/wp-json\/wp\/v2\/categories?post=26989"},{"taxonomy":"post_tag","embeddable":true,"href":"https:\/\/inces.gob.ve\/index.php\/wp-json\/wp\/v2\/tags?post=26989"}],"curies":[{"name":"wp","href":"https:\/\/api.w.org\/{rel}","templated":true}]}}