{"id":27098,"date":"2019-05-02T09:17:26","date_gmt":"2019-05-02T15:17:26","guid":{"rendered":"http:\/\/www.inces.gob.ve\/?p=27098"},"modified":"2020-05-28T20:29:01","modified_gmt":"2020-05-29T00:29:01","slug":"lenguaje-de-senasse-planifica-perfil-productivo-en-lenguaje-de-senas-para-personal-de-seguridad-y-las-recepcionistas-inces-sede","status":"publish","type":"post","link":"https:\/\/inces.gob.ve\/index.php\/2019\/05\/02\/lenguaje-de-senasse-planifica-perfil-productivo-en-lenguaje-de-senas-para-personal-de-seguridad-y-las-recepcionistas-inces-sede\/","title":{"rendered":"Planifican perfil productivo en lenguaje de se\u00f1as para personal de Seguridad y las recepcionistas Inces sede"},"content":{"rendered":"<p align=\"justify\"><span style=\"font-family: Arial,sans-serif;\"><span style=\"font-size: large;\"><b>*<i>* <\/i><i>La propuesta piloto ha sido muy bien recibida especialmente por su car\u00e1cter humanitario, solidario y sensible, lo cual caracteriza a la actual administraci\u00f3n del instituto<\/i><\/b><\/span><\/span><!--more--><\/p>\n<p align=\"justify\"><span style=\"font-family: Arial,sans-serif;\"><span style=\"font-size: large;\"><b>Ivaldo Rodr\u00edguez | Prensa Inces sede<\/b><\/span><\/span><\/p>\n<p align=\"justify\"><span style=\"font-family: Arial,sans-serif;\"><span style=\"font-size: large;\"><b>Fotos: Jos\u00e9 Rosario Acosta<\/b><\/span><\/span><\/p>\n<p align=\"justify\"><span style=\"font-family: Arial,sans-serif;\"><span style=\"font-size: large;\">Con el prop\u00f3sito de desarrollar un perfil productivo dentro del singular mundo de los lenguajes de se\u00f1as venezolano especialmente para sordos y luego consolidar un programa de formaci\u00f3n en la materia dirigido a las recepcionistas del edificio sede del instituto y al personal de la Gerencia de Seguridad en general, se llev\u00f3 a cabo una primera reuni\u00f3n exploradora donde parte de los potenciales participantes intercambiaron ideas con la coordinadora del Programa y personal adscrito a Formaci\u00f3n Profesional, Nelvis Fern\u00e1ndez.<\/span><\/span><\/p>\n<p align=\"justify\"><span style=\"font-family: Arial,sans-serif;\"><span style=\"font-size: large;\">Dejando en claro que se trata de una experiencia piloto que bien pudiera expandirse al resto del pa\u00eds, se confirm\u00f3 que est\u00e1 por iniciar el proceso de caracterizaci\u00f3n para alcanzar un diagn\u00f3stico certero y dimensionar as\u00ed el tama\u00f1o del compromiso por asumir.<\/span><\/span><\/p>\n<p align=\"justify\"><span style=\"font-family: Arial,sans-serif;\"><span style=\"font-size: large;\"><img loading=\"lazy\" decoding=\"async\" class=\"aligncenter wp-image-27101 size-full\" src=\"http:\/\/www.inces.gob.ve\/wp-content\/uploads\/2019\/05\/Inces-3-lenguaje-de-se\u00f1as.jpg\" alt=\"\" width=\"850\" height=\"553\" srcset=\"https:\/\/inces.gob.ve\/wp-content\/uploads\/2019\/05\/Inces-3-lenguaje-de-se\u00f1as.jpg 850w, https:\/\/inces.gob.ve\/wp-content\/uploads\/2019\/05\/Inces-3-lenguaje-de-se\u00f1as-300x195.jpg 300w, https:\/\/inces.gob.ve\/wp-content\/uploads\/2019\/05\/Inces-3-lenguaje-de-se\u00f1as-768x500.jpg 768w\" sizes=\"auto, (max-width: 850px) 100vw, 850px\" \/><\/span><\/span><\/p>\n<p align=\"justify\"><span style=\"font-family: Arial,sans-serif;\"><span style=\"font-size: large;\">A todas luces se aprecia la iniciativa como un proyecto inclusivo revestido de una gran carga de sensibilidad social y apoyo a los m\u00e1s necesitados que en un futuro podr\u00edan comunicarse con mayor fluidez y comodidad dentro de nuestras instalaciones.<\/span><\/span><\/p>\n<p align=\"justify\"><span style=\"font-family: Arial,sans-serif;\"><span style=\"font-size: large;\">Los enlaces institucionales apenas comienzan, pero se prev\u00e9 establecer contactos con instituciones como el Ministerio del Trabajo y el <\/span><\/span><span style=\"font-family: Arial,sans-serif;\"><span style=\"font-size: large;\">Consejo Nacional para las Personas con Discapacidad <\/span><\/span><span style=\"font-family: Arial,sans-serif;\"><span style=\"font-size: large;\">(<\/span><\/span><em><span style=\"font-family: Arial,sans-serif;\"><span style=\"font-size: large;\">Conapdis).<\/span><\/span><\/em><\/p>\n<p align=\"justify\"><em><span style=\"font-family: Arial,sans-serif;\"><span style=\"font-size: large;\">Un primer an\u00e1lisis sugiere que se trabajar\u00edan los primeros registros del lenguaje de se\u00f1as venezolano para cerca de 45 personas de la Gerencia General de Seguridad, en tandas de dos horas semanales hasta alcanzar un conglomerado de 120 horas.<\/span><\/span><\/em><\/p>\n<p align=\"justify\"><em><span style=\"font-family: Arial,sans-serif;\"><span style=\"font-size: large;\"><img loading=\"lazy\" decoding=\"async\" class=\"aligncenter wp-image-27099 size-full\" src=\"http:\/\/www.inces.gob.ve\/wp-content\/uploads\/2019\/05\/Inces-4-lenguaje-de-se\u00f1as.jpg\" alt=\"\" width=\"850\" height=\"544\" srcset=\"https:\/\/inces.gob.ve\/wp-content\/uploads\/2019\/05\/Inces-4-lenguaje-de-se\u00f1as.jpg 850w, https:\/\/inces.gob.ve\/wp-content\/uploads\/2019\/05\/Inces-4-lenguaje-de-se\u00f1as-300x192.jpg 300w, https:\/\/inces.gob.ve\/wp-content\/uploads\/2019\/05\/Inces-4-lenguaje-de-se\u00f1as-768x492.jpg 768w\" sizes=\"auto, (max-width: 850px) 100vw, 850px\" \/><\/span><\/span><\/em><\/p>\n<p align=\"justify\"><em><span style=\"font-family: Arial,sans-serif;\"><span style=\"font-size: large;\">La idea ha sido muy bien recibida por todos los involucrados, <\/span><\/span><\/em><em><span style=\"font-family: Arial,sans-serif;\"><span style=\"font-size: large;\">principalmente por el apoyo <\/span><\/span><\/em><em><span style=\"font-family: Arial,sans-serif;\"><span style=\"font-size: large;\">y el significado humanitario que tiene la propuesta de la cual seguiremos informando en la medida en que comience<\/span><\/span><\/em><em><span style=\"font-family: Arial,sans-serif;\"><span style=\"font-size: large;\">n<\/span><\/span><\/em><em><span style=\"font-family: Arial,sans-serif;\"><span style=\"font-size: large;\"> a producirse avances.<\/span><\/span><\/em><\/p>\n","protected":false},"excerpt":{"rendered":"<p>** La propuesta piloto ha sido muy bien recibida especialmente por su car\u00e1cter humanitario, solidario y sensible, lo cual caracteriza a la actual administraci\u00f3n del instituto<\/p>\n","protected":false},"author":15,"featured_media":27100,"comment_status":"closed","ping_status":"closed","sticky":false,"template":"","format":"standard","meta":{"footnotes":""},"categories":[2],"tags":[],"class_list":["post-27098","post","type-post","status-publish","format-standard","has-post-thumbnail","hentry","category-blog"],"_links":{"self":[{"href":"https:\/\/inces.gob.ve\/index.php\/wp-json\/wp\/v2\/posts\/27098","targetHints":{"allow":["GET"]}}],"collection":[{"href":"https:\/\/inces.gob.ve\/index.php\/wp-json\/wp\/v2\/posts"}],"about":[{"href":"https:\/\/inces.gob.ve\/index.php\/wp-json\/wp\/v2\/types\/post"}],"author":[{"embeddable":true,"href":"https:\/\/inces.gob.ve\/index.php\/wp-json\/wp\/v2\/users\/15"}],"replies":[{"embeddable":true,"href":"https:\/\/inces.gob.ve\/index.php\/wp-json\/wp\/v2\/comments?post=27098"}],"version-history":[{"count":2,"href":"https:\/\/inces.gob.ve\/index.php\/wp-json\/wp\/v2\/posts\/27098\/revisions"}],"predecessor-version":[{"id":27103,"href":"https:\/\/inces.gob.ve\/index.php\/wp-json\/wp\/v2\/posts\/27098\/revisions\/27103"}],"wp:featuredmedia":[{"embeddable":true,"href":"https:\/\/inces.gob.ve\/index.php\/wp-json\/wp\/v2\/media\/27100"}],"wp:attachment":[{"href":"https:\/\/inces.gob.ve\/index.php\/wp-json\/wp\/v2\/media?parent=27098"}],"wp:term":[{"taxonomy":"category","embeddable":true,"href":"https:\/\/inces.gob.ve\/index.php\/wp-json\/wp\/v2\/categories?post=27098"},{"taxonomy":"post_tag","embeddable":true,"href":"https:\/\/inces.gob.ve\/index.php\/wp-json\/wp\/v2\/tags?post=27098"}],"curies":[{"name":"wp","href":"https:\/\/api.w.org\/{rel}","templated":true}]}}