{"id":27532,"date":"2019-05-07T09:46:22","date_gmt":"2019-05-07T15:46:22","guid":{"rendered":"http:\/\/www.inces.gob.ve\/?p=27532"},"modified":"2020-05-28T20:29:00","modified_gmt":"2020-05-29T00:29:00","slug":"inces-tachira-activo-en-gobierno-de-calle","status":"publish","type":"post","link":"https:\/\/inces.gob.ve\/index.php\/2019\/05\/07\/inces-tachira-activo-en-gobierno-de-calle\/","title":{"rendered":"Inces T\u00e1chira activo en Gobierno de Calle"},"content":{"rendered":"<p class=\"western\" style=\"text-align: justify;\" align=\"justify\"><span style=\"font-family: arial,helvetica,sans-serif;\"><i><b>** Atendiendo al pueblo andino<\/b><\/i><\/span><\/p>\n<p class=\"western\" style=\"text-align: justify;\" align=\"justify\"><!--more--><\/p>\n<p class=\"western\" style=\"text-align: justify;\" align=\"justify\"><span style=\"font-family: arial,helvetica,sans-serif;\"><b>T\u00c1CHIRA<\/b><\/span><\/p>\n<p class=\"western\" style=\"text-align: justify;\" align=\"justify\"><span style=\"font-family: arial,helvetica,sans-serif;\">Desde las instalaciones de la Escuela Bustamante, del municipio San Crist\u00f3bal, \u201cGobernando con el Pueblo\u201d es una iniciativa de m\u00e1s de 35 instituciones del gobierno bolivariano, articulado junto con el Estado Mayor y el Gabinete Social del protectorado del estado T\u00e1chira para beneficio de toda la colectividad.<\/span><\/p>\n<p class=\"western\" style=\"text-align: justify;\" align=\"justify\">\n<p class=\"western\" style=\"text-align: justify;\" align=\"justify\"><span style=\"font-family: arial,helvetica,sans-serif;\">Actividad que cada viernes se despliega en diversos puntos del estado T\u00e1chira con el objetivo de atender a los habitantes andinos; adem\u00e1s de brindar asesor\u00eda sobre los distintas misiones y grandes misiones impulsadas por el presidente Nicol\u00e1s Maduro Moros.<\/span><\/p>\n<p class=\"western\" style=\"text-align: justify;\" align=\"justify\"><img loading=\"lazy\" decoding=\"async\" class=\"aligncenter wp-image-27535 size-full\" src=\"http:\/\/www.inces.gob.ve\/wp-content\/uploads\/2019\/05\/Inces-1-Gobierno-de-Calle-.jpeg\" alt=\"\" width=\"850\" height=\"638\" srcset=\"https:\/\/inces.gob.ve\/wp-content\/uploads\/2019\/05\/Inces-1-Gobierno-de-Calle-.jpeg 850w, https:\/\/inces.gob.ve\/wp-content\/uploads\/2019\/05\/Inces-1-Gobierno-de-Calle--300x225.jpeg 300w, https:\/\/inces.gob.ve\/wp-content\/uploads\/2019\/05\/Inces-1-Gobierno-de-Calle--768x576.jpeg 768w, https:\/\/inces.gob.ve\/wp-content\/uploads\/2019\/05\/Inces-1-Gobierno-de-Calle--136x102.jpeg 136w\" sizes=\"auto, (max-width: 850px) 100vw, 850px\" \/><\/p>\n<p class=\"western\" style=\"text-align: justify;\" align=\"justify\"><span style=\"font-family: arial,helvetica,sans-serif;\">As\u00ed, el Inces T\u00e1chira dio a conocer una muestra productiva de las formaciones que realiza en el centro de formaci\u00f3n socialista (CFS) San Crist\u00f3bal, como lo es la reparaci\u00f3n de bombillos ahorradores. Asimismo, se llev\u00f3 a cabo la captaci\u00f3n de j\u00f3venes para su posible incorporaci\u00f3n al Programa Nacional de Aprendizaje (PNA) y Bachilleres Productivos.<\/span><\/p>\n<p class=\"western\" style=\"text-align: justify;\" align=\"justify\">\n<p class=\"western\" style=\"text-align: justify;\" align=\"justify\"><span style=\"font-family: arial,helvetica,sans-serif;\">Geovanni Gonz\u00e1lez, gerente del Inces regional, resalt\u00f3 que en conjunto con el estado mayor social y el gabinete social del protectorado del estado T\u00e1chira atendieron a la comunidad de la Ermita y sus alrededores, \u201ccumpliendo con las orientaciones de nuestro presidente Obrero, esta es la quinta jornada social que se organiza en beneficio de nuestro noble pueblo. Ya se ven los resultados del trabajo en unidad para librar esta batalla en victoria, felicitaciones a las m\u00e1s de 35 instituciones que hacemos parte de este gran equipo\u201d.<\/span><\/p>\n<p class=\"western\" style=\"text-align: justify;\" align=\"justify\">\n<img loading=\"lazy\" decoding=\"async\" class=\"aligncenter wp-image-27533 size-full\" src=\"http:\/\/www.inces.gob.ve\/wp-content\/uploads\/2019\/05\/Inces-3-Gobierno-de-Calle-.jpeg\" alt=\"\" width=\"850\" height=\"1133\" srcset=\"https:\/\/inces.gob.ve\/wp-content\/uploads\/2019\/05\/Inces-3-Gobierno-de-Calle-.jpeg 850w, https:\/\/inces.gob.ve\/wp-content\/uploads\/2019\/05\/Inces-3-Gobierno-de-Calle--225x300.jpeg 225w, https:\/\/inces.gob.ve\/wp-content\/uploads\/2019\/05\/Inces-3-Gobierno-de-Calle--768x1024.jpeg 768w, https:\/\/inces.gob.ve\/wp-content\/uploads\/2019\/05\/Inces-3-Gobierno-de-Calle--576x768.jpeg 576w\" sizes=\"auto, (max-width: 850px) 100vw, 850px\" \/><\/p>\n<p class=\"western\" style=\"text-align: justify;\" align=\"justify\"><span style=\"font-family: arial,helvetica,sans-serif;\">Para finalizar Gonz\u00e1lez, manifest\u00f3 el apoyo contundente de la familia del Inces-Tachira con el fin de defender nuestro patrimonio y soberan\u00eda\u2026 Leales Siempre, Traidores Nunca.<\/span><\/p>\n<p class=\"western\" style=\"text-align: justify;\" align=\"justify\">\n<p class=\"western\" align=\"justify\">\n","protected":false},"excerpt":{"rendered":"<p>** Atendiendo al pueblo andino<\/p>\n","protected":false},"author":15,"featured_media":27534,"comment_status":"closed","ping_status":"closed","sticky":false,"template":"","format":"standard","meta":{"footnotes":""},"categories":[2],"tags":[],"class_list":["post-27532","post","type-post","status-publish","format-standard","has-post-thumbnail","hentry","category-blog"],"_links":{"self":[{"href":"https:\/\/inces.gob.ve\/index.php\/wp-json\/wp\/v2\/posts\/27532","targetHints":{"allow":["GET"]}}],"collection":[{"href":"https:\/\/inces.gob.ve\/index.php\/wp-json\/wp\/v2\/posts"}],"about":[{"href":"https:\/\/inces.gob.ve\/index.php\/wp-json\/wp\/v2\/types\/post"}],"author":[{"embeddable":true,"href":"https:\/\/inces.gob.ve\/index.php\/wp-json\/wp\/v2\/users\/15"}],"replies":[{"embeddable":true,"href":"https:\/\/inces.gob.ve\/index.php\/wp-json\/wp\/v2\/comments?post=27532"}],"version-history":[{"count":1,"href":"https:\/\/inces.gob.ve\/index.php\/wp-json\/wp\/v2\/posts\/27532\/revisions"}],"predecessor-version":[{"id":27536,"href":"https:\/\/inces.gob.ve\/index.php\/wp-json\/wp\/v2\/posts\/27532\/revisions\/27536"}],"wp:featuredmedia":[{"embeddable":true,"href":"https:\/\/inces.gob.ve\/index.php\/wp-json\/wp\/v2\/media\/27534"}],"wp:attachment":[{"href":"https:\/\/inces.gob.ve\/index.php\/wp-json\/wp\/v2\/media?parent=27532"}],"wp:term":[{"taxonomy":"category","embeddable":true,"href":"https:\/\/inces.gob.ve\/index.php\/wp-json\/wp\/v2\/categories?post=27532"},{"taxonomy":"post_tag","embeddable":true,"href":"https:\/\/inces.gob.ve\/index.php\/wp-json\/wp\/v2\/tags?post=27532"}],"curies":[{"name":"wp","href":"https:\/\/api.w.org\/{rel}","templated":true}]}}