{"id":27553,"date":"2019-05-07T12:43:51","date_gmt":"2019-05-07T18:43:51","guid":{"rendered":"http:\/\/www.inces.gob.ve\/?p=27553"},"modified":"2020-05-28T20:29:00","modified_gmt":"2020-05-29T00:29:00","slug":"inces-tachira-forja-alianza-con-cantv-para-formaciones-productivas","status":"publish","type":"post","link":"https:\/\/inces.gob.ve\/index.php\/2019\/05\/07\/inces-tachira-forja-alianza-con-cantv-para-formaciones-productivas\/","title":{"rendered":"Inces T\u00e1chira forja alianza con CANTV para formaciones productivas"},"content":{"rendered":"<p class=\"western\" align=\"justify\"><span style=\"font-family: Arial, sans-serif;\"><span style=\"font-size: large;\"><span lang=\"es-ES\"><i><b>** <\/b><\/i><\/span><i><b>Capacitando a la juventud venezolana <\/b><\/i><\/span><\/span><\/p>\n<p class=\"western\" align=\"justify\">\n<!--more--><\/p>\n<p class=\"western\" align=\"justify\"><span style=\"font-family: Arial, sans-serif;\"><span style=\"font-size: large;\"><b>T\u00c1CHIRA <\/b><\/span><\/span><\/p>\n<p class=\"western\" align=\"justify\"><span style=\"font-family: Arial, sans-serif;\"><span style=\"font-size: large;\">Forjando lazos interinstitucionales para el bienestar y satisfacci\u00f3n del pueblo andino, Inces T\u00e1chira articula con la Compa\u00f1\u00eda An\u00f3nima Nacional Tel\u00e9fonos Venezuela (CANTV) para dar inicio a las formaciones productivas.<\/span><\/span><\/p>\n<p class=\"western\" align=\"justify\">\n<p class=\"western\" align=\"justify\"><span style=\"font-family: Arial, sans-serif;\"><span style=\"font-size: large;\">Desde las instalaciones del centro de formaci\u00f3n socialista (CFS) Luis Beltr\u00e1n Pietro Figueroa, Geovanni Gonz\u00e1lez, gerente regional de la instituci\u00f3n, sostuvo una mesa de trabajo con Humberto Inciarte, gerente de CANTV, para crear lazos que permitan la recuperaci\u00f3n de modem, router, tarjetas electr\u00f3nicas, tel\u00e9fonos, entre otros equipos mediante las formaciones productivas.<\/span><\/span><\/p>\n<p class=\"western\" align=\"justify\"><span style=\"font-family: Arial, sans-serif;\"><span style=\"font-size: large;\"><img loading=\"lazy\" decoding=\"async\" class=\"aligncenter wp-image-27554 size-full\" src=\"http:\/\/www.inces.gob.ve\/wp-content\/uploads\/2019\/05\/Inces-3-formaciones-productivas-.jpg\" alt=\"\" width=\"650\" height=\"488\" srcset=\"https:\/\/inces.gob.ve\/wp-content\/uploads\/2019\/05\/Inces-3-formaciones-productivas-.jpg 650w, https:\/\/inces.gob.ve\/wp-content\/uploads\/2019\/05\/Inces-3-formaciones-productivas--300x225.jpg 300w, https:\/\/inces.gob.ve\/wp-content\/uploads\/2019\/05\/Inces-3-formaciones-productivas--136x102.jpg 136w\" sizes=\"auto, (max-width: 650px) 100vw, 650px\" \/><\/span><\/span><\/p>\n<p class=\"western\" align=\"justify\">\n<p class=\"western\" align=\"justify\"><span style=\"font-family: Arial, sans-serif;\"><span style=\"font-size: large;\">Gonz\u00e1lez, tambi\u00e9n gerente del centro de formaci\u00f3n, recalc\u00f3 que el Inces cuenta con todas las herramientas necesarias para formar a j\u00f3venes en la reparaci\u00f3n de equipos electr\u00f3nicos, \u201cnuestra instituci\u00f3n cuenta con laboratorios de electr\u00f3nica digital y telecomunicaciones, por eso el trabajo es formar y capacitar a toda la juventud tachirense\u201d.<\/span><\/span><\/p>\n<p class=\"western\" align=\"justify\">\n<p class=\"western\" align=\"justify\"><span style=\"font-family: Arial, sans-serif;\"><span style=\"font-size: large;\">Asimismo, el coordinador manifest\u00f3 que la formaci\u00f3n que se inicie estar\u00e1 vinculada a las brigadas productivas dando cumpliendo a los lineamientos emanados por el presidente del Inces, Wuikelman Angel Paredes: \u201cNuestro objetivo es que las formaciones est\u00e9n vinculadas a las \u00e1reas productivas, las cuales permitan la auto-gesti\u00f3n\u201d.<\/span><\/span><\/p>\n<p class=\"western\" align=\"justify\"><img loading=\"lazy\" decoding=\"async\" class=\"aligncenter wp-image-27555 size-full\" src=\"http:\/\/www.inces.gob.ve\/wp-content\/uploads\/2019\/05\/Inces-2-formaciones-productivas-.jpg\" alt=\"\" width=\"650\" height=\"488\" srcset=\"https:\/\/inces.gob.ve\/wp-content\/uploads\/2019\/05\/Inces-2-formaciones-productivas-.jpg 650w, https:\/\/inces.gob.ve\/wp-content\/uploads\/2019\/05\/Inces-2-formaciones-productivas--300x225.jpg 300w, https:\/\/inces.gob.ve\/wp-content\/uploads\/2019\/05\/Inces-2-formaciones-productivas--136x102.jpg 136w\" sizes=\"auto, (max-width: 650px) 100vw, 650px\" \/><\/p>\n<p class=\"western\" align=\"justify\"><span style=\"font-family: Arial, sans-serif;\"><span style=\"font-size: large;\">De igual manera, el gerente expres\u00f3 que \u201cesta alianza es muy importante ya que le permitir\u00e1 a nuestros participantes desempe\u00f1arse en diversos ambientes laborales y formarse para ser los multiplicadores de formadores de formadores\u201d. Asimismo, Gonz\u00e1lez extendi\u00f3n una invitaci\u00f3n a toda la colectividad tachirense a que se acerquen a las instalaciones del CFS San Crist\u00f3bal para incorporarse a las formaciones del Inces.<\/span><\/span><\/p>\n<p class=\"western\" align=\"justify\">\n","protected":false},"excerpt":{"rendered":"<p>** Capacitando a la juventud venezolana<\/p>\n","protected":false},"author":15,"featured_media":27556,"comment_status":"closed","ping_status":"closed","sticky":false,"template":"","format":"standard","meta":{"footnotes":""},"categories":[2],"tags":[],"class_list":["post-27553","post","type-post","status-publish","format-standard","has-post-thumbnail","hentry","category-blog"],"_links":{"self":[{"href":"https:\/\/inces.gob.ve\/index.php\/wp-json\/wp\/v2\/posts\/27553","targetHints":{"allow":["GET"]}}],"collection":[{"href":"https:\/\/inces.gob.ve\/index.php\/wp-json\/wp\/v2\/posts"}],"about":[{"href":"https:\/\/inces.gob.ve\/index.php\/wp-json\/wp\/v2\/types\/post"}],"author":[{"embeddable":true,"href":"https:\/\/inces.gob.ve\/index.php\/wp-json\/wp\/v2\/users\/15"}],"replies":[{"embeddable":true,"href":"https:\/\/inces.gob.ve\/index.php\/wp-json\/wp\/v2\/comments?post=27553"}],"version-history":[{"count":1,"href":"https:\/\/inces.gob.ve\/index.php\/wp-json\/wp\/v2\/posts\/27553\/revisions"}],"predecessor-version":[{"id":27557,"href":"https:\/\/inces.gob.ve\/index.php\/wp-json\/wp\/v2\/posts\/27553\/revisions\/27557"}],"wp:featuredmedia":[{"embeddable":true,"href":"https:\/\/inces.gob.ve\/index.php\/wp-json\/wp\/v2\/media\/27556"}],"wp:attachment":[{"href":"https:\/\/inces.gob.ve\/index.php\/wp-json\/wp\/v2\/media?parent=27553"}],"wp:term":[{"taxonomy":"category","embeddable":true,"href":"https:\/\/inces.gob.ve\/index.php\/wp-json\/wp\/v2\/categories?post=27553"},{"taxonomy":"post_tag","embeddable":true,"href":"https:\/\/inces.gob.ve\/index.php\/wp-json\/wp\/v2\/tags?post=27553"}],"curies":[{"name":"wp","href":"https:\/\/api.w.org\/{rel}","templated":true}]}}