{"id":27649,"date":"2019-05-10T06:59:29","date_gmt":"2019-05-10T12:59:29","guid":{"rendered":"http:\/\/www.inces.gob.ve\/?p=27649"},"modified":"2020-05-28T20:28:59","modified_gmt":"2020-05-29T00:28:59","slug":"inces-anzoategui-realizo-mesas-de-trabajo-con-el-objetivo-de-plantear-sus-aportes-al-gobierno-bolivariano","status":"publish","type":"post","link":"https:\/\/inces.gob.ve\/index.php\/2019\/05\/10\/inces-anzoategui-realizo-mesas-de-trabajo-con-el-objetivo-de-plantear-sus-aportes-al-gobierno-bolivariano\/","title":{"rendered":"Inces Anzo\u00e1tegui realiz\u00f3 mesas de trabajo con el objetivo de plantear sus aportes al gobierno bolivariano"},"content":{"rendered":"<p class=\"western\" align=\"justify\"><span style=\"font-family: Arial, sans-serif;\"><span style=\"font-size: large;\"><i><b>** La meta de esta jornada es incluir a todo nuestro pueblo en el avance y crecimiento de la revoluci\u00f3n bolivariana <\/b><\/i><\/span><\/span><!--more--><\/p>\n<p class=\"western\" align=\"justify\"><span style=\"font-family: Arial, sans-serif;\"><span style=\"font-size: large;\"><b>GLADYS MONGUA | Anzo\u00e1tegui <\/b><\/span><\/span><\/p>\n<p class=\"western\" align=\"justify\"><span style=\"font-family: Arial, sans-serif;\"><span style=\"font-size: large;\">Siguiendo los lineamientos establecidos por el presidente constitucional Nicol\u00e1s Maduro Moros, maestros, trabajadores y aprendices del Inces Anzo\u00e1tegui, se reunieron en el auditorio del centro de formaci\u00f3n socialista (CFS) \u201cEulalia Buroz\u201d, para llevar a cabo la jornada nacional de Di\u00e1logo, Acci\u00f3n y Propuesta.<\/span><\/span><\/p>\n<p class=\"western\" align=\"justify\"><span style=\"font-family: Arial, sans-serif;\"><span style=\"font-size: large;\">La gerente regional, Josdalia Torres, asegur\u00f3 que estas mesas de trabajo se realizaron en en los distintos CFS del estado con el fin de apoyar y dar un aporte positivo al gobierno revolucionario ademas de poder demostrar las ganas y valent\u00eda de defender el proceso.<img loading=\"lazy\" decoding=\"async\" class=\"aligncenter wp-image-27651 size-full\" src=\"http:\/\/www.inces.gob.ve\/wp-content\/uploads\/2019\/05\/Inces-2-aportes-al-gobierno-bolivariano-.jpg\" alt=\"\" width=\"850\" height=\"627\" srcset=\"https:\/\/inces.gob.ve\/wp-content\/uploads\/2019\/05\/Inces-2-aportes-al-gobierno-bolivariano-.jpg 850w, https:\/\/inces.gob.ve\/wp-content\/uploads\/2019\/05\/Inces-2-aportes-al-gobierno-bolivariano--300x221.jpg 300w, https:\/\/inces.gob.ve\/wp-content\/uploads\/2019\/05\/Inces-2-aportes-al-gobierno-bolivariano--768x567.jpg 768w\" sizes=\"auto, (max-width: 850px) 100vw, 850px\" \/><\/span><\/span><\/p>\n<p class=\"western\" align=\"justify\">\u201c<span style=\"font-family: Arial, sans-serif;\"><span style=\"font-size: large;\">Como instituci\u00f3n escuchamos y evaluamos propuestas que nos ayudar\u00e1n a seguir avanzando como patria y a la vez de responder el cuestionario establecido\u201d<\/span><\/span><\/p>\n<p class=\"western\" align=\"justify\"><span style=\"font-family: Arial, sans-serif;\"><span style=\"font-size: large;\"><br \/>\n<\/span><\/span><img loading=\"lazy\" decoding=\"async\" class=\"aligncenter wp-image-27652 size-full\" src=\"http:\/\/www.inces.gob.ve\/wp-content\/uploads\/2019\/05\/Inces-1-aportes-al-gobierno-bolivariano-.jpg\" alt=\"\" width=\"850\" height=\"637\" srcset=\"https:\/\/inces.gob.ve\/wp-content\/uploads\/2019\/05\/Inces-1-aportes-al-gobierno-bolivariano-.jpg 850w, https:\/\/inces.gob.ve\/wp-content\/uploads\/2019\/05\/Inces-1-aportes-al-gobierno-bolivariano--300x225.jpg 300w, https:\/\/inces.gob.ve\/wp-content\/uploads\/2019\/05\/Inces-1-aportes-al-gobierno-bolivariano--768x576.jpg 768w, https:\/\/inces.gob.ve\/wp-content\/uploads\/2019\/05\/Inces-1-aportes-al-gobierno-bolivariano--136x102.jpg 136w\" sizes=\"auto, (max-width: 850px) 100vw, 850px\" \/><\/p>\n<p class=\"western\" align=\"justify\"><span style=\"font-family: Arial, sans-serif;\"><span style=\"font-size: large;\">Torres indic\u00f3 que el siguiente paso despu\u00e9s de estos di\u00e1logos es sistematizar los aportes del Inces para luego ser entregados al presidente y dar inicio a lo que ser\u00e1n los cambios en revoluci\u00f3n.<\/span><\/span><\/p>\n<p class=\"western\" align=\"justify\"><span style=\"font-family: Arial, sans-serif;\"><span style=\"font-size: large;\"><img loading=\"lazy\" decoding=\"async\" class=\"aligncenter wp-image-27653 size-full\" src=\"http:\/\/www.inces.gob.ve\/wp-content\/uploads\/2019\/05\/Inces-4-aportes-al-gobierno-bolivariano-.jpg\" alt=\"\" width=\"850\" height=\"478\" srcset=\"https:\/\/inces.gob.ve\/wp-content\/uploads\/2019\/05\/Inces-4-aportes-al-gobierno-bolivariano-.jpg 850w, https:\/\/inces.gob.ve\/wp-content\/uploads\/2019\/05\/Inces-4-aportes-al-gobierno-bolivariano--300x169.jpg 300w, https:\/\/inces.gob.ve\/wp-content\/uploads\/2019\/05\/Inces-4-aportes-al-gobierno-bolivariano--768x432.jpg 768w\" sizes=\"auto, (max-width: 850px) 100vw, 850px\" \/><\/span><\/span><\/p>\n<p class=\"western\" lang=\"es-ES\" align=\"justify\"><span style=\"font-family: Arial, sans-serif;\"><span style=\"font-size: large;\">As\u00ed mismo durante estas reuniones se plantearon estrategias para incrementar el aprendizaje Inces en el pa\u00eds, aumentar el proceso productivo en los distintos \u00e1mbitos logrando generar empleo en la sociedad y resaltar el Programa Nacional de Aprendizaje. <\/span><\/span><\/p>\n","protected":false},"excerpt":{"rendered":"<p>** La meta de esta jornada es incluir a todo nuestro pueblo en el avance y crecimiento de la revoluci\u00f3n bolivariana<\/p>\n","protected":false},"author":15,"featured_media":27654,"comment_status":"closed","ping_status":"open","sticky":false,"template":"","format":"standard","meta":{"footnotes":""},"categories":[2],"tags":[],"class_list":["post-27649","post","type-post","status-publish","format-standard","has-post-thumbnail","hentry","category-blog"],"_links":{"self":[{"href":"https:\/\/inces.gob.ve\/index.php\/wp-json\/wp\/v2\/posts\/27649","targetHints":{"allow":["GET"]}}],"collection":[{"href":"https:\/\/inces.gob.ve\/index.php\/wp-json\/wp\/v2\/posts"}],"about":[{"href":"https:\/\/inces.gob.ve\/index.php\/wp-json\/wp\/v2\/types\/post"}],"author":[{"embeddable":true,"href":"https:\/\/inces.gob.ve\/index.php\/wp-json\/wp\/v2\/users\/15"}],"replies":[{"embeddable":true,"href":"https:\/\/inces.gob.ve\/index.php\/wp-json\/wp\/v2\/comments?post=27649"}],"version-history":[{"count":1,"href":"https:\/\/inces.gob.ve\/index.php\/wp-json\/wp\/v2\/posts\/27649\/revisions"}],"predecessor-version":[{"id":27655,"href":"https:\/\/inces.gob.ve\/index.php\/wp-json\/wp\/v2\/posts\/27649\/revisions\/27655"}],"wp:featuredmedia":[{"embeddable":true,"href":"https:\/\/inces.gob.ve\/index.php\/wp-json\/wp\/v2\/media\/27654"}],"wp:attachment":[{"href":"https:\/\/inces.gob.ve\/index.php\/wp-json\/wp\/v2\/media?parent=27649"}],"wp:term":[{"taxonomy":"category","embeddable":true,"href":"https:\/\/inces.gob.ve\/index.php\/wp-json\/wp\/v2\/categories?post=27649"},{"taxonomy":"post_tag","embeddable":true,"href":"https:\/\/inces.gob.ve\/index.php\/wp-json\/wp\/v2\/tags?post=27649"}],"curies":[{"name":"wp","href":"https:\/\/api.w.org\/{rel}","templated":true}]}}