{"id":27699,"date":"2019-05-10T10:11:27","date_gmt":"2019-05-10T16:11:27","guid":{"rendered":"http:\/\/www.inces.gob.ve\/?p=27699"},"modified":"2020-05-28T20:28:59","modified_gmt":"2020-05-29T00:28:59","slug":"marca-wadaka-abre-sus-puertas-para-ofrecer-servicios-gastronomicos-al-publico","status":"publish","type":"post","link":"https:\/\/inces.gob.ve\/index.php\/2019\/05\/10\/marca-wadaka-abre-sus-puertas-para-ofrecer-servicios-gastronomicos-al-publico\/","title":{"rendered":"Restaurante Wad\u00e4ka abre sus puertas para ofrecer servicios gastron\u00f3micos al p\u00fablico"},"content":{"rendered":"<p align=\"justify\"><span style=\"font-family: Arial, sans-serif;\"><span style=\"font-size: large;\"><i><b>** La marca estar\u00e1 pr\u00f3ximamente en otros 10 estados del pa\u00eds y se fortalecer\u00e1 como un mecanismo para el emprendimiento de la juventud <\/b><\/i><\/span><\/span><\/p>\n<p align=\"justify\"><!--more--><\/p>\n<p>\u00a0<\/p>\n<p align=\"justify\"><span style=\"font-family: Arial, sans-serif;\"><span style=\"font-size: large;\"><b>FREDDY MART\u00cdNEZ | Sede<\/b><\/span><\/span><\/p>\n<p align=\"justify\">\u00a0<\/p>\n<p align=\"justify\"><span style=\"font-family: Arial, sans-serif;\"><span style=\"font-size: large;\">En el marco de una alianza estrat\u00e9gica entre el sector privado, el comunal y el Inces, se inaugur\u00f3 el primer restaurante de la marca Wad\u00e4ka en el centro de formaci\u00f3n socialista (CFS) Gastron\u00f3mico Wad\u00e4ka, ubicado en la zona industrial, en la segunda transversal de Los Cortijos, en Caracas. <\/span><\/span><\/p>\n<p align=\"justify\">\u00a0<\/p>\n<p align=\"justify\"><span style=\"font-family: Arial, sans-serif;\"><span style=\"font-size: large;\">Con la apertura de esta unidad productiva y de la formaci\u00f3n t\u00e9cnica en el \u00e1rea de gastronom\u00eda y servicios de bar (Alta Cocina, Pasteler\u00eda, Dulcer\u00eda Criolla, Panader\u00eda, Cocteler\u00eda, entre otros), el Inces incorpora al trabajo productivo a un grupo de j\u00f3venes seg\u00fan la orientaci\u00f3n del presidente de la Rep\u00fablica, Nicol\u00e1s Maduro, de promover iniciativas para el emprendimiento y para el desarrollo de proyectos productivos. <\/span><\/span><\/p>\n<p align=\"justify\"><img loading=\"lazy\" decoding=\"async\" class=\"aligncenter wp-image-27673 size-full\" src=\"http:\/\/www.inces.gob.ve\/wp-content\/uploads\/2019\/05\/Inces-4-Wad\u00e4ka-servicios-gastron\u00f3micos-.jpg\" alt=\"\" width=\"850\" height=\"567\" srcset=\"https:\/\/inces.gob.ve\/wp-content\/uploads\/2019\/05\/Inces-4-Wad\u00e4ka-servicios-gastron\u00f3micos-.jpg 850w, https:\/\/inces.gob.ve\/wp-content\/uploads\/2019\/05\/Inces-4-Wad\u00e4ka-servicios-gastron\u00f3micos--300x200.jpg 300w, https:\/\/inces.gob.ve\/wp-content\/uploads\/2019\/05\/Inces-4-Wad\u00e4ka-servicios-gastron\u00f3micos--768x512.jpg 768w\" sizes=\"auto, (max-width: 850px) 100vw, 850px\" \/><\/p>\n<p>\u00a0<\/p>\n<p align=\"justify\"><span style=\"font-family: Arial, sans-serif;\"><span style=\"font-size: large;\">La inauguraci\u00f3n del restaurante Wad\u00e4ka estuvo a cargo de Wuikelman Angel, presidente del Inces, con el acompa\u00f1amiento de Juan Arias, viceministro de Desarrollo de Zonas Econ\u00f3micas Especiales y Producci\u00f3n Nacional. <\/span><\/span><\/p>\n<p align=\"justify\">\u00a0<\/p>\n<p align=\"justify\"><span style=\"font-family: Arial, sans-serif;\"><span style=\"font-size: large;\">Angel destac\u00f3 la obligaci\u00f3n de hacer de las instituciones p\u00fablicas eficientes entidades productivas, sobre todo el Inces que forma a la clase trabajadora para la producci\u00f3n, \u201cen ese sentido ponemos este esfuerzo en raz\u00f3n de las orientaciones del presidente Maduro, en funci\u00f3n de abrir espacios y crear mecanismos que permitan a los j\u00f3venes venezolanos formarse con est\u00e1ndares de calidad\u201d, se\u00f1al\u00f3.<\/span><\/span><\/p>\n<p align=\"justify\"><img loading=\"lazy\" decoding=\"async\" class=\"aligncenter wp-image-27669 size-full\" src=\"http:\/\/www.inces.gob.ve\/wp-content\/uploads\/2019\/05\/Inces-11-Wad\u00e4ka.jpg\" alt=\"\" width=\"850\" height=\"567\" srcset=\"https:\/\/inces.gob.ve\/wp-content\/uploads\/2019\/05\/Inces-11-Wad\u00e4ka.jpg 850w, https:\/\/inces.gob.ve\/wp-content\/uploads\/2019\/05\/Inces-11-Wad\u00e4ka-300x200.jpg 300w, https:\/\/inces.gob.ve\/wp-content\/uploads\/2019\/05\/Inces-11-Wad\u00e4ka-768x512.jpg 768w\" sizes=\"auto, (max-width: 850px) 100vw, 850px\" \/><\/p>\n<p>\u00a0<\/p>\n<p align=\"justify\"><span style=\"font-family: Arial, sans-serif;\"><span style=\"font-size: large;\">Por su parte, el viceministro Juan Arias expres\u00f3 que el Inces es una instituci\u00f3n de 60 a\u00f1os de experiencia en la formaci\u00f3n de los j\u00f3venes y celebr\u00f3 el nacimiento de una franquicia con un modelo de gesti\u00f3n p\u00fablico y privado. <\/span><\/span><\/p>\n<p align=\"justify\"><img loading=\"lazy\" decoding=\"async\" class=\"aligncenter wp-image-27674 size-full\" src=\"http:\/\/www.inces.gob.ve\/wp-content\/uploads\/2019\/05\/Inces-2-Wad\u00e4ka-servicios-gastron\u00f3micos-.jpg\" alt=\"\" width=\"850\" height=\"567\" srcset=\"https:\/\/inces.gob.ve\/wp-content\/uploads\/2019\/05\/Inces-2-Wad\u00e4ka-servicios-gastron\u00f3micos-.jpg 850w, https:\/\/inces.gob.ve\/wp-content\/uploads\/2019\/05\/Inces-2-Wad\u00e4ka-servicios-gastron\u00f3micos--300x200.jpg 300w, https:\/\/inces.gob.ve\/wp-content\/uploads\/2019\/05\/Inces-2-Wad\u00e4ka-servicios-gastron\u00f3micos--768x512.jpg 768w\" sizes=\"auto, (max-width: 850px) 100vw, 850px\" \/><\/p>\n<p>\u00a0<\/p>\n<p align=\"justify\">\u201c<span style=\"font-family: Arial, sans-serif;\"><span style=\"font-size: large;\">Creo que el pa\u00eds debe celebrar este tipo de acuerdos mixtos. Hay un grupo de empresarios que quieren trabajar con el gobierno, asimismo, el gobierno tiene el inter\u00e9s de trabajar con el sector privado. Todo el que quiera una patria en paz es bienvenido. Esta es una experiencia donde se demuestra que Venezuela marcha hacia adelante pues nadie puede evitar el progreso de la patria\u201d, coment\u00f3 Arias. <\/span><\/span><\/p>\n<p align=\"justify\">\u00a0<\/p>\n<p align=\"justify\"><span style=\"font-family: Arial, sans-serif;\"><span style=\"font-size: large;\">El vicepresidente agreg\u00f3 que el restaurant es una iniciativa que va a ofrecer servicios de manera econ\u00f3mica a muchos trabajadores de la zona de Los Cortijos y de Los Ruices, \u201cesta franquicia debe crecer\u201d, dijo. <\/span><\/span><\/p>\n<p align=\"justify\"><img loading=\"lazy\" decoding=\"async\" class=\"aligncenter wp-image-27671 size-full\" src=\"http:\/\/www.inces.gob.ve\/wp-content\/uploads\/2019\/05\/Inces-8-Wad\u00e4ka-servicios-gastron\u00f3micos-.jpg\" alt=\"\" width=\"850\" height=\"567\" srcset=\"https:\/\/inces.gob.ve\/wp-content\/uploads\/2019\/05\/Inces-8-Wad\u00e4ka-servicios-gastron\u00f3micos-.jpg 850w, https:\/\/inces.gob.ve\/wp-content\/uploads\/2019\/05\/Inces-8-Wad\u00e4ka-servicios-gastron\u00f3micos--300x200.jpg 300w, https:\/\/inces.gob.ve\/wp-content\/uploads\/2019\/05\/Inces-8-Wad\u00e4ka-servicios-gastron\u00f3micos--768x512.jpg 768w\" sizes=\"auto, (max-width: 850px) 100vw, 850px\" \/><\/p>\n<p>\u00a0<\/p>\n<p align=\"justify\"><span style=\"font-family: Arial, sans-serif;\"><span style=\"font-size: large;\">El titular del Inces agreg\u00f3 que la inauguraci\u00f3n del restaurante busca ofrecer servicios de calidad al p\u00fablico en este sector de la ciudad de Caracas, con el esp\u00edritu de convocar a los j\u00f3venes a formar parte de esta iniciativa. Adem\u00e1s, se\u00f1al\u00f3 que la instituci\u00f3n acompa\u00f1ar\u00e1 a la juventud, no solo con la formaci\u00f3n t\u00e9cnica, sino en la conformaci\u00f3n unidades productivas que puedan estructural sus cafetines o restaurantes en los urbanismos de la Misi\u00f3n Vivienda Venezuela, dijo como ejemplo. <\/span><\/span><\/p>\n<p align=\"justify\"><img loading=\"lazy\" decoding=\"async\" class=\"aligncenter wp-image-27670 size-full\" src=\"http:\/\/www.inces.gob.ve\/wp-content\/uploads\/2019\/05\/Inces-9-Wad\u00e4ka-servicios-gastron\u00f3micos-.jpg\" alt=\"\" width=\"850\" height=\"567\" srcset=\"https:\/\/inces.gob.ve\/wp-content\/uploads\/2019\/05\/Inces-9-Wad\u00e4ka-servicios-gastron\u00f3micos-.jpg 850w, https:\/\/inces.gob.ve\/wp-content\/uploads\/2019\/05\/Inces-9-Wad\u00e4ka-servicios-gastron\u00f3micos--300x200.jpg 300w, https:\/\/inces.gob.ve\/wp-content\/uploads\/2019\/05\/Inces-9-Wad\u00e4ka-servicios-gastron\u00f3micos--768x512.jpg 768w\" sizes=\"auto, (max-width: 850px) 100vw, 850px\" \/><\/p>\n<p>\u00a0<\/p>\n<p align=\"justify\"><span style=\"font-family: Arial, sans-serif;\"><span style=\"font-size: large;\"><b>Formaci\u00f3n productiva en todos los espacios y para todas las edades<\/b><\/span><\/span><\/p>\n<p align=\"justify\">\u00a0<\/p>\n<p align=\"justify\"><span style=\"font-family: Arial, sans-serif;\"><span style=\"font-size: large;\">Angel se\u00f1al\u00f3 que la marca Wad\u00e4ka \u201cya est\u00e1 ofreciendo sus servicios al p\u00fablico con un cafet\u00edn y una pasteler\u00eda ubicados en los espacios de la Unearte en Caracas, hoy inauguramos un local mayor en el CFS Wad\u00e4ka y tenemos previsto abrir otros locales de esta marca en diez estados del pa\u00eds\u201d. <\/span><\/span><\/p>\n<p align=\"justify\">\u00a0<\/p>\n<p align=\"justify\"><span style=\"font-family: Arial, sans-serif;\"><span style=\"font-size: large;\">Adem\u00e1s agreg\u00f3 la intenci\u00f3n de conformar una red de m\u00e1s de cincuenta unidades de producci\u00f3n de este tipo, donde adem\u00e1s de la producci\u00f3n se puede disfrutar de la gastronom\u00eda venezolana, bajo un m\u00e9todo de producci\u00f3n como la del CFS Wad\u00e4ka que opera con sus participantes y maestros bajo la l\u00f3gica del aprender-haciendo <\/span><\/span><\/p>\n<p align=\"justify\"><img loading=\"lazy\" decoding=\"async\" class=\"aligncenter wp-image-27669 size-full\" src=\"http:\/\/www.inces.gob.ve\/wp-content\/uploads\/2019\/05\/Inces-11-Wad\u00e4ka.jpg\" alt=\"\" width=\"850\" height=\"567\" srcset=\"https:\/\/inces.gob.ve\/wp-content\/uploads\/2019\/05\/Inces-11-Wad\u00e4ka.jpg 850w, https:\/\/inces.gob.ve\/wp-content\/uploads\/2019\/05\/Inces-11-Wad\u00e4ka-300x200.jpg 300w, https:\/\/inces.gob.ve\/wp-content\/uploads\/2019\/05\/Inces-11-Wad\u00e4ka-768x512.jpg 768w\" sizes=\"auto, (max-width: 850px) 100vw, 850px\" \/><\/p>\n<p>\u00a0<\/p>\n<p align=\"justify\"><span style=\"font-family: Arial, sans-serif;\"><span style=\"font-size: large;\">Por \u00faltimo, el presidente del Inces se\u00f1al\u00f3 la importancia de esta iniciativa enmarcada en el aniversario de los 60 a\u00f1os del Inces, y reiter\u00f3 la invitaci\u00f3n a los j\u00f3venes, con edades comprendidas entre los 14 a\u00f1os y los 18 a\u00f1os para que ingresen al Programa Nacional de Aprendizaje (PNA), as\u00ed como el llamado al resto de los j\u00f3venes de todas las edades para que ingresen al mundo del trabajo productivo. <\/span><\/span><\/p>\n<p align=\"justify\">\u00a0<\/p>\n\n","protected":false},"excerpt":{"rendered":"<p>** La marca estar\u00e1 pr\u00f3ximamente en otros 10 estados del pa\u00eds y se fortalecer\u00e1 como un mecanismo para el emprendimiento de la juventud<\/p>\n","protected":false},"author":15,"featured_media":27672,"comment_status":"closed","ping_status":"closed","sticky":false,"template":"","format":"standard","meta":{"footnotes":""},"categories":[2],"tags":[],"class_list":["post-27699","post","type-post","status-publish","format-standard","has-post-thumbnail","hentry","category-blog"],"_links":{"self":[{"href":"https:\/\/inces.gob.ve\/index.php\/wp-json\/wp\/v2\/posts\/27699","targetHints":{"allow":["GET"]}}],"collection":[{"href":"https:\/\/inces.gob.ve\/index.php\/wp-json\/wp\/v2\/posts"}],"about":[{"href":"https:\/\/inces.gob.ve\/index.php\/wp-json\/wp\/v2\/types\/post"}],"author":[{"embeddable":true,"href":"https:\/\/inces.gob.ve\/index.php\/wp-json\/wp\/v2\/users\/15"}],"replies":[{"embeddable":true,"href":"https:\/\/inces.gob.ve\/index.php\/wp-json\/wp\/v2\/comments?post=27699"}],"version-history":[{"count":3,"href":"https:\/\/inces.gob.ve\/index.php\/wp-json\/wp\/v2\/posts\/27699\/revisions"}],"predecessor-version":[{"id":27710,"href":"https:\/\/inces.gob.ve\/index.php\/wp-json\/wp\/v2\/posts\/27699\/revisions\/27710"}],"wp:featuredmedia":[{"embeddable":true,"href":"https:\/\/inces.gob.ve\/index.php\/wp-json\/wp\/v2\/media\/27672"}],"wp:attachment":[{"href":"https:\/\/inces.gob.ve\/index.php\/wp-json\/wp\/v2\/media?parent=27699"}],"wp:term":[{"taxonomy":"category","embeddable":true,"href":"https:\/\/inces.gob.ve\/index.php\/wp-json\/wp\/v2\/categories?post=27699"},{"taxonomy":"post_tag","embeddable":true,"href":"https:\/\/inces.gob.ve\/index.php\/wp-json\/wp\/v2\/tags?post=27699"}],"curies":[{"name":"wp","href":"https:\/\/api.w.org\/{rel}","templated":true}]}}