{"id":27700,"date":"2019-05-10T10:10:57","date_gmt":"2019-05-10T16:10:57","guid":{"rendered":"http:\/\/www.inces.gob.ve\/?p=27700"},"modified":"2020-05-28T20:28:59","modified_gmt":"2020-05-29T00:28:59","slug":"inces-efectuo-curso-para-mejorar-el-trabajo-de-funcionarios-de-la-alcaldia-y-del-concejo-de-marino","status":"publish","type":"post","link":"https:\/\/inces.gob.ve\/index.php\/2019\/05\/10\/inces-efectuo-curso-para-mejorar-el-trabajo-de-funcionarios-de-la-alcaldia-y-del-concejo-de-marino\/","title":{"rendered":"Inces efectu\u00f3 curso para mejorar el trabajo de funcionarios de la alcald\u00eda y del concejo de Mari\u00f1o"},"content":{"rendered":"<p align=\"justify\"><span style=\"font-family: arial, sans-serif;\"><span style=\"font-size: large;\"><i><b>** Comenzar\u00e1 una formaci\u00f3n adicional de Atenci\u00f3n al Usuario, con un grupo de 27 personas por cada turno, desde las 8 hasta hasta las 11 de la ma\u00f1ana y desde 12:30 del mediod\u00eda hasta las 3 de la tarde<\/b><\/i><\/span><\/span><!--more--><\/p>\n<p align=\"justify\">\n<p align=\"justify\"><span style=\"font-family: arial, sans-serif;\"><span style=\"font-size: large;\"><b>Francis Moreno | NUEVA ESPARTA <\/b><\/span><\/span><\/p>\n<p align=\"justify\"><span style=\"font-family: arial, sans-serif;\"><span style=\"font-size: large;\">El Instituto Nacional de Capacitaci\u00f3n y Educaci\u00f3n Socialista de Nueva Esparta concret\u00f3 el cierre del curso \u00abLiderazgo y Trabajo Efectivo en Equipo\u00bb que se aplic\u00f3 a 45 trabajadores de la alcald\u00eda de Mari\u00f1o, del Concejo Municipal y l\u00edderes de calle. <\/span><\/span><\/p>\n<p align=\"justify\">\n<p align=\"justify\"><span style=\"font-family: arial, sans-serif;\"><span style=\"font-size: large;\">El curso, articulado entre la instituci\u00f3n formativa Inces, alcald\u00eda de Mari\u00f1o y el Concejo Municipal, se llev\u00f3 a cabo con el objetivo de que las y los funcionarios adscritos a estos entes p\u00fablicos, desarrollen una mejor condici\u00f3n para trabajar en equipo, permiti\u00e9ndoles obtener crecimiento tanto personal como profesional y un mejor trato hacia los dem\u00e1s, desde cada uno de sus puestos laborales. <\/span><\/span><\/p>\n<p align=\"justify\">\n<p align=\"justify\"><span style=\"font-family: arial, sans-serif;\"><span style=\"font-size: large;\">El gerente del Inces, Alex Andarcia, refiri\u00f3 que los participantes quienes tuvieron una formaci\u00f3n de 25 horas a cargo de la maestra t\u00e9cnico Clementina Gonz\u00e1lez, siendo respaldados por la vicepresidenta del concejo municipal Ruth L\u00f3pez, van a dar de ahora en adelante lo mejor de ellos para que la instituci\u00f3n brinde una respuestas positiva desde cada unos de los espacios y ofreciendo buen trato a los dem\u00e1s.<\/span><\/span><\/p>\n<p align=\"justify\">\n<p align=\"justify\">\n<p align=\"justify\"><span style=\"font-family: arial, sans-serif;\"><span style=\"font-size: large;\">En ese sentido, Andarcia inform\u00f3 que comenzar\u00e1 otro curso adicional de Atenci\u00f3n al Usuario con un grupo de 27 personas por cada turno desde las 8 hasta las 11:00 de la ma\u00f1ana y desde las 12:30 del mediod\u00eda hasta las 3 de la tarde, en el Concejo del municipio Mari\u00f1o.<\/span><\/span><\/p>\n<p align=\"justify\">\n<p align=\"justify\"><span style=\"font-family: arial, sans-serif;\"><span style=\"font-size: large;\">Por su parte, el alcalde de Mari\u00f1o, Francisco Gonz\u00e1lez, acot\u00f3 que con la implementaci\u00f3n de la formaci\u00f3n se ha demostrado que los funcionarios pueden convivir sanamente sin importar las diferencias que puedan existir y de manera positiva avanzar y mejorar en el ambiente de trabajo en equipo. <\/span><\/span><\/p>\n<p align=\"justify\"><span style=\"font-family: arial, sans-serif;\"><span style=\"font-size: large;\">: Francis Moreno <\/span><\/span><\/p>\n","protected":false},"excerpt":{"rendered":"<p>** Comenzar\u00e1 una formaci\u00f3n adicional de Atenci\u00f3n al Usuario, con un grupo de 27 personas por cada turno, desde las 8 hasta hasta las 11 de la ma\u00f1ana y desde 12:30 del mediod\u00eda hasta las 3 de la tarde<\/p>\n","protected":false},"author":4,"featured_media":27701,"comment_status":"closed","ping_status":"open","sticky":false,"template":"","format":"standard","meta":{"footnotes":""},"categories":[2],"tags":[],"class_list":["post-27700","post","type-post","status-publish","format-standard","has-post-thumbnail","hentry","category-blog"],"_links":{"self":[{"href":"https:\/\/inces.gob.ve\/index.php\/wp-json\/wp\/v2\/posts\/27700","targetHints":{"allow":["GET"]}}],"collection":[{"href":"https:\/\/inces.gob.ve\/index.php\/wp-json\/wp\/v2\/posts"}],"about":[{"href":"https:\/\/inces.gob.ve\/index.php\/wp-json\/wp\/v2\/types\/post"}],"author":[{"embeddable":true,"href":"https:\/\/inces.gob.ve\/index.php\/wp-json\/wp\/v2\/users\/4"}],"replies":[{"embeddable":true,"href":"https:\/\/inces.gob.ve\/index.php\/wp-json\/wp\/v2\/comments?post=27700"}],"version-history":[{"count":3,"href":"https:\/\/inces.gob.ve\/index.php\/wp-json\/wp\/v2\/posts\/27700\/revisions"}],"predecessor-version":[{"id":27884,"href":"https:\/\/inces.gob.ve\/index.php\/wp-json\/wp\/v2\/posts\/27700\/revisions\/27884"}],"wp:featuredmedia":[{"embeddable":true,"href":"https:\/\/inces.gob.ve\/index.php\/wp-json\/wp\/v2\/media\/27701"}],"wp:attachment":[{"href":"https:\/\/inces.gob.ve\/index.php\/wp-json\/wp\/v2\/media?parent=27700"}],"wp:term":[{"taxonomy":"category","embeddable":true,"href":"https:\/\/inces.gob.ve\/index.php\/wp-json\/wp\/v2\/categories?post=27700"},{"taxonomy":"post_tag","embeddable":true,"href":"https:\/\/inces.gob.ve\/index.php\/wp-json\/wp\/v2\/tags?post=27700"}],"curies":[{"name":"wp","href":"https:\/\/api.w.org\/{rel}","templated":true}]}}