{"id":27834,"date":"2019-05-13T07:21:02","date_gmt":"2019-05-13T13:21:02","guid":{"rendered":"http:\/\/www.inces.gob.ve\/?p=27834"},"modified":"2020-05-28T20:28:59","modified_gmt":"2020-05-29T00:28:59","slug":"juventud-inceista-participo-en-jornada-nacional-de-dialogo-accion-y-propuestas-concretas","status":"publish","type":"post","link":"https:\/\/inces.gob.ve\/index.php\/2019\/05\/13\/juventud-inceista-participo-en-jornada-nacional-de-dialogo-accion-y-propuestas-concretas\/","title":{"rendered":"Juventud Inceista particip\u00f3 en Jornada Nacional de Di\u00e1logo, Acci\u00f3n y Propuestas concretas"},"content":{"rendered":"<p class=\"western\" align=\"justify\"><span style=\"font-family: Arial, sans-serif;\"><i><b><span style=\"font-size: large;\">* El pasado fin de semana el sector Juventud se dio cita en la sede de Fundazamora, del estado Bolivariano de Cojedes, para participar en la Jornada Nacional Di\u00e1logo, Acci\u00f3n y Propuesta, tras la convocatoria del presidente de la Rep\u00fablica, Nicol\u00e1s Maduro, con el objetivo de debatir ideas y estrategias para rectificar y fortalecer el proceso revolucionario, a trav\u00e9s de las bases populares.<\/span><\/b><\/i><\/span><!--more--><\/p>\n<p class=\"western\" align=\"justify\"><span style=\"font-family: Arial, sans-serif;\"><span style=\"font-size: large;\"><i><b>COJEDES<\/b><\/i><\/span><\/span><\/p>\n<p class=\"western\" align=\"justify\">\n<p class=\"western\" align=\"justify\"><span style=\"font-family: Arial, sans-serif;\"><span style=\"font-size: large;\">Con participaci\u00f3n activa y protag\u00f3nica, estuvieron presentes los j\u00f3venes integrantes de los diferentes movimientos y sectores organizados a trav\u00e9s de la Juventud del Partido Socialista Unido de Venezuela (JPSUV), en la regi\u00f3n llanera. <\/span><\/span><\/p>\n<p class=\"western\" align=\"justify\"><img loading=\"lazy\" decoding=\"async\" class=\"aligncenter wp-image-27838 size-full\" src=\"http:\/\/www.inces.gob.ve\/wp-content\/uploads\/2019\/05\/Inces-1-Jornada-Nacional-de-Di\u00e1logo.jpg\" alt=\"\" width=\"850\" height=\"478\" srcset=\"https:\/\/inces.gob.ve\/wp-content\/uploads\/2019\/05\/Inces-1-Jornada-Nacional-de-Di\u00e1logo.jpg 850w, https:\/\/inces.gob.ve\/wp-content\/uploads\/2019\/05\/Inces-1-Jornada-Nacional-de-Di\u00e1logo-300x169.jpg 300w, https:\/\/inces.gob.ve\/wp-content\/uploads\/2019\/05\/Inces-1-Jornada-Nacional-de-Di\u00e1logo-768x432.jpg 768w\" sizes=\"auto, (max-width: 850px) 100vw, 850px\" \/><br \/>\n<span style=\"font-family: Arial, sans-serif;\"><span style=\"font-size: large;\">Vale la pena destacar que la juventud inceistas present\u00f3 propuestas y acciones concretas, con la participaci\u00f3n de la clase trabajadora entre 18 y 35 a\u00f1os de edad, as\u00ed como tambi\u00e9n los integrantes del Movimiento Nacional de Aprendices y la juventud productiva \u201cSomos Aprendices\u201d y \u201cSomos Inces\u201d.<\/span><\/span><\/p>\n<p class=\"western\" align=\"justify\"><img loading=\"lazy\" decoding=\"async\" class=\"aligncenter wp-image-27836 size-full\" src=\"http:\/\/www.inces.gob.ve\/wp-content\/uploads\/2019\/05\/Inces-4-Jornada-Nacional-de-Di\u00e1logo.jpg\" alt=\"\" width=\"850\" height=\"638\" srcset=\"https:\/\/inces.gob.ve\/wp-content\/uploads\/2019\/05\/Inces-4-Jornada-Nacional-de-Di\u00e1logo.jpg 850w, https:\/\/inces.gob.ve\/wp-content\/uploads\/2019\/05\/Inces-4-Jornada-Nacional-de-Di\u00e1logo-300x225.jpg 300w, https:\/\/inces.gob.ve\/wp-content\/uploads\/2019\/05\/Inces-4-Jornada-Nacional-de-Di\u00e1logo-768x576.jpg 768w, https:\/\/inces.gob.ve\/wp-content\/uploads\/2019\/05\/Inces-4-Jornada-Nacional-de-Di\u00e1logo-136x102.jpg 136w\" sizes=\"auto, (max-width: 850px) 100vw, 850px\" \/><br \/>\n<span style=\"font-family: Arial, sans-serif;\"><span style=\"font-size: large;\">Al respecto, Johana Poyer, trabajadora joven del Inces, explic\u00f3 que el m\u00e9todo empleado fue din\u00e1mico y concreto, dijo \u201c nos reunimos en mesas de trabajo, se expresaron ideas, planteamientos y propuestas y se relataron, en plenarias, las conclusiones generales\u201d. <\/span><\/span><\/p>\n<p class=\"western\" align=\"justify\">\n<p class=\"western\" align=\"justify\"><span style=\"font-family: Arial, sans-serif;\"><span style=\"font-size: large;\">Al mismo tiempo, Antonio Mart\u00ednez, del colectivo de j\u00f3venes trabajadores , explic\u00f3 \u201ctodos los j\u00f3venes pudimos dar nuestros aportes para pasar a una verdadera ofensiva juvenil en los aspectos econ\u00f3mico, educativo, cultural y otros. <\/span><\/span><\/p>\n<p class=\"western\" align=\"justify\"><img loading=\"lazy\" decoding=\"async\" class=\"aligncenter wp-image-27837 size-full\" src=\"http:\/\/www.inces.gob.ve\/wp-content\/uploads\/2019\/05\/Inces-2-Jornada-Nacional-de-Di\u00e1logo.jpg\" alt=\"\" width=\"850\" height=\"478\" srcset=\"https:\/\/inces.gob.ve\/wp-content\/uploads\/2019\/05\/Inces-2-Jornada-Nacional-de-Di\u00e1logo.jpg 850w, https:\/\/inces.gob.ve\/wp-content\/uploads\/2019\/05\/Inces-2-Jornada-Nacional-de-Di\u00e1logo-300x169.jpg 300w, https:\/\/inces.gob.ve\/wp-content\/uploads\/2019\/05\/Inces-2-Jornada-Nacional-de-Di\u00e1logo-768x432.jpg 768w\" sizes=\"auto, (max-width: 850px) 100vw, 850px\" \/><br \/>\n<span style=\"font-family: Arial, sans-serif;\"><span style=\"font-size: large;\">Finalmente, Eduar Ortega, Responsable de la Juventud Productiva del Inces, indic\u00f3 que la participaci\u00f3n de la juventud fue de gran importancia, dijo \u201ceste fin de semana vimos un pueblo dando una lecci\u00f3n de lealtad y amor a Venezuela, juntos. Con acciones como estas solucionaremos nuestros problemas y avanzaremos en los compromisos que la revoluci\u00f3n ha adoptado en el Plan de la Patria 2019- 2025 para con el pueblo\u201d. <\/span><\/span><\/p>\n<p class=\"western\" align=\"justify\">\n<p class=\"western\" align=\"justify\">\n<p class=\"western\" align=\"justify\">\n<p class=\"western\" align=\"justify\">\n","protected":false},"excerpt":{"rendered":"<p>* El pasado fin de semana el sector Juventud se dio cita en la sede de Fundazamora, del estado Bolivariano de Cojedes, para participar en la Jornada Nacional Di\u00e1logo, Acci\u00f3n y Propuesta, tras la convocatoria del presidente de la Rep\u00fablica, Nicol\u00e1s Maduro, con el objetivo de debatir ideas y estrategias para rectificar y fortalecer el [&hellip;]<\/p>\n","protected":false},"author":15,"featured_media":27835,"comment_status":"closed","ping_status":"closed","sticky":false,"template":"","format":"standard","meta":{"footnotes":""},"categories":[2],"tags":[],"class_list":["post-27834","post","type-post","status-publish","format-standard","has-post-thumbnail","hentry","category-blog"],"_links":{"self":[{"href":"https:\/\/inces.gob.ve\/index.php\/wp-json\/wp\/v2\/posts\/27834","targetHints":{"allow":["GET"]}}],"collection":[{"href":"https:\/\/inces.gob.ve\/index.php\/wp-json\/wp\/v2\/posts"}],"about":[{"href":"https:\/\/inces.gob.ve\/index.php\/wp-json\/wp\/v2\/types\/post"}],"author":[{"embeddable":true,"href":"https:\/\/inces.gob.ve\/index.php\/wp-json\/wp\/v2\/users\/15"}],"replies":[{"embeddable":true,"href":"https:\/\/inces.gob.ve\/index.php\/wp-json\/wp\/v2\/comments?post=27834"}],"version-history":[{"count":1,"href":"https:\/\/inces.gob.ve\/index.php\/wp-json\/wp\/v2\/posts\/27834\/revisions"}],"predecessor-version":[{"id":27839,"href":"https:\/\/inces.gob.ve\/index.php\/wp-json\/wp\/v2\/posts\/27834\/revisions\/27839"}],"wp:featuredmedia":[{"embeddable":true,"href":"https:\/\/inces.gob.ve\/index.php\/wp-json\/wp\/v2\/media\/27835"}],"wp:attachment":[{"href":"https:\/\/inces.gob.ve\/index.php\/wp-json\/wp\/v2\/media?parent=27834"}],"wp:term":[{"taxonomy":"category","embeddable":true,"href":"https:\/\/inces.gob.ve\/index.php\/wp-json\/wp\/v2\/categories?post=27834"},{"taxonomy":"post_tag","embeddable":true,"href":"https:\/\/inces.gob.ve\/index.php\/wp-json\/wp\/v2\/tags?post=27834"}],"curies":[{"name":"wp","href":"https:\/\/api.w.org\/{rel}","templated":true}]}}