{"id":27895,"date":"2019-05-14T07:16:20","date_gmt":"2019-05-14T13:16:20","guid":{"rendered":"http:\/\/www.inces.gob.ve\/?p=27895"},"modified":"2020-05-28T20:28:59","modified_gmt":"2020-05-29T00:28:59","slug":"inces-bolivar-se-suma-a-la-produccion-inmediata-para-dar-respuesta-a-las-comunidades","status":"publish","type":"post","link":"https:\/\/inces.gob.ve\/index.php\/2019\/05\/14\/inces-bolivar-se-suma-a-la-produccion-inmediata-para-dar-respuesta-a-las-comunidades\/","title":{"rendered":"Inces Bol\u00edvar se suma  a la  producci\u00f3n inmediata para dar respuesta a las comunidades"},"content":{"rendered":"<p align=\"justify\"><span style=\"font-family: Arial, sans-serif;\"><span style=\"font-size: large;\"><i><b>** Se instalaron mesas de seguridad, electricidad, alimentaci\u00f3n y producci\u00f3n <\/b><\/i><\/span><\/span><\/p>\n<p align=\"justify\"><!--more--><\/p>\n<p align=\"justify\"><span style=\"font-family: Arial, sans-serif;\"><span style=\"font-size: large;\"><b>ALEXSSIA THOMAS | Bol\u00edvar <\/b><\/span><\/span><\/p>\n<p align=\"justify\"><span style=\"font-family: Arial, sans-serif;\"><span style=\"font-size: large;\">La gerente regional del Inces Bol\u00edvar, Ruth Jim\u00e9nez, junto a los maestros t\u00e9cnicos productivos dijeron presente en la conformaci\u00f3n de mesas t\u00e9cnicas para la planificaci\u00f3n y ejecuci\u00f3n de producci\u00f3n inmediata, promovida por la gobernaci\u00f3n del estado. <\/span><\/span><\/p>\n<p align=\"justify\">\n<p align=\"justify\"><span style=\"font-family: Arial, sans-serif;\"><span style=\"font-size: large;\">La actividad se llev<\/span><\/span><span style=\"font-family: Arial, sans-serif;\"><span style=\"font-size: large;\">\u00f3<\/span><\/span><span style=\"font-family: Arial, sans-serif;\"><span style=\"font-size: large;\"> a cabo en <\/span><\/span><strong><span style=\"font-family: Arial, sans-serif;\"><span style=\"font-size: large;\">la Base A\u00e9rea Te\u00f3filo M\u00e9ndez, de Puerto Ordaz, donde el poder popular, instituciones y las Unidades de Batalla Hugo Ch\u00e1vez (Ubch) de la regi\u00f3n plantearon propuestas para resolver los problemas de las comunidades.<\/span><\/span><\/strong><\/p>\n<p align=\"justify\"><img loading=\"lazy\" decoding=\"async\" class=\"aligncenter wp-image-27897 size-full\" src=\"http:\/\/www.inces.gob.ve\/wp-content\/uploads\/2019\/05\/Inces-1-dar-respuesta-a-comunidades-.jpg\" alt=\"\" width=\"850\" height=\"638\" srcset=\"https:\/\/inces.gob.ve\/wp-content\/uploads\/2019\/05\/Inces-1-dar-respuesta-a-comunidades-.jpg 850w, https:\/\/inces.gob.ve\/wp-content\/uploads\/2019\/05\/Inces-1-dar-respuesta-a-comunidades--300x225.jpg 300w, https:\/\/inces.gob.ve\/wp-content\/uploads\/2019\/05\/Inces-1-dar-respuesta-a-comunidades--768x576.jpg 768w, https:\/\/inces.gob.ve\/wp-content\/uploads\/2019\/05\/Inces-1-dar-respuesta-a-comunidades--136x102.jpg 136w\" sizes=\"auto, (max-width: 850px) 100vw, 850px\" \/><\/p>\n<p align=\"justify\"><strong><span style=\"font-family: Arial, sans-serif;\"><span style=\"font-size: large;\">El Inces aprovech\u00f3 la oportunidad para brindar soluciones con la activaci\u00f3n de las cuadrillas para dar respuesta r\u00e1pida a los hospitales, instituciones y comunidades que requieren la reparaci\u00f3n de sistemas el\u00e9ctricos, refrigeraci\u00f3n entre <\/span><\/span><\/strong><strong><span style=\"font-family: Arial, sans-serif;\"><span style=\"font-size: large;\">o<\/span><\/span><\/strong><strong><span style=\"font-family: Arial, sans-serif;\"><span style=\"font-size: large;\">tros. Del mismo modo, don<\/span><\/span><\/strong><strong><span style=\"font-family: Arial, sans-serif;\"><span style=\"font-size: large;\">\u00f3<\/span><\/span><\/strong><strong><span style=\"font-family: Arial, sans-serif;\"><span style=\"font-size: large;\"> a las comunidades, abono pl\u00e1ntulas de albahaca, berenjena y piment\u00f3n, con la finalidad de impulsar la siembra en sus espacios.<\/span><\/span><\/strong><\/p>\n<p align=\"justify\">\n<p align=\"justify\"><strong><span style=\"font-family: Arial, sans-serif;\"><span style=\"font-size: large;\">Asimismo, Jim\u00e9nez reiter\u00f3 que el Inces est<\/span><\/span><\/strong><strong><span style=\"font-family: Arial, sans-serif;\"><span style=\"font-size: large;\">\u00e1<\/span><\/span><\/strong><strong><span style=\"font-family: Arial, sans-serif;\"><span style=\"font-size: large;\"> a disposici\u00f3n para capacitar al pueblo en los oficios que son necesarios aprender para seguir creando una Venezuela productiva. \u201cHoy nuestra instituci\u00f3n sigue dando respuesta inmediata a las necesidades de los ciudadanos, y a trav\u00e9s de la capacitaci\u00f3n en los diferentes oficios productivos, motivamos a las personas para que se integren a las brigadas productivas \u201d<\/span><\/span><\/strong><\/p>\n<p align=\"justify\">\n<p align=\"justify\"><strong><span style=\"font-family: Arial, sans-serif;\"><span style=\"font-size: large;\">Por su parte, el gobernador del estado Bol\u00edvar, Justo Noguera Pietri, expres\u00f3: \u201c<\/span><\/span><\/strong><strong><span style=\"font-family: Arial, sans-serif;\"><span style=\"font-size: large;\">E<\/span><\/span><\/strong><strong><span style=\"font-family: Arial, sans-serif;\"><span style=\"font-size: large;\">l Poder Popular est<\/span><\/span><\/strong><strong><span style=\"font-family: Arial, sans-serif;\"><span style=\"font-size: large;\">\u00e1<\/span><\/span><\/strong><strong><span style=\"font-family: Arial, sans-serif;\"><span style=\"font-size: large;\"> reunido con 722 <\/span><\/span><\/strong><strong><span style=\"font-family: Arial, sans-serif;\"><span style=\"font-size: large;\">U<\/span><\/span><\/strong><strong><span style=\"font-family: Arial, sans-serif;\"><span style=\"font-size: large;\">bch, compartiendo el trabajo y profundizando la revoluci\u00f3n. Nuestro Presidente Nicol<\/span><\/span><\/strong><strong><span style=\"font-family: Arial, sans-serif;\"><span style=\"font-size: large;\">\u00e1<\/span><\/span><\/strong><strong><span style=\"font-family: Arial, sans-serif;\"><span style=\"font-size: large;\">s Maduro dio instrucciones para dar todos los insumos correspondientes para que llegue la producci\u00f3n. Esta es una jornada de respuesta inmediata. <\/span><\/span><\/strong><strong><span style=\"font-family: Arial, sans-serif;\"><span style=\"font-size: large;\">E<\/span><\/span><\/strong><strong><span style=\"font-family: Arial, sans-serif;\"><span style=\"font-size: large;\">ntregaremos semillas, pl\u00e1ntulas, e insecticidas a los productores. \u201d<\/span><\/span><\/strong><\/p>\n<p align=\"justify\">\n<p align=\"justify\"><strong><span style=\"font-family: Arial, sans-serif;\"><span style=\"font-size: large;\">Mar\u00eda Rodr\u00edguez pertenece a la parroquia Jos\u00e9 Antonio P<\/span><\/span><\/strong><strong><span style=\"font-family: Arial, sans-serif;\"><span style=\"font-size: large;\">\u00e1<\/span><\/span><\/strong><strong><span style=\"font-family: Arial, sans-serif;\"><span style=\"font-size: large;\">ez del <\/span><\/span><\/strong><strong><span style=\"font-family: Arial, sans-serif;\"><span style=\"font-size: large;\">m<\/span><\/span><\/strong><strong><span style=\"font-family: Arial, sans-serif;\"><span style=\"font-size: large;\">unicipio Heres <\/span><\/span><\/strong><strong><span style=\"font-family: Arial, sans-serif;\"><span style=\"font-size: large;\">y<\/span><\/span><\/strong><strong><span style=\"font-family: Arial, sans-serif;\"><span style=\"font-size: large;\"> fue beneficiada con la donaci\u00f3n de insumos para la siembra y explic\u00f3 que gracias a la formaci\u00f3n de cultivos organop\u00f3nicos obtenida en el Inces, hoy los <\/span><\/span><\/strong><strong><span style=\"font-family: Arial, sans-serif;\"><span style=\"font-size: large;\">nueve <\/span><\/span><\/strong><strong><span style=\"font-family: Arial, sans-serif;\"><span style=\"font-size: large;\">consejos comunales que integran la parroquia est\u00e1n activados con la siembra en sus sectores. <\/span><\/span><\/strong><\/p>\n<p align=\"justify\">\n<p align=\"justify\"><strong>\u201c<span style=\"font-family: Arial, sans-serif;\"><span style=\"font-size: large;\">Esta es una iniciativa que contribuye al desarrollo del <\/span><\/span><\/strong><strong><span style=\"font-family: Arial, sans-serif;\"><span style=\"font-size: large;\">P<\/span><\/span><\/strong><strong><span style=\"font-family: Arial, sans-serif;\"><span style=\"font-size: large;\">lan de la <\/span><\/span><\/strong><strong><span style=\"font-family: Arial, sans-serif;\"><span style=\"font-size: large;\">P<\/span><\/span><\/strong><strong><span style=\"font-family: Arial, sans-serif;\"><span style=\"font-size: large;\">atria. Con esta pl\u00e1ntulas nosotros multiplicaremos la siembra en todos los consejos comunales. De esta manera producimos y abaratamos los costos de los alimentos que consumimos\u201d, finaliz\u00f3.<\/span><\/span><\/strong><\/p>\n<p align=\"justify\">\n<p align=\"justify\">\n","protected":false},"excerpt":{"rendered":"<p>** Se instalaron mesas de seguridad, electricidad, alimentaci\u00f3n y producci\u00f3n<\/p>\n","protected":false},"author":15,"featured_media":27896,"comment_status":"closed","ping_status":"closed","sticky":false,"template":"","format":"standard","meta":{"footnotes":""},"categories":[2],"tags":[],"class_list":["post-27895","post","type-post","status-publish","format-standard","has-post-thumbnail","hentry","category-blog"],"_links":{"self":[{"href":"https:\/\/inces.gob.ve\/index.php\/wp-json\/wp\/v2\/posts\/27895","targetHints":{"allow":["GET"]}}],"collection":[{"href":"https:\/\/inces.gob.ve\/index.php\/wp-json\/wp\/v2\/posts"}],"about":[{"href":"https:\/\/inces.gob.ve\/index.php\/wp-json\/wp\/v2\/types\/post"}],"author":[{"embeddable":true,"href":"https:\/\/inces.gob.ve\/index.php\/wp-json\/wp\/v2\/users\/15"}],"replies":[{"embeddable":true,"href":"https:\/\/inces.gob.ve\/index.php\/wp-json\/wp\/v2\/comments?post=27895"}],"version-history":[{"count":2,"href":"https:\/\/inces.gob.ve\/index.php\/wp-json\/wp\/v2\/posts\/27895\/revisions"}],"predecessor-version":[{"id":27899,"href":"https:\/\/inces.gob.ve\/index.php\/wp-json\/wp\/v2\/posts\/27895\/revisions\/27899"}],"wp:featuredmedia":[{"embeddable":true,"href":"https:\/\/inces.gob.ve\/index.php\/wp-json\/wp\/v2\/media\/27896"}],"wp:attachment":[{"href":"https:\/\/inces.gob.ve\/index.php\/wp-json\/wp\/v2\/media?parent=27895"}],"wp:term":[{"taxonomy":"category","embeddable":true,"href":"https:\/\/inces.gob.ve\/index.php\/wp-json\/wp\/v2\/categories?post=27895"},{"taxonomy":"post_tag","embeddable":true,"href":"https:\/\/inces.gob.ve\/index.php\/wp-json\/wp\/v2\/tags?post=27895"}],"curies":[{"name":"wp","href":"https:\/\/api.w.org\/{rel}","templated":true}]}}