{"id":27941,"date":"2019-05-15T09:33:01","date_gmt":"2019-05-15T15:33:01","guid":{"rendered":"http:\/\/www.inces.gob.ve\/?p=27941"},"modified":"2020-05-28T20:28:58","modified_gmt":"2020-05-29T00:28:58","slug":"inces-amazonas-y-la-milicia-trabajaran-por-un-motor-agroalimentario-y-sustentable-en-el-estado","status":"publish","type":"post","link":"https:\/\/inces.gob.ve\/index.php\/2019\/05\/15\/inces-amazonas-y-la-milicia-trabajaran-por-un-motor-agroalimentario-y-sustentable-en-el-estado\/","title":{"rendered":"Inces Amazonas y la Milicia trabajar\u00e1n por un motor agroalimentario y sustentable en el estado"},"content":{"rendered":"<p align=\"justify\"><span style=\"font-family: Arial, sans-serif;\"><span style=\"font-size: large;\"><i><b>*La reuni\u00f3n convocada por el general de brigada Castellanos en horas de la ma\u00f1ana en la sede de la Cirmil Amazonas permiti\u00f3 conocer el compromiso que tienen las instituciones del gobierno con el pueblo Amazonense. Inces Amazonas y La Milicia Bolivariana estar\u00e1n encargadas del Motor Agro Alimentario auto-sustentable del estado Amazonas.<\/b><\/i><\/span><\/span><!--more--><\/p>\n<p align=\"justify\"><span style=\"font-family: Arial, sans-serif;\"><span style=\"font-size: large;\"><b>Alex M. | Inces Amazonas<\/b><\/span><\/span><\/p>\n<p align=\"justify\">\n<p align=\"justify\"><span style=\"font-family: Arial, sans-serif;\"><span style=\"font-size: large;\">M\u00e1s de 30 funcionarios de la Unidad de defensa Integral (UPEDI) y de la Base Popular de Defensa Integral (Bapedi) se registraron para recibir la orientaci\u00f3n del trabajo de formaci\u00f3n del Inces.<\/span><\/span><\/p>\n<p align=\"justify\"><span style=\"font-family: Arial, sans-serif;\"><span style=\"font-size: large;\">As\u00ed mismo el gerente regional de Inces Amazonas Oscar Rattia, en compa\u00f1\u00eda de los ciudadanos Josue Medina coordinador del Motor Industria, Cesar Eleazar de la coordinaci\u00f3n de Turismo y el encargado de la divisi\u00f3n de Inform\u00e1tica Orlando Ponare comun9caron que las puertas del Inces est\u00e1n abiertas para brindar todo el apoyo necesario y lograr la misi\u00f3n encomendada por el presidente de la Rep\u00fablica Bolivariana de Venezuela, Nicol\u00e1s Maduro y lograr del Estado Amazonas, un estado Productivo.<\/span><\/span><\/p>\n","protected":false},"excerpt":{"rendered":"<p>*La reuni\u00f3n convocada por el general de brigada Castellanos en horas de la ma\u00f1ana en la sede de la Cirmil Amazonas permiti\u00f3 conocer el compromiso que tienen las instituciones del gobierno con el pueblo Amazonense. Inces Amazonas y La Milicia Bolivariana estar\u00e1n encargadas del Motor Agro Alimentario auto-sustentable del estado Amazonas.<\/p>\n","protected":false},"author":15,"featured_media":27942,"comment_status":"closed","ping_status":"closed","sticky":false,"template":"","format":"standard","meta":{"footnotes":""},"categories":[2],"tags":[],"class_list":["post-27941","post","type-post","status-publish","format-standard","has-post-thumbnail","hentry","category-blog"],"_links":{"self":[{"href":"https:\/\/inces.gob.ve\/index.php\/wp-json\/wp\/v2\/posts\/27941","targetHints":{"allow":["GET"]}}],"collection":[{"href":"https:\/\/inces.gob.ve\/index.php\/wp-json\/wp\/v2\/posts"}],"about":[{"href":"https:\/\/inces.gob.ve\/index.php\/wp-json\/wp\/v2\/types\/post"}],"author":[{"embeddable":true,"href":"https:\/\/inces.gob.ve\/index.php\/wp-json\/wp\/v2\/users\/15"}],"replies":[{"embeddable":true,"href":"https:\/\/inces.gob.ve\/index.php\/wp-json\/wp\/v2\/comments?post=27941"}],"version-history":[{"count":1,"href":"https:\/\/inces.gob.ve\/index.php\/wp-json\/wp\/v2\/posts\/27941\/revisions"}],"predecessor-version":[{"id":27943,"href":"https:\/\/inces.gob.ve\/index.php\/wp-json\/wp\/v2\/posts\/27941\/revisions\/27943"}],"wp:featuredmedia":[{"embeddable":true,"href":"https:\/\/inces.gob.ve\/index.php\/wp-json\/wp\/v2\/media\/27942"}],"wp:attachment":[{"href":"https:\/\/inces.gob.ve\/index.php\/wp-json\/wp\/v2\/media?parent=27941"}],"wp:term":[{"taxonomy":"category","embeddable":true,"href":"https:\/\/inces.gob.ve\/index.php\/wp-json\/wp\/v2\/categories?post=27941"},{"taxonomy":"post_tag","embeddable":true,"href":"https:\/\/inces.gob.ve\/index.php\/wp-json\/wp\/v2\/tags?post=27941"}],"curies":[{"name":"wp","href":"https:\/\/api.w.org\/{rel}","templated":true}]}}