{"id":27957,"date":"2019-05-15T11:45:20","date_gmt":"2019-05-15T17:45:20","guid":{"rendered":"http:\/\/www.inces.gob.ve\/?p=27957"},"modified":"2020-05-28T20:28:58","modified_gmt":"2020-05-29T00:28:58","slug":"inces-celebrara-mega-graduacion-con-mas-de-700-trabajadores","status":"publish","type":"post","link":"https:\/\/inces.gob.ve\/index.php\/2019\/05\/15\/inces-celebrara-mega-graduacion-con-mas-de-700-trabajadores\/","title":{"rendered":"Inces celebrar\u00e1 mega graduaci\u00f3n con m\u00e1s de 700 trabajadores"},"content":{"rendered":"<p align=\"justify\"><span style=\"font-family: Arial, sans-serif;\"><span style=\"font-size: large;\"><i><b>** Los graduandos pertenecen a los estados Aragua, Distrito Capital, Miranda, Gu\u00e1rico, Yaracuy, Lara y Vargas<\/b><\/i><\/span><\/span><\/p>\n<p align=\"justify\">\n<!--more--><\/p>\n<p align=\"justify\">\n<p align=\"justify\"><span style=\"font-family: Arial, sans-serif;\"><span style=\"font-size: large;\"><b>MAR\u00cdA VER\u00d3NICA MOLINA \/ NINOSKA PATRIZ | Aragua<\/b><\/span><\/span><\/p>\n<p align=\"justify\">\n<p align=\"justify\"><span style=\"font-family: Arial, sans-serif;\"><span style=\"font-size: large;\">La unidad educativa Inces Aragua realizar\u00e1 la Mega Graduaci\u00f3n de 793 bachilleres con perfil productivo de la Redi Central, en el Teatro de la Opera de Maracay (TOM). La misma se tiene prevista para este viernes 17 de mayo.<\/span><\/span><\/p>\n<p align=\"justify\">\n<p align=\"justify\">\u201d<span style=\"font-family: Arial, sans-serif;\"><span style=\"font-size: large;\">Desde Aragua nos consideramos pioneros en \u00e9sta modalidad de estudio. Este evento es parte de la concreci\u00f3n del sue\u00f1o de nuestro comandante eterno para los camaradas que, con mucho esfuerzo, han trabajado para ello\u201d. As\u00ed lo di\u00f3 a conocer recientemente desde el Inces Regional Aragua, Sim\u00f3n Navarro, coordinador de la U.E.. <\/span><\/span><\/p>\n<p align=\"justify\"><img loading=\"lazy\" decoding=\"async\" class=\"aligncenter wp-image-27960 size-full\" src=\"http:\/\/www.inces.gob.ve\/wp-content\/uploads\/2019\/05\/Inces-1-mega-graduaci\u00f3n-con-trabajadores-.jpg\" alt=\"\" width=\"850\" height=\"564\" srcset=\"https:\/\/inces.gob.ve\/wp-content\/uploads\/2019\/05\/Inces-1-mega-graduaci\u00f3n-con-trabajadores-.jpg 850w, https:\/\/inces.gob.ve\/wp-content\/uploads\/2019\/05\/Inces-1-mega-graduaci\u00f3n-con-trabajadores--300x199.jpg 300w, https:\/\/inces.gob.ve\/wp-content\/uploads\/2019\/05\/Inces-1-mega-graduaci\u00f3n-con-trabajadores--768x510.jpg 768w\" sizes=\"auto, (max-width: 850px) 100vw, 850px\" \/><\/p>\n<p align=\"justify\"><span style=\"font-family: Arial, sans-serif;\"><span style=\"font-size: large;\">Navarro destac\u00f3: \u201cEs un requisito que los trabajadores realicen 20 semanas de clases. Por su parte, el desarrollo de las actividades est\u00e1 directamente relacionado con su actividad productiva. Lo que se busca con esto es visibilizar los conocimiento adquiridos en el devenir de sus responsabilidades.<\/span><\/span><\/p>\n<p align=\"justify\">\n<p align=\"justify\"><span style=\"font-family: Arial, sans-serif;\"><span style=\"font-size: large;\">Al mismo tiempo, estas habilidades son certificadas por medio de una sistematizaci\u00f3n donde se clasifican en las respectivas \u00e1rea correspondientes (comunicaci\u00f3n y lenguaje, ciencias naturales, matem\u00e1tica, memoria, ciudadan\u00eda y territorio, idiomas y cultura), y aquellos que deseen seguir sus estudios en el \u00e1mbito universitario, pueden hacerlo en la Universidad Nacional Experimental Sim\u00f3n Rodr\u00edguez, la Universidad de los Trabajadores o la Universidad Bolivariana de Venezuela\u201d.<\/span><\/span><\/p>\n<p align=\"justify\">\n<p align=\"justify\">\u201c<span style=\"font-family: Arial, sans-serif;\"><span style=\"font-size: large;\">Parte de los requisitos para incorporarse a esta alternativa de culminaci\u00f3n de estudios de bachillerato, para trabajadores dependientes, es consignar una constancia de estudios y la descripci\u00f3n de su cargo; en el caso de ser independiente, traer una constancia que corrobore su actividad productiva emitida por el consejo comunal de su sector. As\u00ed mismo, contar con m\u00e1s de 15 a\u00f1os de edad y m\u00e1s de un a\u00f1o cumplido de deserci\u00f3n escolar regular\u201d. As\u00ed nos comenta Angie Chourio, parte del personal certificador del Bachillerato Productivo. <\/span><\/span><\/p>\n<p align=\"justify\">\n<p align=\"justify\"><span style=\"font-family: Arial, sans-serif;\"><span style=\"font-size: large;\">En cuanto a la apertura del expediente: \u201cEs primordial que traigan dos copias de la c\u00e9dula de identidad, una copia de la partida de nacimiento, las notas certificadas del a\u00f1o al cual lleg\u00f3 o en su defecto la boleta de sexto grado\u201d. Seg\u00fan nos informa Carmen Jaramillo, tambi\u00e9n personal administrativo de la U.E. Inces. Cabe destacar que entre los oficios acreditados a trav\u00e9s de la U.E Inces Aragua, existe una cantidad de 1.086. Entre ellos los m\u00e1s destacados son: Torner\u00eda, Panader\u00eda, Mec\u00e1nica Automotriz, Agroecolog\u00eda, Metalmec\u00e1nica, Electricidad, Cerrajer\u00eda, Barber\u00eda, Peluquer\u00eda y m\u00e1s, agreg\u00f3 Jaramillo. <\/span><\/span><\/p>\n<p align=\"justify\">\n<p align=\"justify\"><span style=\"font-family: Arial, sans-serif;\"><span style=\"font-size: large;\"><b>Hablan los graduandos<\/b><\/span><\/span><\/p>\n<p align=\"justify\">\u201c<span style=\"font-family: Arial, sans-serif;\"><span style=\"font-size: large;\">Tuvimos que cumplir con nuestras labores y al mismo tiempo asistir a clases, al igual que cualquier otro compa\u00f1ero de educaci\u00f3n regular. Eso s\u00ed, nos apoyamos unos a otros. El trabajo en equipo es parte de los valores desarrollados en esta modalidad. Y realmente agradecemos a nuestros profesores por su gu\u00eda y tenacidad a pesar de las circunstancias de guerra econ\u00f3mica. Sin ellos no tendr\u00edamos certeza del camino a seguir\u201d. Jos\u00e9 Yanez (Mack Volvo) <\/span><\/span><\/p>\n<p align=\"justify\">\n<p align=\"justify\">\u201c<span style=\"font-family: Arial, sans-serif;\"><span style=\"font-size: large;\">Siempre estuvieron pendientes de nuestro proceso de aprendizaje. Con el Inces no solo nos certificamos en oficios, mientras nos preparamos en la culminaci\u00f3n de estudios de Bachilerato. Tambi\u00e9n sentimos que fuimos valorados como personas. Nuestras capacidades y cultura son reconocidos. El legado de Hugo Ch\u00e1vez sigue vivo en cada uno de nosotros y seguimos juntos haciendo la Venezuela que queremos. Trabajamos, estudiamos y seguimos adelante por un futuro mejor para nuestros hijos\u201d.<\/span><\/span><\/p>\n<p align=\"justify\"><span style=\"font-family: Arial, sans-serif;\"><span style=\"font-size: large;\">Nohemi Fern\u00e1ndez (Wayu)<\/span><\/span><\/p>\n<p align=\"justify\">\n<p align=\"justify\">\u201c<span style=\"font-family: Arial, sans-serif;\"><span style=\"font-size: large;\">La empresa en conjunto con el Inces, emprende esta alianza haciendo realidad la meta que en su oportunidad no nos fue posible. Diferentes situaciones de vida, no nos lo permitieron. Gracias a la Revoluci\u00f3n Bolivariana no conocemos limitantes. Cada d\u00eda surgen innovaciones desde el coraz\u00f3n de la patria al coraz\u00f3n de cada uno de nosotros. Por ello, hoy mas que nunca, no mantenemos firmes en nuestra posici\u00f3n. Nos formamos y seguimos produciendo, as\u00ed tambi\u00e9n defendemos la tierra que con tanto amor nos ve crecer\u201d. Jos\u00e9 Robles (Indessa)<img loading=\"lazy\" decoding=\"async\" class=\"aligncenter wp-image-27959 size-full\" src=\"http:\/\/www.inces.gob.ve\/wp-content\/uploads\/2019\/05\/Inces-2-mega-graduaci\u00f3n-con-trabajadores-.jpg\" alt=\"\" width=\"850\" height=\"564\" srcset=\"https:\/\/inces.gob.ve\/wp-content\/uploads\/2019\/05\/Inces-2-mega-graduaci\u00f3n-con-trabajadores-.jpg 850w, https:\/\/inces.gob.ve\/wp-content\/uploads\/2019\/05\/Inces-2-mega-graduaci\u00f3n-con-trabajadores--300x199.jpg 300w, https:\/\/inces.gob.ve\/wp-content\/uploads\/2019\/05\/Inces-2-mega-graduaci\u00f3n-con-trabajadores--768x510.jpg 768w\" sizes=\"auto, (max-width: 850px) 100vw, 850px\" \/><\/span><\/span><\/p>\n","protected":false},"excerpt":{"rendered":"<p>** Los graduandos pertenecen a los estados Aragua, Distrito Capital, Miranda, Gu\u00e1rico, Yaracuy, Lara y Vargas<\/p>\n","protected":false},"author":15,"featured_media":27958,"comment_status":"closed","ping_status":"closed","sticky":false,"template":"","format":"standard","meta":{"footnotes":""},"categories":[2],"tags":[],"class_list":["post-27957","post","type-post","status-publish","format-standard","has-post-thumbnail","hentry","category-blog"],"_links":{"self":[{"href":"https:\/\/inces.gob.ve\/index.php\/wp-json\/wp\/v2\/posts\/27957","targetHints":{"allow":["GET"]}}],"collection":[{"href":"https:\/\/inces.gob.ve\/index.php\/wp-json\/wp\/v2\/posts"}],"about":[{"href":"https:\/\/inces.gob.ve\/index.php\/wp-json\/wp\/v2\/types\/post"}],"author":[{"embeddable":true,"href":"https:\/\/inces.gob.ve\/index.php\/wp-json\/wp\/v2\/users\/15"}],"replies":[{"embeddable":true,"href":"https:\/\/inces.gob.ve\/index.php\/wp-json\/wp\/v2\/comments?post=27957"}],"version-history":[{"count":1,"href":"https:\/\/inces.gob.ve\/index.php\/wp-json\/wp\/v2\/posts\/27957\/revisions"}],"predecessor-version":[{"id":27961,"href":"https:\/\/inces.gob.ve\/index.php\/wp-json\/wp\/v2\/posts\/27957\/revisions\/27961"}],"wp:featuredmedia":[{"embeddable":true,"href":"https:\/\/inces.gob.ve\/index.php\/wp-json\/wp\/v2\/media\/27958"}],"wp:attachment":[{"href":"https:\/\/inces.gob.ve\/index.php\/wp-json\/wp\/v2\/media?parent=27957"}],"wp:term":[{"taxonomy":"category","embeddable":true,"href":"https:\/\/inces.gob.ve\/index.php\/wp-json\/wp\/v2\/categories?post=27957"},{"taxonomy":"post_tag","embeddable":true,"href":"https:\/\/inces.gob.ve\/index.php\/wp-json\/wp\/v2\/tags?post=27957"}],"curies":[{"name":"wp","href":"https:\/\/api.w.org\/{rel}","templated":true}]}}