{"id":27974,"date":"2019-05-15T09:24:32","date_gmt":"2019-05-15T15:24:32","guid":{"rendered":"http:\/\/www.inces.gob.ve\/?p=27974"},"modified":"2020-05-28T20:33:30","modified_gmt":"2020-05-29T00:33:30","slug":"86-trabajadores-del-ministerio-de-educacion-se-formaron-en-el-inces","status":"publish","type":"post","link":"https:\/\/inces.gob.ve\/index.php\/2019\/05\/15\/86-trabajadores-del-ministerio-de-educacion-se-formaron-en-el-inces\/","title":{"rendered":"86 trabajadores del Ministerio de Educaci\u00f3n se formaron en el Inces"},"content":{"rendered":"<p class=\"western\" align=\"justify\"><span style=\"font-family: Arial, sans-serif;\"><span style=\"font-size: large;\"><i><b>** Participaron en los cursos: Atenci\u00f3n al P\u00fablico, Excel, Expresi\u00f3n oral y Efectiva Crecimiento y Desarrollo Personal, entre otros<\/b><\/i><\/span><\/span><\/p>\n<p class=\"western\" align=\"justify\"><!--more--><\/p>\n<p class=\"western\" align=\"justify\"><span style=\"font-family: Arial, sans-serif;\"><span style=\"font-size: large;\"><b>YUDITH CASTRO | Zulia<\/b><\/span><\/span><\/p>\n<p class=\"western\" align=\"justify\">\n<p class=\"western\" align=\"justify\"><span style=\"font-family: Arial, sans-serif;\"><span style=\"font-size: large;\">Un total de 86 trabajadores del Ministerio de Educaci\u00f3n recibieron sus constancias de culminaci\u00f3n de cursos desarrollados a trav\u00e9s del programa Adiestramiento de Empresas del Inces. La actividad se efectu\u00f3 en el centro de formaci\u00f3n socialista (CFS) Bella Vista II, ubicado en Maracaibo. <\/span><\/span><\/p>\n<p class=\"western\" align=\"justify\">\n<p class=\"western\" align=\"justify\"><span style=\"font-family: Arial, sans-serif;\"><span style=\"font-size: large;\">Participaron en los cursos: Atenci\u00f3n al P\u00fablico, Excell, Expresi\u00f3n Oral y Efectiva, Crecimiento y Desarrollo Personal, entre otros. Destac\u00f3 el coordinador del programa Adiestramiento de Empresas, Pedro Espinoza que es muy satisfactorio poder brindar formaci\u00f3n a la clase trabajadora y resalt\u00f3 que la instituci\u00f3n tiene una amplia gama de cursos y talleres disponibles para su mejoramiento profesional. <\/span><\/span><\/p>\n<p class=\"western\" align=\"justify\"><img loading=\"lazy\" decoding=\"async\" class=\"aligncenter wp-image-27975 size-full\" src=\"http:\/\/www.inces.gob.ve\/wp-content\/uploads\/2019\/05\/Inces-6-Ministerio-de-Educaci\u00f3n-.jpg\" alt=\"\" width=\"850\" height=\"510\" srcset=\"https:\/\/inces.gob.ve\/wp-content\/uploads\/2019\/05\/Inces-6-Ministerio-de-Educaci\u00f3n-.jpg 850w, https:\/\/inces.gob.ve\/wp-content\/uploads\/2019\/05\/Inces-6-Ministerio-de-Educaci\u00f3n--300x180.jpg 300w, https:\/\/inces.gob.ve\/wp-content\/uploads\/2019\/05\/Inces-6-Ministerio-de-Educaci\u00f3n--768x461.jpg 768w\" sizes=\"auto, (max-width: 850px) 100vw, 850px\" \/><br \/>\n<span style=\"font-family: Arial, sans-serif;\"><span style=\"font-size: large;\">La secretaria general del Sindicato Nacional Revolucionario de los Empleados P\u00fablicos del Ministerio del Poder Popular para Educaci\u00f3n, (Sirtrame) Mar\u00eda Esther Chirinos, indic\u00f3 que \u201cgracias al Inces y a la organizaci\u00f3n de la cual soy vocera pudimos alcanzar este objetivo, porque los trabajadores ten\u00edan m\u00e1s de 11 a\u00f1os sin recibir ninguna formaci\u00f3n. Hoy podemos observar el fruto de un trabajo articulado entre instituciones.\u201d<img loading=\"lazy\" decoding=\"async\" class=\"aligncenter wp-image-27976 size-full\" src=\"http:\/\/www.inces.gob.ve\/wp-content\/uploads\/2019\/05\/Inces-5-Ministerio-de-Educaci\u00f3n-.jpg\" alt=\"\" width=\"850\" height=\"510\" srcset=\"https:\/\/inces.gob.ve\/wp-content\/uploads\/2019\/05\/Inces-5-Ministerio-de-Educaci\u00f3n-.jpg 850w, https:\/\/inces.gob.ve\/wp-content\/uploads\/2019\/05\/Inces-5-Ministerio-de-Educaci\u00f3n--300x180.jpg 300w, https:\/\/inces.gob.ve\/wp-content\/uploads\/2019\/05\/Inces-5-Ministerio-de-Educaci\u00f3n--768x461.jpg 768w\" sizes=\"auto, (max-width: 850px) 100vw, 850px\" \/><\/span><\/span><\/p>\n<p class=\"western\" align=\"justify\">\u201c<span style=\"font-family: Arial, sans-serif;\"><span style=\"font-size: large;\">La formaci\u00f3n que recib\u00ed fue de calidad. Los docentes tienen una excelente pedagog\u00eda. Nos atendieron muy bien, sent\u00ed que estaba realizando un curso en una empresa privada, la calidad sobrepasa la excelencia,\u201d resalt\u00f3 la secretaria de la Escuela Bolivariana Catatumbo, Maibelin Quintero. <\/span><\/span><\/p>\n<p class=\"western\" align=\"justify\"><img loading=\"lazy\" decoding=\"async\" class=\"aligncenter wp-image-27979 size-full\" src=\"http:\/\/www.inces.gob.ve\/wp-content\/uploads\/2019\/05\/Inces-1-Ministerio-de-Educaci\u00f3n-.jpg\" alt=\"\" width=\"850\" height=\"510\" srcset=\"https:\/\/inces.gob.ve\/wp-content\/uploads\/2019\/05\/Inces-1-Ministerio-de-Educaci\u00f3n-.jpg 850w, https:\/\/inces.gob.ve\/wp-content\/uploads\/2019\/05\/Inces-1-Ministerio-de-Educaci\u00f3n--300x180.jpg 300w, https:\/\/inces.gob.ve\/wp-content\/uploads\/2019\/05\/Inces-1-Ministerio-de-Educaci\u00f3n--768x461.jpg 768w\" sizes=\"auto, (max-width: 850px) 100vw, 850px\" \/><br \/>\n<a name=\"_GoBack\"><\/a><span style=\"font-family: Arial, sans-serif;\"><span style=\"font-size: large;\">En el acto de entrega de constancias, tambi\u00e9n estuvieron presentes la coordinadora de Mujeres Productiva del Inces, Nair\u00ed Fern\u00e1ndez; el coordinador del programa Adiestramiento de Empresas, Pedro Espinoza y los coordinadores del CFS, Liliana Lara y Carlos Pi\u00f1ero, entre otros.<\/span><\/span><\/p>\n<p class=\"western\" align=\"justify\"><img loading=\"lazy\" decoding=\"async\" class=\"aligncenter wp-image-27978 size-full\" src=\"http:\/\/www.inces.gob.ve\/wp-content\/uploads\/2019\/05\/Inces-2-Ministerio-de-Educaci\u00f3n-.jpg\" alt=\"\" width=\"850\" height=\"510\" srcset=\"https:\/\/inces.gob.ve\/wp-content\/uploads\/2019\/05\/Inces-2-Ministerio-de-Educaci\u00f3n-.jpg 850w, https:\/\/inces.gob.ve\/wp-content\/uploads\/2019\/05\/Inces-2-Ministerio-de-Educaci\u00f3n--300x180.jpg 300w, https:\/\/inces.gob.ve\/wp-content\/uploads\/2019\/05\/Inces-2-Ministerio-de-Educaci\u00f3n--768x461.jpg 768w\" sizes=\"auto, (max-width: 850px) 100vw, 850px\" \/><\/p>\n<p class=\"western\" align=\"justify\">\n","protected":false},"excerpt":{"rendered":"<p>** Participaron en los cursos: Atenci\u00f3n al P\u00fablico, Excel, Expresi\u00f3n oral y Efectiva Crecimiento y Desarrollo Personal, entre otros<\/p>\n","protected":false},"author":15,"featured_media":27977,"comment_status":"closed","ping_status":"closed","sticky":false,"template":"","format":"standard","meta":{"footnotes":""},"categories":[2],"tags":[],"class_list":["post-27974","post","type-post","status-publish","format-standard","has-post-thumbnail","hentry","category-blog"],"_links":{"self":[{"href":"https:\/\/inces.gob.ve\/index.php\/wp-json\/wp\/v2\/posts\/27974","targetHints":{"allow":["GET"]}}],"collection":[{"href":"https:\/\/inces.gob.ve\/index.php\/wp-json\/wp\/v2\/posts"}],"about":[{"href":"https:\/\/inces.gob.ve\/index.php\/wp-json\/wp\/v2\/types\/post"}],"author":[{"embeddable":true,"href":"https:\/\/inces.gob.ve\/index.php\/wp-json\/wp\/v2\/users\/15"}],"replies":[{"embeddable":true,"href":"https:\/\/inces.gob.ve\/index.php\/wp-json\/wp\/v2\/comments?post=27974"}],"version-history":[{"count":1,"href":"https:\/\/inces.gob.ve\/index.php\/wp-json\/wp\/v2\/posts\/27974\/revisions"}],"predecessor-version":[{"id":27980,"href":"https:\/\/inces.gob.ve\/index.php\/wp-json\/wp\/v2\/posts\/27974\/revisions\/27980"}],"wp:featuredmedia":[{"embeddable":true,"href":"https:\/\/inces.gob.ve\/index.php\/wp-json\/wp\/v2\/media\/27977"}],"wp:attachment":[{"href":"https:\/\/inces.gob.ve\/index.php\/wp-json\/wp\/v2\/media?parent=27974"}],"wp:term":[{"taxonomy":"category","embeddable":true,"href":"https:\/\/inces.gob.ve\/index.php\/wp-json\/wp\/v2\/categories?post=27974"},{"taxonomy":"post_tag","embeddable":true,"href":"https:\/\/inces.gob.ve\/index.php\/wp-json\/wp\/v2\/tags?post=27974"}],"curies":[{"name":"wp","href":"https:\/\/api.w.org\/{rel}","templated":true}]}}