{"id":28026,"date":"2019-05-16T12:02:23","date_gmt":"2019-05-16T18:02:23","guid":{"rendered":"http:\/\/www.inces.gob.ve\/?p=28026"},"modified":"2020-05-28T20:34:40","modified_gmt":"2020-05-29T00:34:40","slug":"trabajadores-varguenses-celebran-el-dia-de-las-madres","status":"publish","type":"post","link":"https:\/\/inces.gob.ve\/index.php\/2019\/05\/16\/trabajadores-varguenses-celebran-el-dia-de-las-madres\/","title":{"rendered":"Trabajadores varguenses celebran el D\u00eda de las Madres"},"content":{"rendered":"<p align=\"justify\"><span style=\"font-family: arial, sans-serif;\"><span style=\"font-size: large;\"><i><b>** Con actividades recreativas y culturales los trabajadores del Inces Vargas disfrutaron de un rato ameno<\/b><\/i><\/span><\/span><!--more--><\/p>\n<p align=\"justify\">\u00a0<\/p>\n<p align=\"justify\"><span style=\"font-family: arial, sans-serif;\"><span style=\"font-size: large;\"><b>ZUVALQUI DUARTE \/ PLINIO MARCANO | La Guaira<\/b><\/span><\/span><\/p>\n<p align=\"justify\">\u201c<span style=\"font-family: arial, sans-serif;\"><span style=\"font-size: large;\">La olla solidaria\u201d enmarc\u00f3 la actividad celebrada en la regi\u00f3n en honor a las madres, un exquisito hervido preparado por las maravillosas manos de Dafne Barahona, maestra t\u00e9cnica productiva gastron\u00f3mica.<\/span><\/span><\/p>\n<p align=\"justify\"><img loading=\"lazy\" decoding=\"async\" class=\"aligncenter wp-image-28029 size-large\" src=\"http:\/\/www.inces.gob.ve\/wp-content\/uploads\/2019\/05\/16-1024x768.jpg\" alt=\"\" width=\"640\" height=\"480\" srcset=\"https:\/\/inces.gob.ve\/wp-content\/uploads\/2019\/05\/16-1024x768.jpg 1024w, https:\/\/inces.gob.ve\/wp-content\/uploads\/2019\/05\/16-300x225.jpg 300w, https:\/\/inces.gob.ve\/wp-content\/uploads\/2019\/05\/16-768x576.jpg 768w, https:\/\/inces.gob.ve\/wp-content\/uploads\/2019\/05\/16-136x102.jpg 136w\" sizes=\"auto, (max-width: 640px) 100vw, 640px\" \/><\/p>\n<p align=\"justify\">\u00a0<\/p>\n<p align=\"justify\"><span style=\"font-family: arial, sans-serif;\"><span style=\"font-size: large;\">Destac\u00f3 una mesa de dulces y pasapalos que las unidades de producci\u00f3n social y familiar, conformadas por maestros t\u00e9cnicos productivos (MTP) y participantes donaron para el disfrute de los asistentes.<\/span><\/span><\/p>\n<p align=\"justify\"><img loading=\"lazy\" decoding=\"async\" class=\"aligncenter wp-image-28034 size-large\" src=\"http:\/\/www.inces.gob.ve\/wp-content\/uploads\/2019\/05\/1-768x1024.jpg\" alt=\"\" width=\"640\" height=\"853\" srcset=\"https:\/\/inces.gob.ve\/wp-content\/uploads\/2019\/05\/1-768x1024.jpg 768w, https:\/\/inces.gob.ve\/wp-content\/uploads\/2019\/05\/1-225x300.jpg 225w, https:\/\/inces.gob.ve\/wp-content\/uploads\/2019\/05\/1-576x768.jpg 576w\" sizes=\"auto, (max-width: 640px) 100vw, 640px\" \/><\/p>\n<p align=\"justify\">\u00a0<\/p>\n<p align=\"justify\"><img loading=\"lazy\" decoding=\"async\" class=\"aligncenter wp-image-28032 size-large\" src=\"http:\/\/www.inces.gob.ve\/wp-content\/uploads\/2019\/05\/9-1024x768.jpg\" alt=\"\" width=\"640\" height=\"480\" srcset=\"https:\/\/inces.gob.ve\/wp-content\/uploads\/2019\/05\/9-1024x768.jpg 1024w, https:\/\/inces.gob.ve\/wp-content\/uploads\/2019\/05\/9-300x225.jpg 300w, https:\/\/inces.gob.ve\/wp-content\/uploads\/2019\/05\/9-768x576.jpg 768w, https:\/\/inces.gob.ve\/wp-content\/uploads\/2019\/05\/9-136x102.jpg 136w\" sizes=\"auto, (max-width: 640px) 100vw, 640px\" \/><\/p>\n<p align=\"justify\">\u00a0<\/p>\n<p align=\"justify\"><span style=\"font-family: arial, sans-serif;\"><span style=\"font-size: large;\">El evento estuvo amenizado por m\u00fasicos y cantantes del Ministerio del Poder Popular para la Cultura, quienes ofrecieron un repertorio ca\u00f1onero, g\u00e9nero de m\u00fasica popular que puso a bailar a todos y que pese a no tener servicio el\u00e9ctrico no fue motivo para dejar de alegrar la reuni\u00f3n. <\/span><\/span><\/p>\n<p align=\"justify\">\u00a0<\/p>\n<p align=\"justify\"><img loading=\"lazy\" decoding=\"async\" class=\"aligncenter wp-image-28027 size-large\" src=\"http:\/\/www.inces.gob.ve\/wp-content\/uploads\/2019\/05\/21-1024x768.jpg\" alt=\"\" width=\"640\" height=\"480\" srcset=\"https:\/\/inces.gob.ve\/wp-content\/uploads\/2019\/05\/21-1024x768.jpg 1024w, https:\/\/inces.gob.ve\/wp-content\/uploads\/2019\/05\/21-300x225.jpg 300w, https:\/\/inces.gob.ve\/wp-content\/uploads\/2019\/05\/21-768x576.jpg 768w, https:\/\/inces.gob.ve\/wp-content\/uploads\/2019\/05\/21-136x102.jpg 136w\" sizes=\"auto, (max-width: 640px) 100vw, 640px\" \/><\/p>\n<p align=\"justify\">\u00a0<\/p>\n<p align=\"justify\"><span style=\"font-family: arial, sans-serif;\"><span style=\"font-size: large;\">Se reconoci\u00f3 la labor prestada por algunos compa\u00f1eros que siempre est\u00e1n dispuestos a cumplir con las tareas que se les otorga. Entre ellos destaca Vicente Aguilar, quien siempre se encuentra en la disposici\u00f3n de colaborar, y a trav\u00e9s de las Brigadas Productivas, ha dado respuestas asertivas en materia de mantenimiento de equipos y estructuras, no solo en la instituci\u00f3n sino en otras entidades. <\/span><\/span><\/p>\n<p align=\"justify\">\u00a0<img loading=\"lazy\" decoding=\"async\" class=\"aligncenter wp-image-28031 size-large\" src=\"http:\/\/www.inces.gob.ve\/wp-content\/uploads\/2019\/05\/12-1024x768.jpg\" alt=\"\" width=\"640\" height=\"480\" srcset=\"https:\/\/inces.gob.ve\/wp-content\/uploads\/2019\/05\/12-1024x768.jpg 1024w, https:\/\/inces.gob.ve\/wp-content\/uploads\/2019\/05\/12-300x225.jpg 300w, https:\/\/inces.gob.ve\/wp-content\/uploads\/2019\/05\/12-768x576.jpg 768w, https:\/\/inces.gob.ve\/wp-content\/uploads\/2019\/05\/12-136x102.jpg 136w\" sizes=\"auto, (max-width: 640px) 100vw, 640px\" \/><\/p>\n<p align=\"justify\">\u00a0<\/p>\n<p align=\"justify\"><span style=\"font-family: arial, sans-serif;\"><span style=\"font-size: large;\">La MTP Mirian Ochoa tambi\u00e9n fue una de las agasajada a quien se le reconoce su dedicaci\u00f3n al trabajo agr\u00edcola en la regi\u00f3n y que pese a su edad y limitaciones f\u00edsicas asume la formaci\u00f3n en agricultura en cualquier espacio.<\/span><\/span><\/p>\n<p align=\"justify\">\u00a0<\/p>\n<p align=\"justify\"><span style=\"font-family: arial, sans-serif;\"><span style=\"font-size: large;\">Para la gerencia regional es grato reunir a los trabajadores y compartir estos momentos de sana convivencia, ya que fortalece los v\u00ednculos de amistad y compa\u00f1erismo tan necesario para desarrollar un trabajo en equipo.<\/span><\/span><\/p>\n\n","protected":false},"excerpt":{"rendered":"<p>** Con actividades recreativas y culturales los trabajadores del Inces Vargas disfrutaron de un rato ameno<\/p>\n","protected":false},"author":4,"featured_media":28036,"comment_status":"closed","ping_status":"open","sticky":false,"template":"","format":"standard","meta":{"footnotes":""},"categories":[2],"tags":[],"class_list":["post-28026","post","type-post","status-publish","format-standard","has-post-thumbnail","hentry","category-blog"],"_links":{"self":[{"href":"https:\/\/inces.gob.ve\/index.php\/wp-json\/wp\/v2\/posts\/28026","targetHints":{"allow":["GET"]}}],"collection":[{"href":"https:\/\/inces.gob.ve\/index.php\/wp-json\/wp\/v2\/posts"}],"about":[{"href":"https:\/\/inces.gob.ve\/index.php\/wp-json\/wp\/v2\/types\/post"}],"author":[{"embeddable":true,"href":"https:\/\/inces.gob.ve\/index.php\/wp-json\/wp\/v2\/users\/4"}],"replies":[{"embeddable":true,"href":"https:\/\/inces.gob.ve\/index.php\/wp-json\/wp\/v2\/comments?post=28026"}],"version-history":[{"count":3,"href":"https:\/\/inces.gob.ve\/index.php\/wp-json\/wp\/v2\/posts\/28026\/revisions"}],"predecessor-version":[{"id":28039,"href":"https:\/\/inces.gob.ve\/index.php\/wp-json\/wp\/v2\/posts\/28026\/revisions\/28039"}],"wp:featuredmedia":[{"embeddable":true,"href":"https:\/\/inces.gob.ve\/index.php\/wp-json\/wp\/v2\/media\/28036"}],"wp:attachment":[{"href":"https:\/\/inces.gob.ve\/index.php\/wp-json\/wp\/v2\/media?parent=28026"}],"wp:term":[{"taxonomy":"category","embeddable":true,"href":"https:\/\/inces.gob.ve\/index.php\/wp-json\/wp\/v2\/categories?post=28026"},{"taxonomy":"post_tag","embeddable":true,"href":"https:\/\/inces.gob.ve\/index.php\/wp-json\/wp\/v2\/tags?post=28026"}],"curies":[{"name":"wp","href":"https:\/\/api.w.org\/{rel}","templated":true}]}}