{"id":28090,"date":"2019-05-17T09:14:31","date_gmt":"2019-05-17T15:14:31","guid":{"rendered":"http:\/\/www.inces.gob.ve\/?p=28090"},"modified":"2020-05-28T20:28:38","modified_gmt":"2020-05-29T00:28:38","slug":"participantes-de-panificacion-domestica-del-inces-carabobo-socializan-el-resultado-de-su-formacion","status":"publish","type":"post","link":"https:\/\/inces.gob.ve\/index.php\/2019\/05\/17\/participantes-de-panificacion-domestica-del-inces-carabobo-socializan-el-resultado-de-su-formacion\/","title":{"rendered":"Participantes de Panificaci\u00f3n Dom\u00e9stica del Inces Carabobo socializan el resultado de su formaci\u00f3n"},"content":{"rendered":"<p align=\"justify\"><span style=\"font-family: Arial, sans-serif;\"><span style=\"font-size: large;\"><i><b>** \u201cCon sus propios ingredientes elaboraron pan dulce, focaccia, golfeado, pan de horno en base de harina de ma\u00edz, pan campesino, franc\u00e9s y pan de remolacha\u201d<\/b><\/i><\/span><\/span><\/p>\n<p align=\"justify\">\n<!--more--><\/p>\n<p align=\"justify\"><span style=\"font-family: Arial, sans-serif;\"><span style=\"font-size: large;\"><b>SANDRA AGUILAR | Carabobo<\/b><\/span><\/span><\/p>\n<p align=\"justify\"><span style=\"font-family: Arial, sans-serif;\"><span style=\"font-size: large;\">En la continua labor formativa del Instituto Nacional de Capacitaci\u00f3n y Educaci\u00f3n Socialista (Inces), un grupo de 18 participantes cumplieron el sue\u00f1o de adquirir conocimientos en los espacios del centro de formaci\u00f3n socialista (CFS) \u201cLuis Beltr\u00e1n Prieto Figueroa\u201d, con el curso Panificaci\u00f3n Dom\u00e9stica, llevado a cabo en 186 horas con el objetivo de impulsar una conciencia productiva <\/span><\/span><\/p>\n<p align=\"justify\">\n<p align=\"justify\"><span style=\"font-family: Arial, sans-serif;\"><span style=\"font-size: large;\">Con el acompa\u00f1amiento y la sabidur\u00eda de la maestra t\u00e9cnico productivo (MTP) Lusmila S\u00e1nchez, los participantes vivieron la experiencia de formar produciendo, producir formando, incorporando nuevos elementos de formaci\u00f3n, investigaci\u00f3n e innovaci\u00f3n para la elaboraci\u00f3n de panes a base de productos alternativos como sustituir harinas, con auyama, remolacha, entre otros; los mismos fueron exhibidos y degustados en el cierre del curso.<\/span><\/span><\/p>\n<p align=\"justify\"><img loading=\"lazy\" decoding=\"async\" class=\"aligncenter wp-image-28091 size-full\" src=\"http:\/\/www.inces.gob.ve\/wp-content\/uploads\/2019\/05\/Inces-2-Panificaci\u00f3n-Dom\u00e9stica-1.jpg\" alt=\"\" width=\"850\" height=\"638\" srcset=\"https:\/\/inces.gob.ve\/wp-content\/uploads\/2019\/05\/Inces-2-Panificaci\u00f3n-Dom\u00e9stica-1.jpg 850w, https:\/\/inces.gob.ve\/wp-content\/uploads\/2019\/05\/Inces-2-Panificaci\u00f3n-Dom\u00e9stica-1-300x225.jpg 300w, https:\/\/inces.gob.ve\/wp-content\/uploads\/2019\/05\/Inces-2-Panificaci\u00f3n-Dom\u00e9stica-1-768x576.jpg 768w, https:\/\/inces.gob.ve\/wp-content\/uploads\/2019\/05\/Inces-2-Panificaci\u00f3n-Dom\u00e9stica-1-136x102.jpg 136w\" sizes=\"auto, (max-width: 850px) 100vw, 850px\" \/><br \/>\n<span style=\"font-family: Arial, sans-serif;\"><span style=\"font-size: large;\">La MTP Lusmila S\u00e1nchez indic\u00f3 que se formaron, en el turno de la ma\u00f1ana cumpliendo con 186 horas de duraci\u00f3n, 18 personas entre hombres y mujeres, quienes adquirieron conocimientos, habilidades y destrezas sobre la elaboraci\u00f3n de diversos tipos de panes. Resalt\u00f3 que en el transcurso del curso han preparado pan franc\u00e9s, dulce, campesino, pan de horno, roles de canela, de ambros\u00eda y de banquete, entre otros.<\/span><\/span><\/p>\n<p align=\"justify\">\n<p align=\"justify\"><span style=\"font-family: Arial, sans-serif;\"><span style=\"font-size: large;\">Tambi\u00e9n resalt\u00f3 que le dio gusto trabajar con dos participantes con una condici\u00f3n especial, quienes iniciaron el curso y demostraron ser responsables y estar interesados en aprender cada t\u00e9cnica. Adem\u00e1s, el grupo fue muy unido y apoyaron a sus compa\u00f1eros. <\/span><\/span><\/p>\n<p align=\"justify\">\n<p align=\"justify\"><span style=\"font-family: Arial, sans-serif;\"><span style=\"font-size: large;\">Igualmente, Raquel Quintero, la doctora del Inces, tuvo la participaci\u00f3n en la formaci\u00f3n de panader\u00eda y comparti\u00f3 su experiencia y motivaci\u00f3n de ser un graduando de dicho curso en el cual aprendi\u00f3 las t\u00e9cnicas y alternativas de elaboraci\u00f3n de panes.<\/span><\/span><\/p>\n","protected":false},"excerpt":{"rendered":"<p>** \u201cCon sus propios ingredientes elaboraron pan dulce, focaccia, golfeado, pan de horno en base de harina de ma\u00edz, pan campesino, franc\u00e9s y pan de remolacha\u201d<\/p>\n","protected":false},"author":15,"featured_media":28092,"comment_status":"closed","ping_status":"closed","sticky":false,"template":"","format":"standard","meta":{"footnotes":""},"categories":[2],"tags":[],"class_list":["post-28090","post","type-post","status-publish","format-standard","has-post-thumbnail","hentry","category-blog"],"_links":{"self":[{"href":"https:\/\/inces.gob.ve\/index.php\/wp-json\/wp\/v2\/posts\/28090","targetHints":{"allow":["GET"]}}],"collection":[{"href":"https:\/\/inces.gob.ve\/index.php\/wp-json\/wp\/v2\/posts"}],"about":[{"href":"https:\/\/inces.gob.ve\/index.php\/wp-json\/wp\/v2\/types\/post"}],"author":[{"embeddable":true,"href":"https:\/\/inces.gob.ve\/index.php\/wp-json\/wp\/v2\/users\/15"}],"replies":[{"embeddable":true,"href":"https:\/\/inces.gob.ve\/index.php\/wp-json\/wp\/v2\/comments?post=28090"}],"version-history":[{"count":1,"href":"https:\/\/inces.gob.ve\/index.php\/wp-json\/wp\/v2\/posts\/28090\/revisions"}],"predecessor-version":[{"id":28093,"href":"https:\/\/inces.gob.ve\/index.php\/wp-json\/wp\/v2\/posts\/28090\/revisions\/28093"}],"wp:featuredmedia":[{"embeddable":true,"href":"https:\/\/inces.gob.ve\/index.php\/wp-json\/wp\/v2\/media\/28092"}],"wp:attachment":[{"href":"https:\/\/inces.gob.ve\/index.php\/wp-json\/wp\/v2\/media?parent=28090"}],"wp:term":[{"taxonomy":"category","embeddable":true,"href":"https:\/\/inces.gob.ve\/index.php\/wp-json\/wp\/v2\/categories?post=28090"},{"taxonomy":"post_tag","embeddable":true,"href":"https:\/\/inces.gob.ve\/index.php\/wp-json\/wp\/v2\/tags?post=28090"}],"curies":[{"name":"wp","href":"https:\/\/api.w.org\/{rel}","templated":true}]}}