{"id":28094,"date":"2019-05-20T06:43:49","date_gmt":"2019-05-20T12:43:49","guid":{"rendered":"http:\/\/www.inces.gob.ve\/?p=28094"},"modified":"2020-05-28T20:34:45","modified_gmt":"2020-05-29T00:34:45","slug":"velorio-de-cruz-de-mayo","status":"publish","type":"post","link":"https:\/\/inces.gob.ve\/index.php\/2019\/05\/20\/velorio-de-cruz-de-mayo\/","title":{"rendered":"Velorio de Cruz de Mayo"},"content":{"rendered":"<p align=\"justify\"><em><span style=\"font-family: Arial,sans-serif;\"><span style=\"font-size: large;\"><b>** Se agradecen las buenas cosechas y la producci\u00f3n de la tierra en general<\/b><\/span><\/span><\/em><\/p>\n<p align=\"justify\"><!--more--><\/p>\n<p align=\"justify\"><span style=\"font-family: Arial, sans-serif;\"><span style=\"font-size: large;\"><b>Ivaldo Rodr\u00edguez | Prensa Inces sede<\/b><\/span><\/span><\/p>\n<p align=\"justify\"><span style=\"font-family: Arial, sans-serif;\"><span style=\"font-size: large;\">Con mucho inter\u00e9s se estuvo aguardando por la presentaci\u00f3n del Velorio de la Cruz de Mayo en los espacios de la plazoleta del Inces sede. Finalmente se llev\u00f3 a cabo una disertaci\u00f3n acerca de la significaci\u00f3n de tal tradici\u00f3n nacional, cultural y religiosa que pertenece a la venezolanidad desde hace m\u00e1s de 150 a\u00f1os. <\/span><\/span><\/p>\n<p align=\"justify\"><span style=\"font-family: Arial, sans-serif;\"><span style=\"font-size: large;\">La organizaci\u00f3n del acto estuvo a cargo de la Gerencia General de Cultura, Deporte, Recreaci\u00f3n y Participaci\u00f3n Comunal en la persona de Nahity Ortega quien encabez\u00f3 el equipo promotor.<\/span><\/span><\/p>\n<p align=\"justify\"><span style=\"font-family: Arial, sans-serif;\"><span style=\"font-size: large;\">El motivo principal de esta festividad, asever\u00f3 Ortega, es rendir homenaje a la naturaleza, por ser mayo el inicio de las lluvias y la temporada de cosechas; de all\u00ed que se apreci\u00f3 un sencillo decorado compuesto de un altar y un buen lote de ofrendas entre frutas, flores y por supuesto, la cruz.<\/span><\/span><\/p>\n<p align=\"justify\"><span style=\"font-family: Arial, sans-serif;\"><span style=\"font-size: large;\"><img loading=\"lazy\" decoding=\"async\" class=\"aligncenter wp-image-28095 size-full\" src=\"http:\/\/www.inces.gob.ve\/wp-content\/uploads\/2019\/05\/Inces-4-Cruz-de-Mayo.jpg\" alt=\"\" width=\"850\" height=\"567\" srcset=\"https:\/\/inces.gob.ve\/wp-content\/uploads\/2019\/05\/Inces-4-Cruz-de-Mayo.jpg 850w, https:\/\/inces.gob.ve\/wp-content\/uploads\/2019\/05\/Inces-4-Cruz-de-Mayo-300x200.jpg 300w, https:\/\/inces.gob.ve\/wp-content\/uploads\/2019\/05\/Inces-4-Cruz-de-Mayo-768x512.jpg 768w\" sizes=\"auto, (max-width: 850px) 100vw, 850px\" \/><\/span><\/span><\/p>\n<p align=\"justify\"><span style=\"font-family: Arial, sans-serif;\"><span style=\"font-size: large;\">Fue muy enf\u00e1tica la organizadora Nahity Ortega en que el Velorio de Cruz de Mayo no es una representaci\u00f3n art\u00edstica donde se baila o canta, al contrario, es una manifestaci\u00f3n que se nutre exclusivamente del recitado y la exclamaci\u00f3n de d\u00e9cimas cargadas de mensajes de agradecimiento. <\/span><\/span><\/p>\n<p align=\"justify\"><span style=\"font-family: Arial, sans-serif;\"><span style=\"font-size: large;\">Esta conmemoraci\u00f3n ha ido cambiando y se ha convertido en un ritual para propiciar buenas cosechas y pedirle a la Virgen protecci\u00f3n durante el resto del a\u00f1o.<\/span><\/span><\/p>\n<p align=\"justify\"><span style=\"font-family: Arial, sans-serif;\"><span style=\"font-size: large;\"><img loading=\"lazy\" decoding=\"async\" class=\"aligncenter wp-image-28097 size-full\" src=\"http:\/\/www.inces.gob.ve\/wp-content\/uploads\/2019\/05\/Inces-2-Cruz-de-Mayo.jpg\" alt=\"\" width=\"850\" height=\"567\" srcset=\"https:\/\/inces.gob.ve\/wp-content\/uploads\/2019\/05\/Inces-2-Cruz-de-Mayo.jpg 850w, https:\/\/inces.gob.ve\/wp-content\/uploads\/2019\/05\/Inces-2-Cruz-de-Mayo-300x200.jpg 300w, https:\/\/inces.gob.ve\/wp-content\/uploads\/2019\/05\/Inces-2-Cruz-de-Mayo-768x512.jpg 768w\" sizes=\"auto, (max-width: 850px) 100vw, 850px\" \/> <\/span><\/span><\/p>\n<p align=\"justify\"><span style=\"font-family: Arial, sans-serif;\"><span style=\"font-size: large;\">El velorio de la Cruz de Mayo es una de las costumbres culturales m\u00e1s ricas del pa\u00eds transmiti\u00e9ndose de generaci\u00f3n en generaci\u00f3n, mezcl\u00e1ndose con aportes ind\u00edgenas y africanos. En esta celebraci\u00f3n se pueden utilizar distintos instrumentos para los toques musicales, como el cuatro, mandolina, guitarra, tambor cuadrado, maracas y acorde\u00f3n. <\/span><\/span><\/p>\n<p align=\"justify\"><span style=\"font-family: Arial, sans-serif;\"><span style=\"font-size: large;\"><img loading=\"lazy\" decoding=\"async\" class=\"aligncenter wp-image-28097 size-full\" src=\"http:\/\/www.inces.gob.ve\/wp-content\/uploads\/2019\/05\/Inces-2-Cruz-de-Mayo.jpg\" alt=\"\" width=\"850\" height=\"567\" srcset=\"https:\/\/inces.gob.ve\/wp-content\/uploads\/2019\/05\/Inces-2-Cruz-de-Mayo.jpg 850w, https:\/\/inces.gob.ve\/wp-content\/uploads\/2019\/05\/Inces-2-Cruz-de-Mayo-300x200.jpg 300w, https:\/\/inces.gob.ve\/wp-content\/uploads\/2019\/05\/Inces-2-Cruz-de-Mayo-768x512.jpg 768w\" sizes=\"auto, (max-width: 850px) 100vw, 850px\" \/><\/span><\/span><\/p>\n","protected":false},"excerpt":{"rendered":"<p>** Se agradecen las buenas cosechas y la producci\u00f3n de la tierra en general<\/p>\n","protected":false},"author":15,"featured_media":28098,"comment_status":"closed","ping_status":"closed","sticky":false,"template":"","format":"standard","meta":{"footnotes":""},"categories":[2],"tags":[],"class_list":["post-28094","post","type-post","status-publish","format-standard","has-post-thumbnail","hentry","category-blog"],"_links":{"self":[{"href":"https:\/\/inces.gob.ve\/index.php\/wp-json\/wp\/v2\/posts\/28094","targetHints":{"allow":["GET"]}}],"collection":[{"href":"https:\/\/inces.gob.ve\/index.php\/wp-json\/wp\/v2\/posts"}],"about":[{"href":"https:\/\/inces.gob.ve\/index.php\/wp-json\/wp\/v2\/types\/post"}],"author":[{"embeddable":true,"href":"https:\/\/inces.gob.ve\/index.php\/wp-json\/wp\/v2\/users\/15"}],"replies":[{"embeddable":true,"href":"https:\/\/inces.gob.ve\/index.php\/wp-json\/wp\/v2\/comments?post=28094"}],"version-history":[{"count":1,"href":"https:\/\/inces.gob.ve\/index.php\/wp-json\/wp\/v2\/posts\/28094\/revisions"}],"predecessor-version":[{"id":28099,"href":"https:\/\/inces.gob.ve\/index.php\/wp-json\/wp\/v2\/posts\/28094\/revisions\/28099"}],"wp:featuredmedia":[{"embeddable":true,"href":"https:\/\/inces.gob.ve\/index.php\/wp-json\/wp\/v2\/media\/28098"}],"wp:attachment":[{"href":"https:\/\/inces.gob.ve\/index.php\/wp-json\/wp\/v2\/media?parent=28094"}],"wp:term":[{"taxonomy":"category","embeddable":true,"href":"https:\/\/inces.gob.ve\/index.php\/wp-json\/wp\/v2\/categories?post=28094"},{"taxonomy":"post_tag","embeddable":true,"href":"https:\/\/inces.gob.ve\/index.php\/wp-json\/wp\/v2\/tags?post=28094"}],"curies":[{"name":"wp","href":"https:\/\/api.w.org\/{rel}","templated":true}]}}