{"id":28100,"date":"2019-05-20T08:01:41","date_gmt":"2019-05-20T14:01:41","guid":{"rendered":"http:\/\/www.inces.gob.ve\/?p=28100"},"modified":"2020-05-28T20:28:38","modified_gmt":"2020-05-29T00:28:38","slug":"inces-y-mppe-emprenden-plan-de-formacion-para-los-voceros-de-los-consejos-educativos","status":"publish","type":"post","link":"https:\/\/inces.gob.ve\/index.php\/2019\/05\/20\/inces-y-mppe-emprenden-plan-de-formacion-para-los-voceros-de-los-consejos-educativos\/","title":{"rendered":"Inces y MPPE emprenden Plan de Formaci\u00f3n para los Voceros de los Consejos Educativos"},"content":{"rendered":"<p align=\"justify\"><span style=\"font-family: Arial, sans-serif;\"><span style=\"font-size: large;\"><b>** El pr\u00f3ximo reto es proyectar las etapas del proceso abarcando el \u00e1mbito nacional<\/b><\/span><\/span><!--more--><\/p>\n<p align=\"justify\"><span style=\"font-family: Arial, sans-serif;\"><span style=\"font-size: large;\"><b>Ivaldo Rodr\u00edguez | Prensa Inces sede<\/b><\/span><\/span><\/p>\n<p align=\"justify\"><span style=\"font-family: Arial, sans-serif;\"><span style=\"font-size: large;\"><b>Datos GG de Formaci\u00f3n Profesional<\/b><\/span><\/span><\/p>\n<p align=\"justify\">\n<p align=\"justify\"><span style=\"font-family: Arial, sans-serif;\"><span style=\"font-size: large;\">En d\u00edas recientes se llevaron a cabo algunas reuniones entre representantes del Ministerio del Poder Popular para la Educaci\u00f3n (MPPE) y el Instituto Nacional de Capacitaci\u00f3n y Educaci\u00f3n Socialista (Inces), cuyo prop\u00f3sito inicial fue el e<span lang=\"es-ES\">stablecimiento de las bases del Plan de Formaci\u00f3n de los voceros y voceras de los Consejos Educativos del Distrito Capital. Para ello se conform\u00f3 una mesa de trabajo en la que se abord\u00f3 la revisi\u00f3n, an\u00e1lisis y propuesta del Plan de Formaci\u00f3n de los Consejos Educativos.<\/span><\/span><\/span><\/p>\n<p align=\"justify\"><span style=\"font-family: Arial, sans-serif;\"><span style=\"font-size: large;\">De este encuentro surgi\u00f3 la idea de facilitar talleres de Carpinter\u00eda \/ Herrrer\u00eda, Bombillos Ahorradores, Proyectos Socio Productivos, Liderazgo y Cultura Profesional, Art\u00edculos de Limpieza y Gastronom\u00eda; as\u00ed como, comenzar un despliegue en las parroquias de Ant\u00edmano y 23 de Enero. Adicionalmente, se plante\u00f3 formar a las empresas comunales de mantenimiento con formaciones contingenciadas de 40 o 60 horas.<\/span><\/span><\/p>\n<p align=\"justify\"><span style=\"font-family: Arial, sans-serif;\"><span style=\"font-size: large;\">De esta aproximaci\u00f3n se acord\u00f3 hacer acreditaciones y formaciones y crear el plan de trabajo con la incorporaci\u00f3n de la formaci\u00f3n del Inces.<\/span><\/span><\/p>\n<p align=\"justify\"><span style=\"font-family: Arial, sans-serif;\"><span style=\"font-size: large;\">Posteriormente, el 14 de Mayo, se realiz\u00f3 el \u00faltimo de tres encuentros donde se plante\u00f3 c<span lang=\"es-ES\">onstruir el plan de abordaje para la formaci\u00f3n en proyectos socio productivos de 325 voceros y voceras de los Consejos Educativos de las Unidades Educativas del MPPE en las 22 parroquias del Distrito Capital, incluyendo a Ciudad Caribia. Para ello se proyect\u00f3 atender la formaci\u00f3n en 13 Unidades Educativas de 8 Ejes Comunales que comprenden las parroquias antes citadas y la incorporaci\u00f3n de 13 Maestros T\u00e9cnicos Productivos del Inces de las Regionales Distrito Capital y Vargas.<\/span><\/span><\/span><\/p>\n<p align=\"justify\"><span style=\"font-family: Arial, sans-serif;\"><span style=\"font-size: large;\"><span lang=\"es-ES\">Adicionalmente, se propuso realizar los talleres durante dos semanas, en lugar de una semana. Qued\u00f3 claro <\/span>adem\u00e1s, que se acordar\u00e1 la fecha para el inicio de las formaciones, una vez que se conozca el 100% de los espacios formativos (UE) para dichas capacitaciones.<\/span><\/span><\/p>\n<p align=\"justify\"><span style=\"font-family: Arial, sans-serif;\"><span style=\"font-size: large;\">Es de resaltar que se est\u00e1 a la espera de la fecha para celebrar el Segundo Encuentro con los Voceros y Voceras de los Consejos Educativos en la Casa Bello del MPPE, a la cual est\u00e1n convocados Servidores P\u00fablicos del Inces y el MPPE. Durante este evento se presentar\u00e1 el Plan de Formaci\u00f3n, igualmente, el Inces caracterizar\u00e1 y registrar\u00e1 a los voceros y voceras que participar\u00e1n en la Formaci\u00f3n de Proyectos Socio Productivos.<\/span><\/span><\/p>\n<p align=\"justify\"><span style=\"font-family: Arial, sans-serif;\"><span style=\"font-size: large;\">Finalmente adelantaron, que se llevar\u00e1 a cabo <span lang=\"es-ES\">visitas conjuntas al inicio y durante las formaciones con el fin de realizar los reportes, la rese\u00f1a de prensa, la socializaci\u00f3n del evento y los registros necesarios.<\/span><\/span><\/span><\/p>\n<p align=\"justify\"><span style=\"font-family: Arial, sans-serif;\"><span style=\"font-size: large;\"><span lang=\"es-ES\">La mesa de trabajo conjunta continuar\u00e1 elaborando el plan de formaci\u00f3n definitivo, contemplando la log\u00edstica y una campa\u00f1a comunicacional, entre otras actividades necesarias. El pr\u00f3ximo objetivo ya en marcha es la o<\/span>rganizaci\u00f3n de las etapas del plan y su proyecci\u00f3n a nivel nacional.<\/span><\/span><\/p>\n<p align=\"justify\"><a name=\"__DdeLink__441_539980323\"><\/a> <span style=\"font-family: Arial, sans-serif;\"><span style=\"font-size: large;\"><span lang=\"es-ES\">Han participado en estas mesas por los Consejos Educativos del MPPE: Eneida Sarmiento, Francelis Garc\u00eda, Marco Velutini, Edwar Becerra, M\u00f3nica Pulido; en tanto que por el Inces han asistido Jes\u00fas Hern\u00e1ndez, Gerente T\u00e9cnico de Formaci\u00f3n Profesional, Eder Atencio, Coordinador Nacional del Programa Bachillerato con Perfil Productivo y Evelin Zambrano de los Consejos Estudiantiles de la Gerencia General de Formaci\u00f3n Profesional.<\/span><\/span><\/span><\/p>\n","protected":false},"excerpt":{"rendered":"<p>** El pr\u00f3ximo reto es proyectar las etapas del proceso abarcando el \u00e1mbito nacional<\/p>\n","protected":false},"author":15,"featured_media":28101,"comment_status":"closed","ping_status":"closed","sticky":false,"template":"","format":"standard","meta":{"footnotes":""},"categories":[2],"tags":[],"class_list":["post-28100","post","type-post","status-publish","format-standard","has-post-thumbnail","hentry","category-blog"],"_links":{"self":[{"href":"https:\/\/inces.gob.ve\/index.php\/wp-json\/wp\/v2\/posts\/28100","targetHints":{"allow":["GET"]}}],"collection":[{"href":"https:\/\/inces.gob.ve\/index.php\/wp-json\/wp\/v2\/posts"}],"about":[{"href":"https:\/\/inces.gob.ve\/index.php\/wp-json\/wp\/v2\/types\/post"}],"author":[{"embeddable":true,"href":"https:\/\/inces.gob.ve\/index.php\/wp-json\/wp\/v2\/users\/15"}],"replies":[{"embeddable":true,"href":"https:\/\/inces.gob.ve\/index.php\/wp-json\/wp\/v2\/comments?post=28100"}],"version-history":[{"count":1,"href":"https:\/\/inces.gob.ve\/index.php\/wp-json\/wp\/v2\/posts\/28100\/revisions"}],"predecessor-version":[{"id":28102,"href":"https:\/\/inces.gob.ve\/index.php\/wp-json\/wp\/v2\/posts\/28100\/revisions\/28102"}],"wp:featuredmedia":[{"embeddable":true,"href":"https:\/\/inces.gob.ve\/index.php\/wp-json\/wp\/v2\/media\/28101"}],"wp:attachment":[{"href":"https:\/\/inces.gob.ve\/index.php\/wp-json\/wp\/v2\/media?parent=28100"}],"wp:term":[{"taxonomy":"category","embeddable":true,"href":"https:\/\/inces.gob.ve\/index.php\/wp-json\/wp\/v2\/categories?post=28100"},{"taxonomy":"post_tag","embeddable":true,"href":"https:\/\/inces.gob.ve\/index.php\/wp-json\/wp\/v2\/tags?post=28100"}],"curies":[{"name":"wp","href":"https:\/\/api.w.org\/{rel}","templated":true}]}}