{"id":28103,"date":"2019-05-20T08:21:30","date_gmt":"2019-05-20T14:21:30","guid":{"rendered":"http:\/\/www.inces.gob.ve\/?p=28103"},"modified":"2020-05-28T20:33:28","modified_gmt":"2020-05-29T00:33:28","slug":"400-trabajadores-del-hospital-coromoto-tienen-la-oportunidad-de-acreditar-sus-saberes","status":"publish","type":"post","link":"https:\/\/inces.gob.ve\/index.php\/2019\/05\/20\/400-trabajadores-del-hospital-coromoto-tienen-la-oportunidad-de-acreditar-sus-saberes\/","title":{"rendered":"400 trabajadores del hospital Coromoto tienen la oportunidad de acreditar sus saberes"},"content":{"rendered":"<p class=\"western\" align=\"justify\"><span style=\"font-family: arial, serif;\"><span style=\"font-size: large;\"><i><b>** Este proceso le permitir\u00e1 a muchos de ellos asumir otras responsabilidades y obtener mejoras salariales<\/b><\/i><\/span><\/span><\/p>\n<p class=\"western\" align=\"justify\">\n<!--more--><\/p>\n<p class=\"western\" align=\"justify\"><span style=\"font-family: arial, serif;\"><span style=\"font-size: large;\"><b>YUDITH CASTRO | Zulia <\/b><\/span><\/span><\/p>\n<p class=\"western\" align=\"justify\">\n<p class=\"western\" align=\"justify\"><span style=\"font-family: arial, serif;\"><span style=\"font-size: large;\">A trav\u00e9s del Inces, un total de 400 trabajadores del hospital Coromoto de Maracaibo tendr\u00e1n la oportunidad de validar sus conocimientos adquiridos mediante la observaci\u00f3n y la experiencia laboral, expres\u00f3 el coordinador del Programa de Adiestramiento de Empresas de la instituci\u00f3n, Pedro Espinoza.<\/span><\/span><\/p>\n<p class=\"western\" align=\"justify\">\n<img loading=\"lazy\" decoding=\"async\" class=\"aligncenter wp-image-28105 size-full\" src=\"http:\/\/www.inces.gob.ve\/wp-content\/uploads\/2019\/05\/Inces-20-05-2019-2-acreditar-saberes.jpg\" alt=\"\" width=\"850\" height=\"510\" srcset=\"https:\/\/inces.gob.ve\/wp-content\/uploads\/2019\/05\/Inces-20-05-2019-2-acreditar-saberes.jpg 850w, https:\/\/inces.gob.ve\/wp-content\/uploads\/2019\/05\/Inces-20-05-2019-2-acreditar-saberes-300x180.jpg 300w, https:\/\/inces.gob.ve\/wp-content\/uploads\/2019\/05\/Inces-20-05-2019-2-acreditar-saberes-768x461.jpg 768w\" sizes=\"auto, (max-width: 850px) 100vw, 850px\" \/><\/p>\n<p class=\"western\" align=\"justify\"><a name=\"_GoBack\"><\/a><span style=\"font-family: arial, serif;\"><span style=\"font-size: large;\">Este acuerdo surgi\u00f3 de un encuentro que sostuvo con la gerente de Formaci\u00f3n y Capacitaci\u00f3n del recinto hospitalario, Acilegna Velandria, quien le manifest\u00f3 la necesidad de legitimar los saberes emp\u00edricos de los trabajadores porque le permitir\u00e1 a muchos de ellos ascender a otras responsabilidades, y a su vez obtendr\u00e1n mejoras salariales. <\/span><\/span><\/p>\n<p class=\"western\" align=\"justify\">\n<p class=\"western\" align=\"justify\"><span style=\"font-family: arial, serif;\"><span style=\"font-size: large;\">Otra de las solicitudes -indic\u00f3- fue la ejecuci\u00f3n de cursos de car\u00e1cter motivacional y se le ofreci\u00f3 Motivaci\u00f3n al Logro, Desarrollo y Crecimiento Personal y Atenci\u00f3n al P\u00fablico, entre otros. <\/span><\/span><\/p>\n<p class=\"western\" align=\"justify\">\n<p class=\"western\" align=\"justify\"><span style=\"font-family: arial, serif;\"><span style=\"font-size: large;\">Para iniciar ambos procesos, la responsable de formaci\u00f3n del hospital entregar\u00e1 en los pr\u00f3ximos d\u00edas el diagn\u00f3stico de los oficios a certificar y la lista de los participantes para los cursos. <\/span><\/span><\/p>\n<p class=\"western\" align=\"justify\">\n<p class=\"western\" align=\"justify\"><span style=\"font-family: arial, serif;\"><span style=\"font-size: large;\">Una vez recibida la informaci\u00f3n se proceder\u00e1 a ubicar a los expertos en los oficios para que efect\u00faen el conversatorio y posteriormente las pruebas pr\u00e1cticas, concluy\u00f3 Espinoza. <\/span><\/span><\/p>\n","protected":false},"excerpt":{"rendered":"<p>** Este proceso le permitir\u00e1 a muchos de ellos asumir otras responsabilidades y obtener mejoras salariales<\/p>\n","protected":false},"author":15,"featured_media":28104,"comment_status":"closed","ping_status":"closed","sticky":false,"template":"","format":"standard","meta":{"footnotes":""},"categories":[2],"tags":[],"class_list":["post-28103","post","type-post","status-publish","format-standard","has-post-thumbnail","hentry","category-blog"],"_links":{"self":[{"href":"https:\/\/inces.gob.ve\/index.php\/wp-json\/wp\/v2\/posts\/28103","targetHints":{"allow":["GET"]}}],"collection":[{"href":"https:\/\/inces.gob.ve\/index.php\/wp-json\/wp\/v2\/posts"}],"about":[{"href":"https:\/\/inces.gob.ve\/index.php\/wp-json\/wp\/v2\/types\/post"}],"author":[{"embeddable":true,"href":"https:\/\/inces.gob.ve\/index.php\/wp-json\/wp\/v2\/users\/15"}],"replies":[{"embeddable":true,"href":"https:\/\/inces.gob.ve\/index.php\/wp-json\/wp\/v2\/comments?post=28103"}],"version-history":[{"count":1,"href":"https:\/\/inces.gob.ve\/index.php\/wp-json\/wp\/v2\/posts\/28103\/revisions"}],"predecessor-version":[{"id":28106,"href":"https:\/\/inces.gob.ve\/index.php\/wp-json\/wp\/v2\/posts\/28103\/revisions\/28106"}],"wp:featuredmedia":[{"embeddable":true,"href":"https:\/\/inces.gob.ve\/index.php\/wp-json\/wp\/v2\/media\/28104"}],"wp:attachment":[{"href":"https:\/\/inces.gob.ve\/index.php\/wp-json\/wp\/v2\/media?parent=28103"}],"wp:term":[{"taxonomy":"category","embeddable":true,"href":"https:\/\/inces.gob.ve\/index.php\/wp-json\/wp\/v2\/categories?post=28103"},{"taxonomy":"post_tag","embeddable":true,"href":"https:\/\/inces.gob.ve\/index.php\/wp-json\/wp\/v2\/tags?post=28103"}],"curies":[{"name":"wp","href":"https:\/\/api.w.org\/{rel}","templated":true}]}}