{"id":28122,"date":"2019-05-20T12:15:34","date_gmt":"2019-05-20T18:15:34","guid":{"rendered":"http:\/\/www.inces.gob.ve\/?p=28122"},"modified":"2020-05-28T20:28:38","modified_gmt":"2020-05-29T00:28:38","slug":"inces-guarico-continua-brindando-formacion-a-mujeres-de-san-juan-de-los-morros","status":"publish","type":"post","link":"https:\/\/inces.gob.ve\/index.php\/2019\/05\/20\/inces-guarico-continua-brindando-formacion-a-mujeres-de-san-juan-de-los-morros\/","title":{"rendered":"Inces Gu\u00e1rico contin\u00faa brindando formaci\u00f3n a mujeres de San Juan de los Morros"},"content":{"rendered":"<p class=\"western\" align=\"justify\"><span style=\"font-family: Arial, sans-serif;\"><span style=\"font-size: large;\"><i><b>** En conjunto con el Ministerio del Poder popular para la Mujer<\/b><\/i><\/span><\/span><\/p>\n<p class=\"western\" align=\"justify\">\n<!--more--><\/p>\n<p class=\"western\" align=\"justify\"><span style=\"font-family: Arial, sans-serif;\"><span style=\"font-size: large;\"><b>JULIO RODR\u00cdGUEZ | Gu\u00e1rico<\/b><\/span><\/span><\/p>\n<p class=\"western\" align=\"justify\">\n<p class=\"western\" align=\"justify\"><span style=\"font-family: Arial, sans-serif;\"><span style=\"font-size: large;\">El Instituto Nacional de Capacitaci\u00f3n y Educaci\u00f3n Socialista (Inces) del estado Gu\u00e1rico, en conjunto con los entes adscritos al Ministerio del Poder Popular para la Mujer y la Igualdad de G\u00e9nero culminaron formaci\u00f3n en elaboraci\u00f3n de pasta de boller\u00eda dirigido a las beneficiarias del Banco de la Mujer, en San Juan de los Morros.<\/span><\/span><\/p>\n<p class=\"western\" align=\"justify\">\n<p class=\"western\" align=\"justify\"><span style=\"font-family: Arial, sans-serif;\"><span style=\"font-size: large;\">El proceso formativo estuvo a cargo del maestro t\u00e9cnico voluntario, Israel Dar\u00edo Ni\u00f1o, quien se\u00f1al\u00f3 que el mismo const\u00f3 de cinco m\u00f3dulos, durante los cuales aprendieron a elaborar bombas, donas y quesadillas; as\u00ed como crema pastelera y los rellenos propios de cada producto, todo lo referido a panader\u00eda dulce, golfeados, rolls de canela, tunjas, pan de coco, pi\u00f1itas, pasta choux para hacer profiteroles, churros, donas, bombas, muffin, ponquesitos de diversos tipos, pasta seca y masa de hojaldre con productos salados y dulces. Tambi\u00e9n se realiz\u00f3 un m\u00f3dulo extra para elaboraci\u00f3n de cortados y catalinas rellenas.<\/span><\/span><\/p>\n<p class=\"western\" align=\"justify\"><img loading=\"lazy\" decoding=\"async\" class=\"aligncenter wp-image-28123 size-full\" src=\"http:\/\/www.inces.gob.ve\/wp-content\/uploads\/2019\/05\/Inces-1-200519guarico.jpg\" alt=\"\" width=\"850\" height=\"1012\" srcset=\"https:\/\/inces.gob.ve\/wp-content\/uploads\/2019\/05\/Inces-1-200519guarico.jpg 850w, https:\/\/inces.gob.ve\/wp-content\/uploads\/2019\/05\/Inces-1-200519guarico-252x300.jpg 252w, https:\/\/inces.gob.ve\/wp-content\/uploads\/2019\/05\/Inces-1-200519guarico-768x914.jpg 768w, https:\/\/inces.gob.ve\/wp-content\/uploads\/2019\/05\/Inces-1-200519guarico-645x768.jpg 645w\" sizes=\"auto, (max-width: 850px) 100vw, 850px\" \/><br \/>\n<span style=\"font-family: Arial, sans-serif;\"><span style=\"font-size: large;\">Rosa Virginia P\u00e9rez, coordinadora del Programa Turismo de Inces Gu\u00e1rico, inform\u00f3 que este curso estuvo integrado por 17 participantes, de las cuales algunas ya est\u00e1n financiadas y ten\u00edan conocimientos previos, pero quer\u00edan afinar sus saberes y conocer algunas t\u00e9cnicas nuevas para ampliar la gama de productos que ofrecen en sus comunidades.<\/span><\/span><\/p>\n<p class=\"western\" align=\"justify\">\n<p class=\"western\" align=\"justify\"><span style=\"font-family: Arial, sans-serif;\"><span style=\"font-size: large;\">P\u00e9rez agreg\u00f3 que tambi\u00e9n se trabaj\u00f3 con harinas alternativas y los frutos de la temporada como el mango, destacando que esto forma parte de las orientaciones \u201cde nuestro ministro de Educaci\u00f3n Arist\u00f3bulo Ist\u00fariz y el presidente del Inces Wuikelman \u00c1ngel Paredes de trabajar de manera articulada con las otras instituciones del gobierno revolucionario, para llevar a cada rinc\u00f3n del estado la formaci\u00f3n productiva que se requiere para impulsar el desarrollo desde lo end\u00f3geno\u201d, por lo que este despliegue se viene realizando en los diferentes municipios. <img loading=\"lazy\" decoding=\"async\" class=\"aligncenter wp-image-28124 size-full\" src=\"http:\/\/www.inces.gob.ve\/wp-content\/uploads\/2019\/05\/Inces-4-2005819guarico2.jpg\" alt=\"\" width=\"850\" height=\"986\" srcset=\"https:\/\/inces.gob.ve\/wp-content\/uploads\/2019\/05\/Inces-4-2005819guarico2.jpg 850w, https:\/\/inces.gob.ve\/wp-content\/uploads\/2019\/05\/Inces-4-2005819guarico2-259x300.jpg 259w, https:\/\/inces.gob.ve\/wp-content\/uploads\/2019\/05\/Inces-4-2005819guarico2-768x891.jpg 768w, https:\/\/inces.gob.ve\/wp-content\/uploads\/2019\/05\/Inces-4-2005819guarico2-662x768.jpg 662w\" sizes=\"auto, (max-width: 850px) 100vw, 850px\" \/><\/span><\/span><\/p>\n<p class=\"western\" align=\"justify\"><span style=\"font-family: Arial, sans-serif;\"><span style=\"font-size: large;\">Por su parte, la participante Nora Rodr\u00edguez calific\u00f3 como \u201cextraordinaria\u201d la jornada, manifestando sentirse complacida por haber aprendido a elaborar una amplia variedad de productos que le permitir\u00e1n mejorar en la actividad productiva que lleva a cabo con sus hijas, con las cuales conform\u00f3 una Unidad de Producci\u00f3n Familiar, en la que elaboran productos de reposter\u00eda que ofrecen a la comunidad a bajo costo. <\/span><\/span><\/p>\n<p class=\"western\" align=\"justify\">\n<p class=\"western\" align=\"justify\">\u201c<span style=\"font-family: Arial, sans-serif;\"><span style=\"font-size: large;\">Ahora las mujeres estamos siendo llamadas desde la comunidad y desde la familia a producir para contribuir con nuestros pa\u00eds en estos momentos que estamos soportando una guerra econ\u00f3mica, con la que nos quieren atropellar a trav\u00e9s de ese bloqueo que nos lleva a levantarnos y ratificar nuestro compromiso con la patria y con el presidente Nicol\u00e1s Maduro\u201d, asever\u00f3 Rodr\u00edguez.<\/span><\/span><\/p>\n<p class=\"western\" align=\"justify\">\n","protected":false},"excerpt":{"rendered":"<p>** En conjunto con el Ministerio del Poder popular para la Mujer<\/p>\n","protected":false},"author":15,"featured_media":28125,"comment_status":"closed","ping_status":"closed","sticky":false,"template":"","format":"standard","meta":{"footnotes":""},"categories":[2],"tags":[],"class_list":["post-28122","post","type-post","status-publish","format-standard","has-post-thumbnail","hentry","category-blog"],"_links":{"self":[{"href":"https:\/\/inces.gob.ve\/index.php\/wp-json\/wp\/v2\/posts\/28122","targetHints":{"allow":["GET"]}}],"collection":[{"href":"https:\/\/inces.gob.ve\/index.php\/wp-json\/wp\/v2\/posts"}],"about":[{"href":"https:\/\/inces.gob.ve\/index.php\/wp-json\/wp\/v2\/types\/post"}],"author":[{"embeddable":true,"href":"https:\/\/inces.gob.ve\/index.php\/wp-json\/wp\/v2\/users\/15"}],"replies":[{"embeddable":true,"href":"https:\/\/inces.gob.ve\/index.php\/wp-json\/wp\/v2\/comments?post=28122"}],"version-history":[{"count":1,"href":"https:\/\/inces.gob.ve\/index.php\/wp-json\/wp\/v2\/posts\/28122\/revisions"}],"predecessor-version":[{"id":28126,"href":"https:\/\/inces.gob.ve\/index.php\/wp-json\/wp\/v2\/posts\/28122\/revisions\/28126"}],"wp:featuredmedia":[{"embeddable":true,"href":"https:\/\/inces.gob.ve\/index.php\/wp-json\/wp\/v2\/media\/28125"}],"wp:attachment":[{"href":"https:\/\/inces.gob.ve\/index.php\/wp-json\/wp\/v2\/media?parent=28122"}],"wp:term":[{"taxonomy":"category","embeddable":true,"href":"https:\/\/inces.gob.ve\/index.php\/wp-json\/wp\/v2\/categories?post=28122"},{"taxonomy":"post_tag","embeddable":true,"href":"https:\/\/inces.gob.ve\/index.php\/wp-json\/wp\/v2\/tags?post=28122"}],"curies":[{"name":"wp","href":"https:\/\/api.w.org\/{rel}","templated":true}]}}