{"id":28171,"date":"2019-05-21T10:50:17","date_gmt":"2019-05-21T16:50:17","guid":{"rendered":"http:\/\/www.inces.gob.ve\/?p=28171"},"modified":"2020-05-28T20:28:38","modified_gmt":"2020-05-29T00:28:38","slug":"corpivensa-e-inces-afinan-estrategias-metodologicas-para-desarrollos-curriculares-conjuntos","status":"publish","type":"post","link":"https:\/\/inces.gob.ve\/index.php\/2019\/05\/21\/corpivensa-e-inces-afinan-estrategias-metodologicas-para-desarrollos-curriculares-conjuntos\/","title":{"rendered":"Corpivensa e Inces afinan estrategias metodol\u00f3gicas para desarrollos curriculares conjuntos"},"content":{"rendered":"<p align=\"justify\"><span style=\"font-family: Arial, sans-serif;\"><span style=\"font-size: large;\"><b>** Un trabajo que apenas comienza pero estando revestido de una gran pertinencia social y econ\u00f3mica<\/b><\/span><\/span><!--more--><\/p>\n<p align=\"justify\">\n<p align=\"justify\"><span style=\"font-family: Arial, sans-serif;\"><span style=\"font-size: large;\"><b>Ivaldo Rodr\u00edguez | Prensa Inces sede<\/b><\/span><\/span><\/p>\n<p align=\"justify\"><span style=\"font-family: Arial, sans-serif;\"><span style=\"font-size: large;\"><b>Fotos: Jos\u00e9 Rosario Acosta<\/b><\/span><\/span><\/p>\n<p align=\"justify\"><span style=\"font-family: Arial, sans-serif;\"><span style=\"font-size: large;\">Como estaba previsto se llev\u00f3 a cabo la instalaci\u00f3n de la Mesa T\u00e9cnica de Trabajo Corpivensa-Inces con la integraci\u00f3n de sendos equipos institucionales que tienen como prop\u00f3sito principal iniciar desarrollos curriculares permanentes en el \u00e1rea de las Telecomunicaciones y la Inform\u00e1tica.<\/span><\/span><\/p>\n<p align=\"justify\"><span style=\"font-family: Arial, sans-serif;\"><span style=\"font-size: large;\">En realidad se trata del comienzo de un trabajo arduo, pertinente y mancomunado de larga duraci\u00f3n que se centrar\u00e1 en la construcci\u00f3n de perfiles productivos para lo cual se arranca en esta ocasi\u00f3n, con el montaje del plan de trabajo.<\/span><\/span><\/p>\n<p align=\"justify\"><span style=\"font-family: Arial, sans-serif;\"><span style=\"font-size: large;\"><img loading=\"lazy\" decoding=\"async\" class=\"aligncenter wp-image-28174 size-full\" src=\"http:\/\/www.inces.gob.ve\/wp-content\/uploads\/2019\/05\/Inces-1-21Mayo2019-3.jpg\" alt=\"\" width=\"850\" height=\"567\" srcset=\"https:\/\/inces.gob.ve\/wp-content\/uploads\/2019\/05\/Inces-1-21Mayo2019-3.jpg 850w, https:\/\/inces.gob.ve\/wp-content\/uploads\/2019\/05\/Inces-1-21Mayo2019-3-300x200.jpg 300w, https:\/\/inces.gob.ve\/wp-content\/uploads\/2019\/05\/Inces-1-21Mayo2019-3-768x512.jpg 768w\" sizes=\"auto, (max-width: 850px) 100vw, 850px\" \/><\/span><\/span><\/p>\n<p align=\"justify\"><span style=\"font-family: Arial, sans-serif;\"><span style=\"font-size: large;\">Todo este accionar se sustenta en el convenio marco suscrito entre ambas organizaciones que tiene como objeto fundamental establecer los t\u00e9rminos y condiciones para que el<b> <\/b>Inces y Corpivensa<b>,<\/b> realicen acciones conjuntas y coordinadas en proyectos de formaci\u00f3n en las \u00e1reas que lo requieran, con la participaci\u00f3n de expertos en materia de ingenier\u00eda, procesos y desarrollo industrial, automatizaci\u00f3n, optimizaci\u00f3n de recursos humanos, financieros y f\u00edsicos, adscritos a Corpivensa y sus empresas afines; para responder a las necesidades socioecon\u00f3micas del sector.<\/span><\/span><\/p>\n<p lang=\"es-ES\" align=\"justify\"><span style=\"color: #00000a;\"><span style=\"font-family: Arial, sans-serif;\"><span style=\"font-size: large;\">En ese contexto se persigue actualizar y orientar los programas formativos integrales y permanentes hacia las necesidades y demandas del sistema productivo nacional, con el fin de garantizar la formaci\u00f3n t\u00e9cnica, profesional y ocupacional del trabajo.<\/span><\/span><\/span><\/p>\n<p lang=\"es-ES\" align=\"justify\"><span style=\"color: #00000a;\"><span style=\"font-family: Arial, sans-serif;\"><span style=\"font-size: large;\">Asimismo existe el compromiso de elaborar y ejecutar planes que interrelacionen los programas nacionales de formaci\u00f3n con los planes de formaci\u00f3n bienales de las entidades de trabajo y los proyectos de formaci\u00f3n elaborados por las comunidades, de acuerdo a sus necesidades y potencialidades productivas, para el encadenamiento productivo nacional, en funci\u00f3n de consolidar la soberan\u00eda econ\u00f3mica del pa\u00eds y garantizar la justa distribuci\u00f3n de la riqueza.<\/span><\/span><\/span><\/p>\n<p lang=\"es-ES\" align=\"justify\"><span style=\"color: #00000a;\"><span style=\"font-family: Arial, sans-serif;\"><span style=\"font-size: large;\">Al encuentro concurrieron representantes de la Gerencia de Tecnolog\u00eda de la Informaci\u00f3n y Comunicaci\u00f3n de Corpivensa liderados por el gerente general William Zambrano y su equipo t\u00e9cnico, conformado por Joyner Jim\u00e9nez, Sharont Dellusoe y Felipe Villamizar quien adem\u00e1s representa a Juventud Productiva Venezolana. Igualmente acudi\u00f3 el gerente de Plantas de Corpivensa, Oskin Brice\u00f1o.<\/span><\/span><\/span><\/p>\n<p lang=\"es-ES\" align=\"justify\"><span style=\"color: #00000a;\"><span style=\"font-family: Arial, sans-serif;\"><span style=\"font-size: large;\"><img loading=\"lazy\" decoding=\"async\" class=\"aligncenter wp-image-28173 size-full\" src=\"http:\/\/www.inces.gob.ve\/wp-content\/uploads\/2019\/05\/Inces-2-21Mayo2019-2.jpg\" alt=\"\" width=\"850\" height=\"567\" srcset=\"https:\/\/inces.gob.ve\/wp-content\/uploads\/2019\/05\/Inces-2-21Mayo2019-2.jpg 850w, https:\/\/inces.gob.ve\/wp-content\/uploads\/2019\/05\/Inces-2-21Mayo2019-2-300x200.jpg 300w, https:\/\/inces.gob.ve\/wp-content\/uploads\/2019\/05\/Inces-2-21Mayo2019-2-768x512.jpg 768w\" sizes=\"auto, (max-width: 850px) 100vw, 850px\" \/><\/span><\/span><\/span><\/p>\n<p lang=\"es-ES\" align=\"justify\"><span style=\"color: #00000a;\"><span style=\"font-family: Arial, sans-serif;\"><span style=\"font-size: large;\">De parte de nuestra casa de capacitaci\u00f3n asistieron representantes de la Gerencia General de Formaci\u00f3n Profesional en la persona de Tania D\u00edaz como coordinadora del Programa Nacional de Adiestramiento en Empresas, Rosa Rodr\u00edguez, coordinadora del Programa de Telecomunicaciones e Inform\u00e1tica, en tanto que por la Gerencia de Sistemas y Tecnolog\u00eda de la Informaci\u00f3n dijeron presente Jenifer Moreno y Alfonzo Espinoza.<\/span><\/span><\/span><\/p>\n<p lang=\"es-ES\" align=\"justify\"><span style=\"color: #00000a;\"><span style=\"font-family: Arial, sans-serif;\"><span style=\"font-size: large;\">De manera simult\u00e1nea un equipo compuesto por integrantes de ambas instituciones estuvo analizando los procesos de desarrollo previstos para este a\u00f1o en relaci\u00f3n con las Brigadas Productivas Chambistas y su formaci\u00f3n, pero de este acercamiento estaremos comentando en venidera nota de prensa.<\/span><\/span><\/span><\/p>\n","protected":false},"excerpt":{"rendered":"<p>** Un trabajo que apenas comienza pero estando revestido de una gran pertinencia social y econ\u00f3mica<\/p>\n","protected":false},"author":15,"featured_media":28172,"comment_status":"closed","ping_status":"closed","sticky":false,"template":"","format":"standard","meta":{"footnotes":""},"categories":[2],"tags":[],"class_list":["post-28171","post","type-post","status-publish","format-standard","has-post-thumbnail","hentry","category-blog"],"_links":{"self":[{"href":"https:\/\/inces.gob.ve\/index.php\/wp-json\/wp\/v2\/posts\/28171","targetHints":{"allow":["GET"]}}],"collection":[{"href":"https:\/\/inces.gob.ve\/index.php\/wp-json\/wp\/v2\/posts"}],"about":[{"href":"https:\/\/inces.gob.ve\/index.php\/wp-json\/wp\/v2\/types\/post"}],"author":[{"embeddable":true,"href":"https:\/\/inces.gob.ve\/index.php\/wp-json\/wp\/v2\/users\/15"}],"replies":[{"embeddable":true,"href":"https:\/\/inces.gob.ve\/index.php\/wp-json\/wp\/v2\/comments?post=28171"}],"version-history":[{"count":1,"href":"https:\/\/inces.gob.ve\/index.php\/wp-json\/wp\/v2\/posts\/28171\/revisions"}],"predecessor-version":[{"id":28175,"href":"https:\/\/inces.gob.ve\/index.php\/wp-json\/wp\/v2\/posts\/28171\/revisions\/28175"}],"wp:featuredmedia":[{"embeddable":true,"href":"https:\/\/inces.gob.ve\/index.php\/wp-json\/wp\/v2\/media\/28172"}],"wp:attachment":[{"href":"https:\/\/inces.gob.ve\/index.php\/wp-json\/wp\/v2\/media?parent=28171"}],"wp:term":[{"taxonomy":"category","embeddable":true,"href":"https:\/\/inces.gob.ve\/index.php\/wp-json\/wp\/v2\/categories?post=28171"},{"taxonomy":"post_tag","embeddable":true,"href":"https:\/\/inces.gob.ve\/index.php\/wp-json\/wp\/v2\/tags?post=28171"}],"curies":[{"name":"wp","href":"https:\/\/api.w.org\/{rel}","templated":true}]}}