{"id":28177,"date":"2019-05-21T11:52:17","date_gmt":"2019-05-21T17:52:17","guid":{"rendered":"http:\/\/www.inces.gob.ve\/?p=28177"},"modified":"2020-05-28T20:28:38","modified_gmt":"2020-05-29T00:28:38","slug":"en-inces-merida-culmino-iii-y-iv-modulo-del-taller-formulacion-de-proyectos","status":"publish","type":"post","link":"https:\/\/inces.gob.ve\/index.php\/2019\/05\/21\/en-inces-merida-culmino-iii-y-iv-modulo-del-taller-formulacion-de-proyectos\/","title":{"rendered":"En Inces M\u00e9rida culmin\u00f3 III y IV m\u00f3dulo del taller \u201cFormulaci\u00f3n de Proyectos\u201d"},"content":{"rendered":"<p align=\"justify\"><span style=\"font-family: arial, sans-serif;\"><span style=\"font-size: large;\"><i><b>** El CFSA La Azulita apuesta con su proyecto a la recuperaci\u00f3n y puesta en funcionamiento del sistema completo de la torrefactora, con su rubro bandera, el caf\u00e9<\/b><\/i><\/span><\/span><!--more--><\/p>\n<p align=\"justify\">\n<p align=\"justify\"><span style=\"font-family: arial, sans-serif;\"><span style=\"font-size: large;\"><b>NADIA LOBO| M\u00e9rida<\/b><\/span><\/span><\/p>\n<p align=\"justify\"><span style=\"font-family: arial, sans-serif;\"><span style=\"font-size: large;\">En el marco del convenio entre el Inces y la \u201cCooperativa dos Trabaihadores da Reforma Agraria Terra livre\u201d, del Movimiento de los Trabajadores sin Tierra de Brasil, se desarroll\u00f3 con \u00e9xito el III y IV m\u00f3dulo de \u201cFormulaci\u00f3n, Evaluaci\u00f3n y Gesti\u00f3n de Proyectos\u201d con la participaci\u00f3n de 25 trabajadores del sector agr\u00edcola de diferentes centros de formaci\u00f3n socialista (CFS) del pa\u00eds.<\/span><\/span><\/p>\n<p align=\"justify\">\n<p align=\"justify\"><span style=\"font-family: arial, sans-serif;\"><span style=\"font-size: large;\">La Actividad se desarroll\u00f3 en le Centro de Formaci\u00f3n Socialista Agr\u00edcola (CFSA) La Azulita, ubicado en el municipio Andr\u00e9s Bello, jurisdicci\u00f3n del estado M\u00e9rida, y cont\u00f3 con la participaci\u00f3n de trabajadores tanto de la gerencia de Cooperaci\u00f3n Nacional e Internacional; como de la Gerencia de Encadenamiento Productivos; as\u00ed como personal adscrito al Programa Agr\u00edcola del Inces procedentes de los estados Aragua, Sucre, Lara, Portuguesa, Distrito Capital y M\u00e9rida, como sede anfitriona.<\/span><\/span><\/p>\n<p align=\"justify\">\n<p><img loading=\"lazy\" decoding=\"async\" class=\"wp-image-28178 size-full\" src=\"http:\/\/www.inces.gob.ve\/wp-content\/uploads\/2019\/05\/21mayazulita.jpg\" alt=\"\" width=\"640\" height=\"480\" srcset=\"https:\/\/inces.gob.ve\/wp-content\/uploads\/2019\/05\/21mayazulita.jpg 640w, https:\/\/inces.gob.ve\/wp-content\/uploads\/2019\/05\/21mayazulita-300x225.jpg 300w, https:\/\/inces.gob.ve\/wp-content\/uploads\/2019\/05\/21mayazulita-136x102.jpg 136w\" sizes=\"auto, (max-width: 640px) 100vw, 640px\" \/><\/p>\n<p align=\"justify\"><span style=\"font-family: arial, sans-serif;\"><span style=\"font-size: large;\">Juan Correa, coordinador nacional del Programa Agr\u00edcola del Inces, asegur\u00f3 que entre los acuerdos establecidos con el Movimiento Sin Tierra se busca, entre otras cosas, la formaci\u00f3n del personal que tiene responsabilidad en los diferentes CFSA. En este sentido, dos de los m\u00f3dulos o contenido del taller de formulaci\u00f3n de proyectos se desarrollaron en la sede, mientras que el III y IV se consolid\u00f3 en el CFSA La Azulita.<\/span><\/span><\/p>\n<p align=\"justify\">\n<p align=\"justify\"><span style=\"font-family: arial, sans-serif;\"><span style=\"font-size: large;\">Se\u00f1al\u00f3 que actualmente con la necesidad de producir en cada uno de los centros de formaci\u00f3n que tiene el Inces, se busca impulsar las potencialidades de cada regi\u00f3n y trabajar en proyectos con factibilidad, y basados en la realidad de cada centro.<\/span><\/span><\/p>\n<p align=\"justify\">\n<p><img loading=\"lazy\" decoding=\"async\" class=\"wp-image-28179 size-full\" src=\"http:\/\/www.inces.gob.ve\/wp-content\/uploads\/2019\/05\/21mayazulita3.jpg\" alt=\"\" width=\"640\" height=\"480\" srcset=\"https:\/\/inces.gob.ve\/wp-content\/uploads\/2019\/05\/21mayazulita3.jpg 640w, https:\/\/inces.gob.ve\/wp-content\/uploads\/2019\/05\/21mayazulita3-300x225.jpg 300w, https:\/\/inces.gob.ve\/wp-content\/uploads\/2019\/05\/21mayazulita3-136x102.jpg 136w\" sizes=\"auto, (max-width: 640px) 100vw, 640px\" \/><\/p>\n<p align=\"justify\"><span style=\"font-family: arial, sans-serif;\"><span style=\"font-size: large;\"> \u201cLos facilitadores del Movimiento Sin Tierra, nos proporcionan su experiencia, as\u00ed como la metodolog\u00eda que se establece a nivel internacional, desde c\u00f3mo montar el anteproyecto, pasando por sus diferentes fases, que permita la aprobaci\u00f3n de recursos financieros y que finalmente faculte su consolidaci\u00f3n\u201d. Dijo, Correa.<\/span><\/span><\/p>\n<p align=\"justify\">\n<p align=\"justify\"><span style=\"font-family: arial, sans-serif;\"><span style=\"font-size: large;\">Rafael S\u00e1nchez y Jes\u00fas Vielma, adscritos al CFSA La Azulita, tras varios d\u00edas de debate, evaluaci\u00f3n y diagn\u00f3stico, actualmente trabajan en el proyecto para la recuperaci\u00f3n de la torrefactora de caf\u00e9, por ser en rubro bandera y estrat\u00e9gico del centro de formaci\u00f3n.<\/span><\/span><\/p>\n<p align=\"justify\">\n<p><img loading=\"lazy\" decoding=\"async\" class=\"wp-image-28180 size-full\" src=\"http:\/\/www.inces.gob.ve\/wp-content\/uploads\/2019\/05\/21mayazulita5.jpg\" alt=\"\" width=\"640\" height=\"480\" srcset=\"https:\/\/inces.gob.ve\/wp-content\/uploads\/2019\/05\/21mayazulita5.jpg 640w, https:\/\/inces.gob.ve\/wp-content\/uploads\/2019\/05\/21mayazulita5-300x225.jpg 300w, https:\/\/inces.gob.ve\/wp-content\/uploads\/2019\/05\/21mayazulita5-136x102.jpg 136w\" sizes=\"auto, (max-width: 640px) 100vw, 640px\" \/><\/p>\n<p align=\"justify\"><span style=\"font-family: arial, sans-serif;\"><span style=\"font-size: large;\">Tambi\u00e9n se cuenta con otras cinco regiones priorizadas tales como: Portuguesa, con la producci\u00f3n de alimentos alternativo para cachamas, que se desarrolla en el CFS Atapaima. Mientras que Lara, adelanta su proyecto de siembra de piment\u00f3n, en diferentes espacios productivos que se encuentran a los largo y ancho de la entidad.<\/span><\/span><\/p>\n<p align=\"justify\">\n<p align=\"justify\"><span style=\"font-family: arial, sans-serif;\"><span style=\"font-size: large;\">Por su parte, el estado Sucre, espec\u00edficamente en el CFS Tunapuy, <\/span><\/span><span style=\"font-family: arial, sans-serif;\"><span style=\"font-size: large;\">se <\/span><\/span><span style=\"font-family: arial, sans-serif;\"><span style=\"font-size: large;\">desarrolla y avanzan en la consolidaci\u00f3n de una casabera artesanal, utilizando la potencialidad de la yuca amarga, como principal rubro de la zona. Entre tanto, Aragua y Distrito Capital avanzan en el la establecimiento de la siembra de hortalizas.<\/span><\/span><\/p>\n<p align=\"justify\">\n<p align=\"justify\"><span style=\"font-family: arial, sans-serif;\"><span style=\"font-size: large;\">Durante el encuentro <\/span><\/span><span style=\"font-family: arial, sans-serif;\"><span style=\"font-size: large;\">se presentaron exposiciones por regiones, <\/span><\/span><span style=\"font-family: arial, sans-serif;\"><span style=\"font-size: large;\">lo<\/span><\/span><span style=\"font-family: arial, sans-serif;\"><span style=\"font-size: large;\"> que permiti\u00f3 evaluar y conocer debilidades, oportunidades, amenazas y fortalezas que pueden aprovecharse y canalizarlas con solidez, para desarrollar proyectos en corto, mediano y largo plazo en beneficio de los centros de formaci\u00f3n y de las comunidades. <\/span><\/span><\/p>\n<p align=\"justify\">\n<p align=\"justify\">\n<p align=\"justify\">\n<p align=\"justify\">\n<p align=\"justify\">\n<p align=\"justify\">\n","protected":false},"excerpt":{"rendered":"<p>** El CFSA La Azulita apuesta con su proyecto a la recuperaci\u00f3n y puesta en funcionamiento del sistema completo de la torrefactora, con su rubro bandera, el caf\u00e9<\/p>\n","protected":false},"author":4,"featured_media":28181,"comment_status":"closed","ping_status":"open","sticky":false,"template":"","format":"standard","meta":{"footnotes":""},"categories":[2],"tags":[],"class_list":["post-28177","post","type-post","status-publish","format-standard","has-post-thumbnail","hentry","category-blog"],"_links":{"self":[{"href":"https:\/\/inces.gob.ve\/index.php\/wp-json\/wp\/v2\/posts\/28177","targetHints":{"allow":["GET"]}}],"collection":[{"href":"https:\/\/inces.gob.ve\/index.php\/wp-json\/wp\/v2\/posts"}],"about":[{"href":"https:\/\/inces.gob.ve\/index.php\/wp-json\/wp\/v2\/types\/post"}],"author":[{"embeddable":true,"href":"https:\/\/inces.gob.ve\/index.php\/wp-json\/wp\/v2\/users\/4"}],"replies":[{"embeddable":true,"href":"https:\/\/inces.gob.ve\/index.php\/wp-json\/wp\/v2\/comments?post=28177"}],"version-history":[{"count":1,"href":"https:\/\/inces.gob.ve\/index.php\/wp-json\/wp\/v2\/posts\/28177\/revisions"}],"predecessor-version":[{"id":28182,"href":"https:\/\/inces.gob.ve\/index.php\/wp-json\/wp\/v2\/posts\/28177\/revisions\/28182"}],"wp:featuredmedia":[{"embeddable":true,"href":"https:\/\/inces.gob.ve\/index.php\/wp-json\/wp\/v2\/media\/28181"}],"wp:attachment":[{"href":"https:\/\/inces.gob.ve\/index.php\/wp-json\/wp\/v2\/media?parent=28177"}],"wp:term":[{"taxonomy":"category","embeddable":true,"href":"https:\/\/inces.gob.ve\/index.php\/wp-json\/wp\/v2\/categories?post=28177"},{"taxonomy":"post_tag","embeddable":true,"href":"https:\/\/inces.gob.ve\/index.php\/wp-json\/wp\/v2\/tags?post=28177"}],"curies":[{"name":"wp","href":"https:\/\/api.w.org\/{rel}","templated":true}]}}