{"id":28233,"date":"2019-05-22T11:28:15","date_gmt":"2019-05-22T17:28:15","guid":{"rendered":"http:\/\/www.inces.gob.ve\/?p=28233"},"modified":"2020-05-28T20:28:38","modified_gmt":"2020-05-29T00:28:38","slug":"inces-trujillo-participo-en-consulta-del-congreso-bolivariano-de-los-pueblos","status":"publish","type":"post","link":"https:\/\/inces.gob.ve\/index.php\/2019\/05\/22\/inces-trujillo-participo-en-consulta-del-congreso-bolivariano-de-los-pueblos\/","title":{"rendered":"Inces Trujillo particip\u00f3 en consulta del Congreso Bolivariano de los Pueblos"},"content":{"rendered":"<p align=\"justify\"><span style=\"font-family: Arial, sans-serif;\"><span style=\"font-size: large;\"><i><b>** La discusi\u00f3n, por dem\u00e1s provechosa, logr\u00f3 reunir 274 personas y sirvi\u00f3 para medir el poder de convocatoria de muchos de los organismos presentes<\/b><\/i><\/span><\/span><\/p>\n<p align=\"justify\"><!--more--><\/p>\n<p align=\"justify\"><span style=\"font-family: Arial, sans-serif;\"><span style=\"font-size: large;\"><b>TRUJILLO | Mar\u00eda Cabrera<\/b><\/span><\/span><\/p>\n<p align=\"justify\">\n<p align=\"justify\"><span style=\"font-family: Arial, sans-serif;\"><span style=\"font-size: large;\">El presidente de la Rep\u00fablica, Nicol\u00e1s Maduro convoc\u00f3 a los grupos sociales y sectores productivos para consolidar los procesos de cambio urgente que se necesitan para el desarrollo de la naci\u00f3n y encomend\u00f3 que dicha tarea se <\/span><\/span><span style=\"font-family: Arial, sans-serif;\"><span style=\"font-size: large;\">llevara <\/span><\/span><span style=\"font-family: Arial, sans-serif;\"><span style=\"font-size: large;\">a cabo en el <\/span><\/span><strong><span style=\"font-family: Arial, sans-serif;\"><span style=\"font-size: large;\">Congreso Bolivariano de los Pueblos, <\/span><\/span><\/strong><span style=\"font-family: Arial, sans-serif;\"><span style=\"font-size: large;\">que se realiz\u00f3 este 4 y 5 de mayo en todo el territorio nacional. <\/span><\/span><\/p>\n<p align=\"justify\">\n<p align=\"justify\"><span style=\"font-family: Arial, sans-serif;\"><span style=\"font-size: large;\">Por tal motivo, las instituciones gubernamentales, como el Inces-Trujillo, tambi\u00e9n asistieron a esta jornada que, en el caso del municipio Valera, tuvo varios lugares de concentraci\u00f3n, como la Escuela Bolivariana Eloisa Fonseca y el Colegio Bolivariano \u201cPadre Blanco\u201d, donde la asistencia fue importante. <\/span><\/span><\/p>\n<p align=\"justify\"><img loading=\"lazy\" decoding=\"async\" class=\"aligncenter wp-image-28236 size-full\" src=\"http:\/\/www.inces.gob.ve\/wp-content\/uploads\/2019\/05\/Inces-1-22Mayo2019-1.jpg\" alt=\"\" width=\"850\" height=\"638\" srcset=\"https:\/\/inces.gob.ve\/wp-content\/uploads\/2019\/05\/Inces-1-22Mayo2019-1.jpg 850w, https:\/\/inces.gob.ve\/wp-content\/uploads\/2019\/05\/Inces-1-22Mayo2019-1-300x225.jpg 300w, https:\/\/inces.gob.ve\/wp-content\/uploads\/2019\/05\/Inces-1-22Mayo2019-1-768x576.jpg 768w, https:\/\/inces.gob.ve\/wp-content\/uploads\/2019\/05\/Inces-1-22Mayo2019-1-136x102.jpg 136w\" sizes=\"auto, (max-width: 850px) 100vw, 850px\" \/><\/p>\n<p align=\"justify\"><span style=\"font-family: Arial, sans-serif;\"><span style=\"font-size: large;\">Algunos de los temas que se debatieron en las mesas de trabajos redundan en la formaci\u00f3n Ideol\u00f3gica y \u00e9tica; distribuci\u00f3n de alimentos y medicamentos; fortalecer la agricultura urbana y la revisi\u00f3n y el rescate del proyecto comunicacional, es decir, la radios comunitarias; as\u00ed como las funciones que debe cumplir en estos momentos de urgencia nacional Conatel como \u00f3rgano rector de las pol\u00edticas telecomunicacionales y concesiones de los medios.<\/span><\/span><\/p>\n<p align=\"justify\">\n<p align=\"justify\"><span style=\"font-family: Arial, sans-serif;\"><span style=\"font-size: large;\">Las mesas de trabajo se distribuyeron en diversos ejes, a saber: Paz y Soberan\u00eda; Econom\u00eda Productiva; Ciudad Socialista, Servicio e Infraestructura; Transformaci\u00f3n Popular y Revoluci\u00f3n del Estado donde Inces Trujillo tuvo participaci\u00f3n directa en cada una de ellas, a trav\u00e9s de Ang\u00e9lica Mor\u00f3n y los coordinadores de programas. En cada una de las tem\u00e1ticas se respondieron tres preguntas puntuales, m\u00e1s una cuarta general, que lograron extraer los temas prioritarios, acci\u00f3n que busca consolidar los procesos de cambio urgente que requiere la naci\u00f3n para su operatividad y desarrollo.<\/span><\/span><\/p>\n<p align=\"justify\"><img loading=\"lazy\" decoding=\"async\" class=\"aligncenter wp-image-28234 size-full\" src=\"http:\/\/www.inces.gob.ve\/wp-content\/uploads\/2019\/05\/Inces-2-22MAyo2019.jpg\" alt=\"\" width=\"850\" height=\"638\" srcset=\"https:\/\/inces.gob.ve\/wp-content\/uploads\/2019\/05\/Inces-2-22MAyo2019.jpg 850w, https:\/\/inces.gob.ve\/wp-content\/uploads\/2019\/05\/Inces-2-22MAyo2019-300x225.jpg 300w, https:\/\/inces.gob.ve\/wp-content\/uploads\/2019\/05\/Inces-2-22MAyo2019-768x576.jpg 768w, https:\/\/inces.gob.ve\/wp-content\/uploads\/2019\/05\/Inces-2-22MAyo2019-136x102.jpg 136w\" sizes=\"auto, (max-width: 850px) 100vw, 850px\" \/><\/p>\n<p align=\"justify\"><span style=\"font-family: Arial, sans-serif;\"><span style=\"font-size: large;\">La discusi\u00f3n por dem\u00e1s provechosa, sirvi\u00f3 para medir incluso el poder de convocatoria de muchos de los organismos presentes. As\u00ed se logr\u00f3 reunir un toral de 274 personas, solo en la Escuela Elo\u00edsa Fonseca, donde al final de la jornada, cada uno de los voceros pudieron leer las propuestas que se llevar\u00e1n los 30 delegados al Congreso Nacional de Pueblos. <\/span><\/span><\/p>\n","protected":false},"excerpt":{"rendered":"<p>** La discusi\u00f3n, por dem\u00e1s provechosa, logr\u00f3 reunir 274 personas y sirvi\u00f3 para medir el poder de convocatoria de muchos de los organismos presentes<\/p>\n","protected":false},"author":15,"featured_media":28235,"comment_status":"closed","ping_status":"closed","sticky":false,"template":"","format":"standard","meta":{"footnotes":""},"categories":[2],"tags":[],"class_list":["post-28233","post","type-post","status-publish","format-standard","has-post-thumbnail","hentry","category-blog"],"_links":{"self":[{"href":"https:\/\/inces.gob.ve\/index.php\/wp-json\/wp\/v2\/posts\/28233","targetHints":{"allow":["GET"]}}],"collection":[{"href":"https:\/\/inces.gob.ve\/index.php\/wp-json\/wp\/v2\/posts"}],"about":[{"href":"https:\/\/inces.gob.ve\/index.php\/wp-json\/wp\/v2\/types\/post"}],"author":[{"embeddable":true,"href":"https:\/\/inces.gob.ve\/index.php\/wp-json\/wp\/v2\/users\/15"}],"replies":[{"embeddable":true,"href":"https:\/\/inces.gob.ve\/index.php\/wp-json\/wp\/v2\/comments?post=28233"}],"version-history":[{"count":1,"href":"https:\/\/inces.gob.ve\/index.php\/wp-json\/wp\/v2\/posts\/28233\/revisions"}],"predecessor-version":[{"id":28237,"href":"https:\/\/inces.gob.ve\/index.php\/wp-json\/wp\/v2\/posts\/28233\/revisions\/28237"}],"wp:featuredmedia":[{"embeddable":true,"href":"https:\/\/inces.gob.ve\/index.php\/wp-json\/wp\/v2\/media\/28235"}],"wp:attachment":[{"href":"https:\/\/inces.gob.ve\/index.php\/wp-json\/wp\/v2\/media?parent=28233"}],"wp:term":[{"taxonomy":"category","embeddable":true,"href":"https:\/\/inces.gob.ve\/index.php\/wp-json\/wp\/v2\/categories?post=28233"},{"taxonomy":"post_tag","embeddable":true,"href":"https:\/\/inces.gob.ve\/index.php\/wp-json\/wp\/v2\/tags?post=28233"}],"curies":[{"name":"wp","href":"https:\/\/api.w.org\/{rel}","templated":true}]}}