{"id":28475,"date":"2019-05-24T08:22:02","date_gmt":"2019-05-24T14:22:02","guid":{"rendered":"http:\/\/www.inces.gob.ve\/?p=28475"},"modified":"2020-05-28T20:28:37","modified_gmt":"2020-05-29T00:28:37","slug":"inces-prepara-sabroso-pan-autentico-y-liberador","status":"publish","type":"post","link":"https:\/\/inces.gob.ve\/index.php\/2019\/05\/24\/inces-prepara-sabroso-pan-autentico-y-liberador\/","title":{"rendered":"Inces prepara sabroso pan aut\u00e9ntico y liberador"},"content":{"rendered":"<p align=\"justify\"><span style=\"font-family: Arial, sans-serif;\"><span style=\"font-size: large;\"><i><b>** El amasijo es elaborado por manos guaras con sabor y olor a logros y con textura de uni\u00f3n<\/b><\/i><\/span><\/span><!--more--><\/p>\n<p align=\"justify\"><span style=\"font-family: Arial, sans-serif;\"><span style=\"font-size: large;\"><b>DANNYS MORILLO \/ Lara<\/b><\/span><\/span><\/p>\n<p align=\"justify\">\u201c<span style=\"font-family: Arial, sans-serif;\"><span style=\"font-size: large;\">Mi pan es es el mejor del mundo\u201d, fueron las palabras del maestro t\u00e9cnico productivo Esmith Ch\u00e1vez, al llegar al feliz t\u00e9rmino del curso de panader\u00eda que dur\u00f3 186 horas. De aqu\u00ed en adelante, con los saberes obtenidos en la formaci\u00f3n Inces, un colectivo de hombres y mujeres llevar\u00e1n a sus espacios, para crecer colectivamente, el m\u00e1s sabroso pan larense, brindando lo mejor de cada uno de ellos.<\/span><\/span><\/p>\n<p align=\"justify\">\n<p align=\"justify\"><span style=\"font-family: Arial, sans-serif;\"><span style=\"font-size: large;\">Irreverente y radical, sin dejarse dominar por t\u00e9cnicas impuestas, sino m\u00e1s bien con la genuina esencia del hacer y saborear un pan aut\u00e9ntico, nuestro, donde liberarse de las ataduras del mercado capitalista y emprender el camino de la solidaridad en colectivo es el mensaje.<\/span><\/span><\/p>\n<p align=\"justify\"><img loading=\"lazy\" decoding=\"async\" class=\"aligncenter wp-image-28477 size-full\" src=\"http:\/\/www.inces.gob.ve\/wp-content\/uploads\/2019\/05\/Inces-1-24Mayo2019-1.jpg\" alt=\"\" width=\"850\" height=\"638\" srcset=\"https:\/\/inces.gob.ve\/wp-content\/uploads\/2019\/05\/Inces-1-24Mayo2019-1.jpg 850w, https:\/\/inces.gob.ve\/wp-content\/uploads\/2019\/05\/Inces-1-24Mayo2019-1-300x225.jpg 300w, https:\/\/inces.gob.ve\/wp-content\/uploads\/2019\/05\/Inces-1-24Mayo2019-1-768x576.jpg 768w, https:\/\/inces.gob.ve\/wp-content\/uploads\/2019\/05\/Inces-1-24Mayo2019-1-136x102.jpg 136w\" sizes=\"auto, (max-width: 850px) 100vw, 850px\" \/><\/p>\n<p align=\"justify\"><span style=\"font-family: Arial, sans-serif;\"><span style=\"font-size: large;\"><b>Manos de integralidad y de motivaci\u00f3n<\/b><\/span><\/span><\/p>\n<p align=\"justify\"><span style=\"font-family: Arial, sans-serif;\"><span style=\"font-size: large;\">Estos panaderos y panaderas se plantean hacer pan y llevarlo a las comunidades y espacios del pueblo a precios solidarios, \u201chaciendo el pan que queremos y comemos gracias a Dios\u201d, dijo la participante Ana Hern\u00e1ndez quien de manera emotiva agradeci\u00f3 la oportunidad de entrar a Inces y llevarse los conocimientos para servir al pr\u00f3jimo.<\/span><\/span><\/p>\n<p align=\"justify\">\n<p align=\"justify\"><span style=\"font-family: Arial, sans-serif;\"><span style=\"font-size: large;\">El coordinador de centro, Jonathan G\u00f3mez enfatiz\u00f3 la m\u00edstica y la voluntad de seguir siendo el instrumento para todas aquellas personas que deseen incorporarse a la formaci\u00f3n productiva \u201cnuestros espacios de paz son productivos y nos llaman constantemente a la reflexi\u00f3n de que juntos todo se puede lograr\u201d se\u00f1al\u00f3.<\/span><\/span><\/p>\n<p align=\"justify\">\n<p align=\"justify\"><span style=\"font-family: Arial, sans-serif;\"><span style=\"font-size: large;\">De esta manera, Inces abierto y comprometido con el pueblo, brinda las herramientas del saber y del conocimiento como espacios de lucha constante, una forma continua y permanente de sumar esfuerzos colectivos, de creer y crear con firme compromiso y lealtad. Son 60 A\u00f1os demostrando que somos la universidad del pueblo.<\/span><\/span><\/p>\n<p align=\"justify\">\n","protected":false},"excerpt":{"rendered":"<p>** El amasijo es elaborado por manos guaras con sabor y olor a logros y con textura de uni\u00f3n<\/p>\n","protected":false},"author":15,"featured_media":28476,"comment_status":"closed","ping_status":"closed","sticky":false,"template":"","format":"standard","meta":{"footnotes":""},"categories":[2],"tags":[],"class_list":["post-28475","post","type-post","status-publish","format-standard","has-post-thumbnail","hentry","category-blog"],"_links":{"self":[{"href":"https:\/\/inces.gob.ve\/index.php\/wp-json\/wp\/v2\/posts\/28475","targetHints":{"allow":["GET"]}}],"collection":[{"href":"https:\/\/inces.gob.ve\/index.php\/wp-json\/wp\/v2\/posts"}],"about":[{"href":"https:\/\/inces.gob.ve\/index.php\/wp-json\/wp\/v2\/types\/post"}],"author":[{"embeddable":true,"href":"https:\/\/inces.gob.ve\/index.php\/wp-json\/wp\/v2\/users\/15"}],"replies":[{"embeddable":true,"href":"https:\/\/inces.gob.ve\/index.php\/wp-json\/wp\/v2\/comments?post=28475"}],"version-history":[{"count":1,"href":"https:\/\/inces.gob.ve\/index.php\/wp-json\/wp\/v2\/posts\/28475\/revisions"}],"predecessor-version":[{"id":28478,"href":"https:\/\/inces.gob.ve\/index.php\/wp-json\/wp\/v2\/posts\/28475\/revisions\/28478"}],"wp:featuredmedia":[{"embeddable":true,"href":"https:\/\/inces.gob.ve\/index.php\/wp-json\/wp\/v2\/media\/28476"}],"wp:attachment":[{"href":"https:\/\/inces.gob.ve\/index.php\/wp-json\/wp\/v2\/media?parent=28475"}],"wp:term":[{"taxonomy":"category","embeddable":true,"href":"https:\/\/inces.gob.ve\/index.php\/wp-json\/wp\/v2\/categories?post=28475"},{"taxonomy":"post_tag","embeddable":true,"href":"https:\/\/inces.gob.ve\/index.php\/wp-json\/wp\/v2\/tags?post=28475"}],"curies":[{"name":"wp","href":"https:\/\/api.w.org\/{rel}","templated":true}]}}