{"id":28536,"date":"2019-05-27T07:22:37","date_gmt":"2019-05-27T13:22:37","guid":{"rendered":"http:\/\/www.inces.gob.ve\/?p=28536"},"modified":"2020-05-28T20:28:37","modified_gmt":"2020-05-29T00:28:37","slug":"participantes-se-forman-en-el-oficio-de-corte-de-cabello-desde-el-inces-aragua","status":"publish","type":"post","link":"https:\/\/inces.gob.ve\/index.php\/2019\/05\/27\/participantes-se-forman-en-el-oficio-de-corte-de-cabello-desde-el-inces-aragua\/","title":{"rendered":"Participantes se forman en el oficio de Corte de Cabello desde el Inces Aragua"},"content":{"rendered":"<p align=\"justify\"><span style=\"font-family: Arial, sans-serif;\"><span style=\"font-size: large;\"><i><b>** En el grupo participan j\u00f3venes de 17 a\u00f1os hasta adultos de 54 a\u00f1os, quienes con entusiasmo asisten a sus clases de lunes a jueves<\/b><\/i><\/span><\/span><\/p>\n<p align=\"justify\"><!--more--><\/p>\n<p align=\"justify\"><span style=\"font-family: Arial, sans-serif;\"><span style=\"font-size: large;\"><b>MAR\u00cdA MOLINA | Aragua<\/b><\/span><\/span><\/p>\n<p align=\"justify\">\n<p align=\"justify\"><span style=\"font-family: Arial, sans-serif;\"><span style=\"font-size: large;\">Con la formaci\u00f3n adelantada, contin\u00faan los 18 participantes del curso de Corte de Cabello y Barber\u00eda guiados por la maestra t\u00e9cnica productiva (MTP) Melania Ram\u00edrez, adscrita al centro de formaci\u00f3n socialista (CFS) Comercial Maracay del Inces Aragua.<\/span><\/span><\/p>\n<p align=\"justify\">\n<p align=\"justify\"><span style=\"font-family: Arial, sans-serif;\"><span style=\"font-size: large;\">Durante esta semana, los j\u00f3venes y adultos demostraron parte de lo aprendido en la teor\u00eda sobre el corte de cabello largo y corto, secado y planchado. Adem\u00e1s, Ram\u00edrez les ense\u00f1\u00f3 los pasos a seguir para atender un cliente, desde el saludo hasta la colocaci\u00f3n de los implementos para ejecutar el servicio.<\/span><\/span><\/p>\n<figure id=\"attachment_28538\" aria-describedby=\"caption-attachment-28538\" style=\"width: 813px\" class=\"wp-caption aligncenter\"><img loading=\"lazy\" decoding=\"async\" class=\"wp-image-28538 size-full\" src=\"http:\/\/www.inces.gob.ve\/wp-content\/uploads\/2019\/05\/Inces-2-27Mayo2019.jpg\" alt=\"\" width=\"813\" height=\"670\" srcset=\"https:\/\/inces.gob.ve\/wp-content\/uploads\/2019\/05\/Inces-2-27Mayo2019.jpg 813w, https:\/\/inces.gob.ve\/wp-content\/uploads\/2019\/05\/Inces-2-27Mayo2019-300x247.jpg 300w, https:\/\/inces.gob.ve\/wp-content\/uploads\/2019\/05\/Inces-2-27Mayo2019-768x633.jpg 768w\" sizes=\"auto, (max-width: 813px) 100vw, 813px\" \/><figcaption id=\"caption-attachment-28538\" class=\"wp-caption-text\">\u00a0<\/figcaption><\/figure>\n<p align=\"justify\">\n<p align=\"justify\"><span style=\"font-family: Arial, sans-serif;\"><span style=\"font-size: large;\">La maestra indic\u00f3 que en el grupo participan j\u00f3venes de 17 a\u00f1os hasta adultos de 54 a\u00f1os, quienes con mucho entusiasmo asisten a su formaci\u00f3n de lunes a jueves en horas de la ma\u00f1ana, en los espacios del Inces La Romana.<\/span><\/span><\/p>\n<p align=\"justify\">\n<p align=\"justify\"><span style=\"font-family: Arial, sans-serif;\"><span style=\"font-size: large;\"><b>Cursos complementarios<\/b><\/span><\/span><\/p>\n<p align=\"justify\"><span style=\"font-family: Arial, sans-serif;\"><span style=\"font-size: large;\">Asimismo, explic\u00f3 que los sujetos de aprendizaje llevan cuatro semanas cumplidas, pues deben completar las 166 del curso de Corte de Cabello.<\/span><\/span><\/p>\n<p align=\"justify\">\n<p align=\"justify\"><span style=\"font-family: Arial, sans-serif;\"><span style=\"font-size: large;\">Agreg\u00f3 que tambi\u00e9n recibir\u00e1n los cursos cortos pero necesarios para su formaci\u00f3n y autoformaci\u00f3n permanente al momento de ejercer ese oficio. Entre los cursos est\u00e1n: Atenci\u00f3n al P\u00fablico por 30 horas, Seguridad en el Ambiente de Trabajo con 20 horas y Relaciones Humanas por 30 horas m\u00e1s.<\/span><\/span><\/p>\n<figure id=\"attachment_28538\" aria-describedby=\"caption-attachment-28538\" style=\"width: 813px\" class=\"wp-caption aligncenter\"><img loading=\"lazy\" decoding=\"async\" class=\"wp-image-28538 size-full\" src=\"http:\/\/www.inces.gob.ve\/wp-content\/uploads\/2019\/05\/Inces-2-27Mayo2019.jpg\" alt=\"\" width=\"813\" height=\"670\" srcset=\"https:\/\/inces.gob.ve\/wp-content\/uploads\/2019\/05\/Inces-2-27Mayo2019.jpg 813w, https:\/\/inces.gob.ve\/wp-content\/uploads\/2019\/05\/Inces-2-27Mayo2019-300x247.jpg 300w, https:\/\/inces.gob.ve\/wp-content\/uploads\/2019\/05\/Inces-2-27Mayo2019-768x633.jpg 768w\" sizes=\"auto, (max-width: 813px) 100vw, 813px\" \/><figcaption id=\"caption-attachment-28538\" class=\"wp-caption-text\">\u00a0<\/figcaption><\/figure>\n<p align=\"justify\">\n<p align=\"justify\"><span style=\"font-family: Arial, sans-serif;\"><span style=\"font-size: large;\">Todas estas herramientas brindar\u00e1n a los participantes los conocimientos, destrezas y habilidades que con el tiempo y las experiencias vividas los llevar\u00e1n al \u00e9xito de sus emprendimientos, Empresas de Producci\u00f3n Socialista o Unidades de Producci\u00f3n Familiar; para lograr el aporte productivo que la Patria necesita.<\/span><\/span><\/p>\n<p align=\"justify\">\n","protected":false},"excerpt":{"rendered":"<p>** En el grupo participan j\u00f3venes de 17 a\u00f1os hasta adultos de 54 a\u00f1os, quienes con entusiasmo asisten a sus clases de lunes a jueves<\/p>\n","protected":false},"author":15,"featured_media":28537,"comment_status":"closed","ping_status":"closed","sticky":false,"template":"","format":"standard","meta":{"footnotes":""},"categories":[2],"tags":[],"class_list":["post-28536","post","type-post","status-publish","format-standard","has-post-thumbnail","hentry","category-blog"],"_links":{"self":[{"href":"https:\/\/inces.gob.ve\/index.php\/wp-json\/wp\/v2\/posts\/28536","targetHints":{"allow":["GET"]}}],"collection":[{"href":"https:\/\/inces.gob.ve\/index.php\/wp-json\/wp\/v2\/posts"}],"about":[{"href":"https:\/\/inces.gob.ve\/index.php\/wp-json\/wp\/v2\/types\/post"}],"author":[{"embeddable":true,"href":"https:\/\/inces.gob.ve\/index.php\/wp-json\/wp\/v2\/users\/15"}],"replies":[{"embeddable":true,"href":"https:\/\/inces.gob.ve\/index.php\/wp-json\/wp\/v2\/comments?post=28536"}],"version-history":[{"count":1,"href":"https:\/\/inces.gob.ve\/index.php\/wp-json\/wp\/v2\/posts\/28536\/revisions"}],"predecessor-version":[{"id":28540,"href":"https:\/\/inces.gob.ve\/index.php\/wp-json\/wp\/v2\/posts\/28536\/revisions\/28540"}],"wp:featuredmedia":[{"embeddable":true,"href":"https:\/\/inces.gob.ve\/index.php\/wp-json\/wp\/v2\/media\/28537"}],"wp:attachment":[{"href":"https:\/\/inces.gob.ve\/index.php\/wp-json\/wp\/v2\/media?parent=28536"}],"wp:term":[{"taxonomy":"category","embeddable":true,"href":"https:\/\/inces.gob.ve\/index.php\/wp-json\/wp\/v2\/categories?post=28536"},{"taxonomy":"post_tag","embeddable":true,"href":"https:\/\/inces.gob.ve\/index.php\/wp-json\/wp\/v2\/tags?post=28536"}],"curies":[{"name":"wp","href":"https:\/\/api.w.org\/{rel}","templated":true}]}}