{"id":28548,"date":"2019-05-27T08:28:49","date_gmt":"2019-05-27T14:28:49","guid":{"rendered":"http:\/\/www.inces.gob.ve\/?p=28548"},"modified":"2020-05-28T20:28:37","modified_gmt":"2020-05-29T00:28:37","slug":"gobernacion-del-zulia-e-inces-articulan-esfuerzos-para-rehabilitar-el-liceo-nacional-carraciolo-parra-perez","status":"publish","type":"post","link":"https:\/\/inces.gob.ve\/index.php\/2019\/05\/27\/gobernacion-del-zulia-e-inces-articulan-esfuerzos-para-rehabilitar-el-liceo-nacional-carraciolo-parra-perez\/","title":{"rendered":"Gobernaci\u00f3n del Zulia e Inces articulan esfuerzos para rehabilitar el Liceo Nacional Carraciolo Parra P\u00e9rez"},"content":{"rendered":"<p class=\"western\" align=\"justify\"><span style=\"font-family: arial, serif;\"><span style=\"font-size: large;\"><i><b>** Se beneficiar\u00e1n 1.267 alumnos y alumnas<\/b><\/i><\/span><\/span><\/p>\n<p class=\"western\" align=\"justify\">\n<!--more--><\/p>\n<p class=\"western\" align=\"justify\"><span style=\"font-family: arial, serif;\"><span style=\"font-size: large;\"><b>YUDITH CASTRO | Zulia<\/b><\/span><\/span><\/p>\n<p class=\"western\" align=\"justify\">\n<p class=\"western\" align=\"justify\"><span style=\"font-family: arial, serif;\"><span style=\"font-size: large;\">Con la finalidad de restaurar el Liceo Nacional Carraciolo Parra P\u00e9rez, la Gobernaci\u00f3n del Zulia e Inces establecieron una alianza con la cual se beneficiar\u00e1n los 1.267 alumnos y alumnas que estudian en <\/span><\/span><\/p>\n<p class=\"western\" align=\"justify\"><span style=\"font-family: arial, serif;\"><span style=\"font-size: large;\">estas instalaciones.<\/span><\/span><\/p>\n<p class=\"western\" align=\"justify\">\n<p class=\"western\" align=\"justify\"><a name=\"_GoBack\"><\/a><span style=\"font-family: arial, serif;\"><span style=\"font-size: large;\">As\u00ed lo indic\u00f3 el gobernador del Zulia, Omar Prieto, durante el acto de entrega de insumos efectuada en la cancha deportiva de esta instituci\u00f3n. \u00abEl Inces Zulia, a trav\u00e9s de la coordinadora regional, Isamar M\u00e1rquez est\u00e1 al frente y pondr\u00e1 todo el empe\u00f1o para rescatar la mayor cantidad de pupitres de las instituciones educativas, aqu\u00ed comenzamos con m\u00e1s de 600,\u201d resalt\u00f3 el mandatario regional.<\/span><\/span><\/p>\n<p class=\"western\" align=\"justify\"><span style=\"font-family: arial, serif;\"><span style=\"font-size: large;\"><img loading=\"lazy\" decoding=\"async\" class=\"aligncenter wp-image-28550 size-full\" src=\"http:\/\/www.inces.gob.ve\/wp-content\/uploads\/2019\/05\/Inces-2-27Mayo2019-1.jpg\" alt=\"\" width=\"850\" height=\"638\" srcset=\"https:\/\/inces.gob.ve\/wp-content\/uploads\/2019\/05\/Inces-2-27Mayo2019-1.jpg 850w, https:\/\/inces.gob.ve\/wp-content\/uploads\/2019\/05\/Inces-2-27Mayo2019-1-300x225.jpg 300w, https:\/\/inces.gob.ve\/wp-content\/uploads\/2019\/05\/Inces-2-27Mayo2019-1-768x576.jpg 768w, https:\/\/inces.gob.ve\/wp-content\/uploads\/2019\/05\/Inces-2-27Mayo2019-1-136x102.jpg 136w\" sizes=\"auto, (max-width: 850px) 100vw, 850px\" \/><\/span><\/span><\/p>\n<p class=\"western\" align=\"justify\"><span style=\"font-family: arial, serif;\"><span style=\"font-size: large;\">Detall\u00f3 Prieto que en esta unidad educativa \u201cse sustituir\u00e1n piezas sanitarias, se realizar\u00e1 la recuperaci\u00f3n y pintar\u00e1n puertas met\u00e1licas de las aulas de clases; reparaci\u00f3n y suministro de ventiladores, suministro y colocaci\u00f3n de l\u00e1mparas superficiales, toma corriente, cerraduras y apagadores, entre otros. As\u00ed mismo, se est\u00e1n donando varios galones de pintura y un filtro de agua\u201d, destac\u00f3. <\/span><\/span><\/p>\n<p class=\"western\" align=\"justify\">\n<p class=\"western\" align=\"justify\"><span style=\"font-family: arial, serif;\"><span style=\"font-size: large;\">Esta actividad es parte del plan de rehabilitaci\u00f3n de los liceos y colegios que emprendi\u00f3 la gobernaci\u00f3n del Zulia en conjunto con la alcald\u00eda de Maracaibo. \u201cEl objetivo fundamental, como la ha dicho el presidente Nicol\u00e1s Maduro, es rescatar cada una de las instituciones educativas, recalc\u00f3 Prieto.\u201d<\/span><\/span><\/p>\n<p class=\"western\" align=\"justify\"><span style=\"font-family: arial, serif;\"><span style=\"font-size: large;\"><b>Conformaci\u00f3n de Brigadas <\/b><\/span><\/span><\/p>\n<p class=\"western\" align=\"justify\"><span style=\"font-family: arial, serif;\"><span style=\"font-size: large;\">Con relaci\u00f3n a la reparaci\u00f3n de las mesas sillas y pupitres, indic\u00f3 la gerente regional del Inces, Isamar M\u00e1rquez \u201cen una primera fase se reparar\u00e1n 350 de los 700 que nos han entregado, trabajo que se har\u00e1 en conjunto con la brigada de mantenimiento del liceo, la cual se conform\u00f3 con el apoyo de nuestra instituci\u00f3n.\u201d<\/span><\/span><\/p>\n<p class=\"western\" align=\"justify\"><img loading=\"lazy\" decoding=\"async\" class=\"aligncenter wp-image-28551 size-full\" src=\"http:\/\/www.inces.gob.ve\/wp-content\/uploads\/2019\/05\/Inces-1-27Mayo2019-1.jpg\" alt=\"\" width=\"850\" height=\"638\" srcset=\"https:\/\/inces.gob.ve\/wp-content\/uploads\/2019\/05\/Inces-1-27Mayo2019-1.jpg 850w, https:\/\/inces.gob.ve\/wp-content\/uploads\/2019\/05\/Inces-1-27Mayo2019-1-300x225.jpg 300w, https:\/\/inces.gob.ve\/wp-content\/uploads\/2019\/05\/Inces-1-27Mayo2019-1-768x576.jpg 768w, https:\/\/inces.gob.ve\/wp-content\/uploads\/2019\/05\/Inces-1-27Mayo2019-1-136x102.jpg 136w\" sizes=\"auto, (max-width: 850px) 100vw, 850px\" \/><\/p>\n<p class=\"western\" align=\"justify\"><span style=\"font-family: arial, serif;\"><span style=\"font-size: large;\">Los saberes emp\u00edricos de los miembros de esta brigada fueron acreditados por el Inces en diversos oficios como Herrer\u00eda, Carpinter\u00eda y Electricidad, entre otros. \u201cEstos est\u00e1n preparados para emprender esta linda tarea como lo es acondicionar los espacios para que nuestros j\u00f3venes se formen en un mejor ambiente\u201d, puntualiz\u00f3 M\u00e1rquez. <\/span><\/span><\/p>\n<p class=\"western\" align=\"justify\">\n<p class=\"western\" align=\"justify\"><span style=\"font-family: arial, serif;\"><span style=\"font-size: large;\">Destac\u00f3 la gerente regional del Inces que desde el a\u00f1o pasado la instituci\u00f3n ha venido trabajando en la reparaci\u00f3n de las mesas sillas de otros planteles. Durante el acto estuvieron presentes el alcalde de Maracaibo, Willi Casanova; la autoridad \u00fanica de educaci\u00f3n, Damelis Ch\u00e1vez; la directora del plantel, Adriana Mart\u00ednez; la presidente de la C\u00e1mara Municipal, Jessy Gasc\u00f3n y el diputado Jos\u00e9 Luis Acosta, entre otras autoridades. <\/span><\/span><\/p>\n<p class=\"western\" align=\"justify\">\n<p class=\"western\" align=\"justify\">\n<p class=\"western\" align=\"justify\">\n<p class=\"western\" align=\"justify\">\n<p class=\"western\" align=\"justify\">\n","protected":false},"excerpt":{"rendered":"<p>** Se beneficiar\u00e1n 1.267 alumnos y alumnas<\/p>\n","protected":false},"author":15,"featured_media":28549,"comment_status":"closed","ping_status":"closed","sticky":false,"template":"","format":"standard","meta":{"footnotes":""},"categories":[2],"tags":[],"class_list":["post-28548","post","type-post","status-publish","format-standard","has-post-thumbnail","hentry","category-blog"],"_links":{"self":[{"href":"https:\/\/inces.gob.ve\/index.php\/wp-json\/wp\/v2\/posts\/28548","targetHints":{"allow":["GET"]}}],"collection":[{"href":"https:\/\/inces.gob.ve\/index.php\/wp-json\/wp\/v2\/posts"}],"about":[{"href":"https:\/\/inces.gob.ve\/index.php\/wp-json\/wp\/v2\/types\/post"}],"author":[{"embeddable":true,"href":"https:\/\/inces.gob.ve\/index.php\/wp-json\/wp\/v2\/users\/15"}],"replies":[{"embeddable":true,"href":"https:\/\/inces.gob.ve\/index.php\/wp-json\/wp\/v2\/comments?post=28548"}],"version-history":[{"count":1,"href":"https:\/\/inces.gob.ve\/index.php\/wp-json\/wp\/v2\/posts\/28548\/revisions"}],"predecessor-version":[{"id":28552,"href":"https:\/\/inces.gob.ve\/index.php\/wp-json\/wp\/v2\/posts\/28548\/revisions\/28552"}],"wp:featuredmedia":[{"embeddable":true,"href":"https:\/\/inces.gob.ve\/index.php\/wp-json\/wp\/v2\/media\/28549"}],"wp:attachment":[{"href":"https:\/\/inces.gob.ve\/index.php\/wp-json\/wp\/v2\/media?parent=28548"}],"wp:term":[{"taxonomy":"category","embeddable":true,"href":"https:\/\/inces.gob.ve\/index.php\/wp-json\/wp\/v2\/categories?post=28548"},{"taxonomy":"post_tag","embeddable":true,"href":"https:\/\/inces.gob.ve\/index.php\/wp-json\/wp\/v2\/tags?post=28548"}],"curies":[{"name":"wp","href":"https:\/\/api.w.org\/{rel}","templated":true}]}}