{"id":28590,"date":"2019-05-27T12:12:02","date_gmt":"2019-05-27T18:12:02","guid":{"rendered":"http:\/\/www.inces.gob.ve\/?p=28590"},"modified":"2020-05-28T20:28:37","modified_gmt":"2020-05-29T00:28:37","slug":"inces-merida-espera-seguir-impulsado-la-revolucion-con-nueva-gerencia","status":"publish","type":"post","link":"https:\/\/inces.gob.ve\/index.php\/2019\/05\/27\/inces-merida-espera-seguir-impulsado-la-revolucion-con-nueva-gerencia\/","title":{"rendered":"Inces-M\u00e9rida espera seguir impulsado la revoluci\u00f3n con nueva gerencia"},"content":{"rendered":"<p align=\"justify\"><span style=\"font-family: Arial, sans-serif;\"><span style=\"font-size: large;\"><i><b>** \u201cLe corresponde a la nueva gerente continuar las tareas pendientes, consolidar los proyectos productivos de cada centro de formaci\u00f3n y verlos hecho realidad\u201d, asegur\u00f3 Yvonne Pirela<\/b><\/i><\/span><\/span><\/p>\n<p align=\"justify\"><!--more--><\/p>\n<p align=\"justify\"><span style=\"font-family: Arial, sans-serif;\"><span style=\"font-size: large;\"><b>NADIA LOBO| M\u00e9rida <\/b><\/span><\/span><\/p>\n<p align=\"justify\">\n<p align=\"justify\"><span style=\"font-family: Arial, sans-serif;\"><span style=\"font-size: large;\">Desde esta semana la Gerencia Regional del Instituto Nacional de Capacitaci\u00f3n y Educaci\u00f3n Socialista (Inces-M\u00e9rida) cuenta con nueva administraci\u00f3n, se trata de la Marlibeth Colina, joven meride\u00f1a, licenciada en Contadur\u00eda P\u00fablica, con una amplia trayectoria en el campo laboral y social. Es miembro de la Direcci\u00f3n Estadal del Partido Socialista Unido de Venezuela (PSUV) en la comisi\u00f3n de comunas y movimientos sociales en la entidad andina.<\/span><\/span><\/p>\n<p align=\"justify\">\n<p align=\"justify\"><span style=\"font-family: Arial, sans-serif;\"><span style=\"font-size: large;\">Marlibeth Colina viene a sustituir a la profesora Yvonne Pirela, quien estuvo durante un a\u00f1o en el cargo como gerente regional y que por circunstancias personales se ve en la obligaci\u00f3n de renunciar, no sin antes agradecer en asamblea general de trabajadores el apoyo y colaboraci\u00f3n que recibi\u00f3 para poder llevar adelante la tarea encomendada por el presidente del Inces, Wuikelman Angel Paredes.<\/span><\/span><\/p>\n<figure id=\"attachment_28593\" aria-describedby=\"caption-attachment-28593\" style=\"width: 750px\" class=\"wp-caption aligncenter\"><img loading=\"lazy\" decoding=\"async\" class=\"wp-image-28593 size-full\" src=\"http:\/\/www.inces.gob.ve\/wp-content\/uploads\/2019\/05\/Inces-1-27Mayo2019-5.jpg\" alt=\"\" width=\"750\" height=\"563\" srcset=\"https:\/\/inces.gob.ve\/wp-content\/uploads\/2019\/05\/Inces-1-27Mayo2019-5.jpg 750w, https:\/\/inces.gob.ve\/wp-content\/uploads\/2019\/05\/Inces-1-27Mayo2019-5-300x225.jpg 300w, https:\/\/inces.gob.ve\/wp-content\/uploads\/2019\/05\/Inces-1-27Mayo2019-5-136x102.jpg 136w\" sizes=\"auto, (max-width: 750px) 100vw, 750px\" \/><figcaption id=\"caption-attachment-28593\" class=\"wp-caption-text\">\u00a0<\/figcaption><\/figure>\n<p align=\"justify\"><span style=\"font-family: Arial, sans-serif;\"><span style=\"font-size: large;\">Ambas gerentes, la saliente y la entrante, en compa\u00f1\u00eda de Katerin Azuaje, miembro del Consejo Estadal de Gesti\u00f3n del Inces, conversaron con los trabajadores en asamblea general, con la intenci\u00f3n de dar a conocer a la nueva autoridad, as\u00ed como la continuidad de algunos planes y programas de formaci\u00f3n, m\u00e1s otros que ser\u00e1n incorporados progresivamente, dando cumplimiento a los lineamientos y pol\u00edticas p\u00fablicas del gobierno revolucionario.<\/span><\/span><\/p>\n<p align=\"justify\">\n<p align=\"justify\"><span style=\"font-family: Arial, sans-serif;\"><span style=\"font-size: large;\">Durante el encuentro, los trabajadores tuvieron la oportunidad de agradecer y reconocer p\u00fablicamente el trabajo que desempe\u00f1o la profesora Yvonne Pirela como gerente regional, donde demostr\u00f3 su compromiso, amor y abnegaci\u00f3n al trabajo. As\u00ed mismo su profesionalismo se vio reflejado con resultados favorables en diferentes programas, centros de formaci\u00f3n y unidades administrativas. <\/span><\/span><\/p>\n<p align=\"justify\">\n<p align=\"justify\">\u201c<span style=\"font-family: Arial, sans-serif;\"><span style=\"font-size: large;\">Estoy segura que dejo en el cargo a una persona que con su trabajo pol\u00edtico y juventud dar\u00e1 lo mejor de s\u00ed para hacer una excelente gesti\u00f3n de gobierno<\/span><\/span><\/p>\n<figure id=\"attachment_28591\" aria-describedby=\"caption-attachment-28591\" style=\"width: 750px\" class=\"wp-caption aligncenter\"><img loading=\"lazy\" decoding=\"async\" class=\"wp-image-28591 size-full\" src=\"http:\/\/www.inces.gob.ve\/wp-content\/uploads\/2019\/05\/Inces-5-27Mayo2019-2.jpg\" alt=\"\" width=\"750\" height=\"563\" srcset=\"https:\/\/inces.gob.ve\/wp-content\/uploads\/2019\/05\/Inces-5-27Mayo2019-2.jpg 750w, https:\/\/inces.gob.ve\/wp-content\/uploads\/2019\/05\/Inces-5-27Mayo2019-2-300x225.jpg 300w, https:\/\/inces.gob.ve\/wp-content\/uploads\/2019\/05\/Inces-5-27Mayo2019-2-136x102.jpg 136w\" sizes=\"auto, (max-width: 750px) 100vw, 750px\" \/><figcaption id=\"caption-attachment-28591\" class=\"wp-caption-text\">\u00a0<\/figcaption><\/figure>\n<p align=\"justify\"><span style=\"font-family: Arial, sans-serif;\"><span style=\"font-size: large;\">Por su parte, la nueva gerente, asegur\u00f3: \u201cSoy una soldada m\u00e1s de la revoluci\u00f3n y estar\u00e9 aqu\u00ed para realizar el trabajo\u201d, al tiempo que conmin\u00f3 a los trabajadores del Inces a asumir ese llamado del presidente Maduro, para ayudar desde nuestros espacios de formaci\u00f3n, a salir de esta guerra econ\u00f3mica que actualmente se ensa\u00f1a contra Venezuela.<\/span><\/span><\/p>\n","protected":false},"excerpt":{"rendered":"<p>** \u201cLe corresponde a la nueva gerente continuar las tareas pendientes, consolidar los proyectos productivos de cada centro de formaci\u00f3n y verlos hecho realidad\u201d, asegur\u00f3 Yvonne Pirela<\/p>\n","protected":false},"author":15,"featured_media":28592,"comment_status":"closed","ping_status":"closed","sticky":false,"template":"","format":"standard","meta":{"footnotes":""},"categories":[2],"tags":[],"class_list":["post-28590","post","type-post","status-publish","format-standard","has-post-thumbnail","hentry","category-blog"],"_links":{"self":[{"href":"https:\/\/inces.gob.ve\/index.php\/wp-json\/wp\/v2\/posts\/28590","targetHints":{"allow":["GET"]}}],"collection":[{"href":"https:\/\/inces.gob.ve\/index.php\/wp-json\/wp\/v2\/posts"}],"about":[{"href":"https:\/\/inces.gob.ve\/index.php\/wp-json\/wp\/v2\/types\/post"}],"author":[{"embeddable":true,"href":"https:\/\/inces.gob.ve\/index.php\/wp-json\/wp\/v2\/users\/15"}],"replies":[{"embeddable":true,"href":"https:\/\/inces.gob.ve\/index.php\/wp-json\/wp\/v2\/comments?post=28590"}],"version-history":[{"count":1,"href":"https:\/\/inces.gob.ve\/index.php\/wp-json\/wp\/v2\/posts\/28590\/revisions"}],"predecessor-version":[{"id":28594,"href":"https:\/\/inces.gob.ve\/index.php\/wp-json\/wp\/v2\/posts\/28590\/revisions\/28594"}],"wp:featuredmedia":[{"embeddable":true,"href":"https:\/\/inces.gob.ve\/index.php\/wp-json\/wp\/v2\/media\/28592"}],"wp:attachment":[{"href":"https:\/\/inces.gob.ve\/index.php\/wp-json\/wp\/v2\/media?parent=28590"}],"wp:term":[{"taxonomy":"category","embeddable":true,"href":"https:\/\/inces.gob.ve\/index.php\/wp-json\/wp\/v2\/categories?post=28590"},{"taxonomy":"post_tag","embeddable":true,"href":"https:\/\/inces.gob.ve\/index.php\/wp-json\/wp\/v2\/tags?post=28590"}],"curies":[{"name":"wp","href":"https:\/\/api.w.org\/{rel}","templated":true}]}}