{"id":28604,"date":"2019-05-27T13:30:09","date_gmt":"2019-05-27T19:30:09","guid":{"rendered":"http:\/\/www.inces.gob.ve\/?p=28604"},"modified":"2020-05-28T20:28:36","modified_gmt":"2020-05-29T00:28:36","slug":"culmina-curso-de-electricidad-del-automovil-en-el-cfs-huayra","status":"publish","type":"post","link":"https:\/\/inces.gob.ve\/index.php\/2019\/05\/27\/culmina-curso-de-electricidad-del-automovil-en-el-cfs-huayra\/","title":{"rendered":"Culmina curso de Electricidad del Autom\u00f3vil en el CFS Huayra"},"content":{"rendered":"<p align=\"justify\"><span style=\"font-family: Arial, sans-serif;\"><span style=\"font-size: large;\"><i><b>** Con una exposici\u00f3n de sus saberes, los participantes del curso demostraron la formaci\u00f3n que durante 360 horas de formaci\u00f3n te\u00f3rica-pr\u00e1ctica adquirieron<\/b><\/i><\/span><\/span><\/p>\n<p align=\"justify\">\n<!--more--><\/p>\n<p align=\"justify\"><span style=\"font-family: Arial, sans-serif;\"><span style=\"font-size: large;\"><b>ZUVALQUI DUARTE <\/b><b>|<\/b><b> La Guaira<\/b><\/span><\/span><\/p>\n<p align=\"justify\"><span style=\"font-family: Arial, sans-serif;\"><span style=\"font-size: large;\">Ronald Orozco, maestro t\u00e9cnico productivo, fue el responsable de formar participantes en el \u00e1rea automotriz y expres\u00f3: \u201cMe siento complacido de las actividades que este grupo ha realizado y se que seguir\u00e1n su formaci\u00f3n en este mismo campo. Ellos no solo adquirieron conocimiento de todo lo relacionado con la electricidad en un veh\u00edculo, sino tambi\u00e9n las particularidades de cada marca del mercado y todos participaron en el curso de seguridad industrial donde adquirieron las t\u00e9cnicas en el manejo de herramientas, implementos y equipos\u201d.<\/span><\/span><\/p>\n<p align=\"justify\"><span style=\"font-family: Arial, sans-serif;\"><span style=\"font-size: large;\"><img loading=\"lazy\" decoding=\"async\" class=\"aligncenter wp-image-28608 size-full\" src=\"http:\/\/www.inces.gob.ve\/wp-content\/uploads\/2019\/05\/Inces-1-27Mayo2019-7.jpg\" alt=\"\" width=\"850\" height=\"504\" srcset=\"https:\/\/inces.gob.ve\/wp-content\/uploads\/2019\/05\/Inces-1-27Mayo2019-7.jpg 850w, https:\/\/inces.gob.ve\/wp-content\/uploads\/2019\/05\/Inces-1-27Mayo2019-7-300x178.jpg 300w, https:\/\/inces.gob.ve\/wp-content\/uploads\/2019\/05\/Inces-1-27Mayo2019-7-768x455.jpg 768w\" sizes=\"auto, (max-width: 850px) 100vw, 850px\" \/><\/span><\/span><\/p>\n<p align=\"justify\"><span style=\"font-family: Arial, sans-serif;\"><span style=\"font-size: large;\">Estos cursos tienen gran demanda en el estado y ha servido para conformar unidades productivas para ampliar sus horizontes profesionales y as\u00ed integrarse al nuevo modelo comunal que se busca establecer en la regi\u00f3n.<\/span><\/span><\/p>\n<p align=\"justify\">\n<img loading=\"lazy\" decoding=\"async\" class=\"aligncenter wp-image-28607 size-full\" src=\"http:\/\/www.inces.gob.ve\/wp-content\/uploads\/2019\/05\/Inces-2-27MAyo2019.jpg\" alt=\"\" width=\"850\" height=\"478\" srcset=\"https:\/\/inces.gob.ve\/wp-content\/uploads\/2019\/05\/Inces-2-27MAyo2019.jpg 850w, https:\/\/inces.gob.ve\/wp-content\/uploads\/2019\/05\/Inces-2-27MAyo2019-300x169.jpg 300w, https:\/\/inces.gob.ve\/wp-content\/uploads\/2019\/05\/Inces-2-27MAyo2019-768x432.jpg 768w\" sizes=\"auto, (max-width: 850px) 100vw, 850px\" \/><\/p>\n<p align=\"justify\"><span style=\"font-family: Arial, sans-serif;\"><span style=\"font-size: large;\">Los cursos del \u00e1rea automotriz se desarrollan de manera integral ya que al participante se le organiza a trav\u00e9s de un taller de elaboraci\u00f3n de proyectos para iniciar la conformaci\u00f3n de unidades productivas y elaborar estructuras de costos, un curso de sociopol\u00edtica que busca inculcar valores humanos en la prestaci\u00f3n del servicio y agricultura urbana para impulsar que todos los participantes reconozcan lo importante de sembrar lo que se come.<\/span><\/span><\/p>\n<p align=\"justify\"><span style=\"font-family: Arial, sans-serif;\"><span style=\"font-size: large;\"><img loading=\"lazy\" decoding=\"async\" class=\"aligncenter wp-image-28605 size-full\" src=\"http:\/\/www.inces.gob.ve\/wp-content\/uploads\/2019\/05\/Inces-4-27Mayo2019-2.jpg\" alt=\"\" width=\"850\" height=\"638\" srcset=\"https:\/\/inces.gob.ve\/wp-content\/uploads\/2019\/05\/Inces-4-27Mayo2019-2.jpg 850w, https:\/\/inces.gob.ve\/wp-content\/uploads\/2019\/05\/Inces-4-27Mayo2019-2-300x225.jpg 300w, https:\/\/inces.gob.ve\/wp-content\/uploads\/2019\/05\/Inces-4-27Mayo2019-2-768x576.jpg 768w, https:\/\/inces.gob.ve\/wp-content\/uploads\/2019\/05\/Inces-4-27Mayo2019-2-136x102.jpg 136w\" sizes=\"auto, (max-width: 850px) 100vw, 850px\" \/><\/span><\/span><\/p>\n","protected":false},"excerpt":{"rendered":"<p>** Con una exposici\u00f3n de sus saberes, los participantes del curso demostraron la formaci\u00f3n que durante 360 horas de formaci\u00f3n te\u00f3rica-pr\u00e1ctica adquirieron<\/p>\n","protected":false},"author":15,"featured_media":28606,"comment_status":"closed","ping_status":"closed","sticky":false,"template":"","format":"standard","meta":{"footnotes":""},"categories":[2],"tags":[],"class_list":["post-28604","post","type-post","status-publish","format-standard","has-post-thumbnail","hentry","category-blog"],"_links":{"self":[{"href":"https:\/\/inces.gob.ve\/index.php\/wp-json\/wp\/v2\/posts\/28604","targetHints":{"allow":["GET"]}}],"collection":[{"href":"https:\/\/inces.gob.ve\/index.php\/wp-json\/wp\/v2\/posts"}],"about":[{"href":"https:\/\/inces.gob.ve\/index.php\/wp-json\/wp\/v2\/types\/post"}],"author":[{"embeddable":true,"href":"https:\/\/inces.gob.ve\/index.php\/wp-json\/wp\/v2\/users\/15"}],"replies":[{"embeddable":true,"href":"https:\/\/inces.gob.ve\/index.php\/wp-json\/wp\/v2\/comments?post=28604"}],"version-history":[{"count":1,"href":"https:\/\/inces.gob.ve\/index.php\/wp-json\/wp\/v2\/posts\/28604\/revisions"}],"predecessor-version":[{"id":28609,"href":"https:\/\/inces.gob.ve\/index.php\/wp-json\/wp\/v2\/posts\/28604\/revisions\/28609"}],"wp:featuredmedia":[{"embeddable":true,"href":"https:\/\/inces.gob.ve\/index.php\/wp-json\/wp\/v2\/media\/28606"}],"wp:attachment":[{"href":"https:\/\/inces.gob.ve\/index.php\/wp-json\/wp\/v2\/media?parent=28604"}],"wp:term":[{"taxonomy":"category","embeddable":true,"href":"https:\/\/inces.gob.ve\/index.php\/wp-json\/wp\/v2\/categories?post=28604"},{"taxonomy":"post_tag","embeddable":true,"href":"https:\/\/inces.gob.ve\/index.php\/wp-json\/wp\/v2\/tags?post=28604"}],"curies":[{"name":"wp","href":"https:\/\/api.w.org\/{rel}","templated":true}]}}