{"id":28622,"date":"2019-05-28T07:45:27","date_gmt":"2019-05-28T13:45:27","guid":{"rendered":"http:\/\/www.inces.gob.ve\/?p=28622"},"modified":"2020-05-28T20:28:36","modified_gmt":"2020-05-29T00:28:36","slug":"inces-sucre-dicta-curso-a-27-enfermeras-del-huapa","status":"publish","type":"post","link":"https:\/\/inces.gob.ve\/index.php\/2019\/05\/28\/inces-sucre-dicta-curso-a-27-enfermeras-del-huapa\/","title":{"rendered":"Inces Sucre dicta curso a 27 enfermeras del Huapa"},"content":{"rendered":"<p align=\"justify\"><span style=\"font-family: Arial, sans-serif;\"><span style=\"font-size: large;\"><i><b>** A trav\u00e9s del Programa Salud de la instituci\u00f3n se le da continuidad al convenio suscrito con Fundasalud<\/b><\/i><\/span><\/span><\/p>\n<p align=\"justify\"><!--more--><\/p>\n<p align=\"justify\"><span style=\"font-family: Arial, sans-serif;\"><span style=\"font-size: large;\"><b>MILAGROS GUERRERO | Sucre<\/b><\/span><\/span><\/p>\n<p align=\"justify\"><span style=\"font-family: Arial, sans-serif;\"><span style=\"font-size: large;\">Como parte del convenio suscrito entre el Instituto Nacional de Capacitaci\u00f3n y Educaci\u00f3n Socialista (Inces) con la Fundaci\u00f3n para la Salud del Ejecutivo Regional (Fundasalud) en el estado Sucre, se dict\u00f3 el curso \u201cFormaci\u00f3n de equipos para el trabajo\u201d a 27 trabajadores correspondientes al personal de enfermer\u00eda del Servicio Aut\u00f3nomo Hospital Antonio Patricio de Alcal\u00e1 (Sahuapa).<\/span><\/span><\/p>\n<p align=\"justify\">\n<p align=\"justify\"><span style=\"font-family: Arial, sans-serif;\"><span style=\"font-size: large;\">As\u00ed lo dio a conocer Yudeisy Maita, coordinadora del Programa Salud, perteneciente a Inces, quien agreg\u00f3 que no obstante a los breves obst\u00e1culos que se han presentado por los ataques de la contra revoluci\u00f3n, ambas instituciones, Inces y Fundasalud, paso a paso vienen estrechando lazos e interactuando con el personal adscrito al sector salud en la entidad sucrense, dando continuidad al convenio suscrito desde hace diez meses, aproximadamente. <\/span><\/span><\/p>\n<p align=\"justify\"><img loading=\"lazy\" decoding=\"async\" class=\"aligncenter wp-image-28623 size-full\" src=\"http:\/\/www.inces.gob.ve\/wp-content\/uploads\/2019\/05\/Inces-3-28Mayo2019.jpg\" alt=\"\" width=\"850\" height=\"510\" srcset=\"https:\/\/inces.gob.ve\/wp-content\/uploads\/2019\/05\/Inces-3-28Mayo2019.jpg 850w, https:\/\/inces.gob.ve\/wp-content\/uploads\/2019\/05\/Inces-3-28Mayo2019-300x180.jpg 300w, https:\/\/inces.gob.ve\/wp-content\/uploads\/2019\/05\/Inces-3-28Mayo2019-768x461.jpg 768w\" sizes=\"auto, (max-width: 850px) 100vw, 850px\" \/><\/p>\n<p align=\"justify\"><span style=\"font-family: Arial, sans-serif;\"><span style=\"font-size: large;\">Este curso de \u201cFormaci\u00f3n de equipos efectivos para el trabajo\u201d realizado en el hospital Antonio Patricio de Alcal\u00e1, estuvo dirigido espec\u00edficamente al personal de enfermer\u00eda (masculino y femenino), en aras de dar las herramientas necesarias para fortalecer las labores de los funcionarios p\u00fablicos.<\/span><\/span><\/p>\n<p align=\"justify\">\n<p align=\"justify\"><span style=\"font-family: Arial, sans-serif;\"><span style=\"font-size: large;\">Los participantes manifestaron estar satisfechos con el contenido del curso porque les permite desprenderse de ataduras y vicios laborales que vienen arrastrando desde la cuarta rep\u00fablica. Especialmente, en el ahora, la oportunidad de recibir una formaci\u00f3n por parte de una instituci\u00f3n de largu\u00edsima data en la entidad los hace sentir que son tomados en cuenta y que hay la preocupaci\u00f3n por llevarlos a mejorar desde el punto de vista personal hasta la convivencia con los usuarios del sistema de salud regional, para cambiar la apat\u00eda por la motivaci\u00f3n.<\/span><\/span><\/p>\n<p align=\"justify\"><span style=\"font-family: Arial, sans-serif;\"><span style=\"font-size: large;\"><img loading=\"lazy\" decoding=\"async\" class=\"aligncenter wp-image-28625 size-full\" src=\"http:\/\/www.inces.gob.ve\/wp-content\/uploads\/2019\/05\/Inces-1-28Mayo2019-1.jpg\" alt=\"\" width=\"850\" height=\"510\" srcset=\"https:\/\/inces.gob.ve\/wp-content\/uploads\/2019\/05\/Inces-1-28Mayo2019-1.jpg 850w, https:\/\/inces.gob.ve\/wp-content\/uploads\/2019\/05\/Inces-1-28Mayo2019-1-300x180.jpg 300w, https:\/\/inces.gob.ve\/wp-content\/uploads\/2019\/05\/Inces-1-28Mayo2019-1-768x461.jpg 768w\" sizes=\"auto, (max-width: 850px) 100vw, 850px\" \/><\/span><\/span><\/p>\n","protected":false},"excerpt":{"rendered":"<p>** A trav\u00e9s del Programa Salud de la instituci\u00f3n se le da continuidad al convenio suscrito con Fundasalud<\/p>\n","protected":false},"author":15,"featured_media":28624,"comment_status":"closed","ping_status":"closed","sticky":false,"template":"","format":"standard","meta":{"footnotes":""},"categories":[2],"tags":[],"class_list":["post-28622","post","type-post","status-publish","format-standard","has-post-thumbnail","hentry","category-blog"],"_links":{"self":[{"href":"https:\/\/inces.gob.ve\/index.php\/wp-json\/wp\/v2\/posts\/28622","targetHints":{"allow":["GET"]}}],"collection":[{"href":"https:\/\/inces.gob.ve\/index.php\/wp-json\/wp\/v2\/posts"}],"about":[{"href":"https:\/\/inces.gob.ve\/index.php\/wp-json\/wp\/v2\/types\/post"}],"author":[{"embeddable":true,"href":"https:\/\/inces.gob.ve\/index.php\/wp-json\/wp\/v2\/users\/15"}],"replies":[{"embeddable":true,"href":"https:\/\/inces.gob.ve\/index.php\/wp-json\/wp\/v2\/comments?post=28622"}],"version-history":[{"count":1,"href":"https:\/\/inces.gob.ve\/index.php\/wp-json\/wp\/v2\/posts\/28622\/revisions"}],"predecessor-version":[{"id":28626,"href":"https:\/\/inces.gob.ve\/index.php\/wp-json\/wp\/v2\/posts\/28622\/revisions\/28626"}],"wp:featuredmedia":[{"embeddable":true,"href":"https:\/\/inces.gob.ve\/index.php\/wp-json\/wp\/v2\/media\/28624"}],"wp:attachment":[{"href":"https:\/\/inces.gob.ve\/index.php\/wp-json\/wp\/v2\/media?parent=28622"}],"wp:term":[{"taxonomy":"category","embeddable":true,"href":"https:\/\/inces.gob.ve\/index.php\/wp-json\/wp\/v2\/categories?post=28622"},{"taxonomy":"post_tag","embeddable":true,"href":"https:\/\/inces.gob.ve\/index.php\/wp-json\/wp\/v2\/tags?post=28622"}],"curies":[{"name":"wp","href":"https:\/\/api.w.org\/{rel}","templated":true}]}}