{"id":28633,"date":"2019-05-28T09:30:38","date_gmt":"2019-05-28T15:30:38","guid":{"rendered":"http:\/\/www.inces.gob.ve\/?p=28633"},"modified":"2020-05-28T20:28:36","modified_gmt":"2020-05-29T00:28:36","slug":"inces-cojedes-activo-en-la-escuela","status":"publish","type":"post","link":"https:\/\/inces.gob.ve\/index.php\/2019\/05\/28\/inces-cojedes-activo-en-la-escuela\/","title":{"rendered":"Inces Cojedes activo en la escuela"},"content":{"rendered":"<p class=\"western\" align=\"justify\"><i><b><span style=\"font-family: arial, serif;\"><span style=\"font-size: large;\">* Con la premisa de que el pueblo debe convertirse en Gobierno, <\/span><\/span><span style=\"font-family: arial, serif;\"><span style=\"font-size: large;\">Jos\u00e9 Antonio Mart\u00ednez, gerente regional del Instituto Nacional de Capacitaci\u00f3n y Educaci\u00f3n Socialista (Inces) Cojedes, inici\u00f3 la jornada formativa programa en el C.I.B \u201cMonse\u00f1or Padilla\u201d de San Carlos, dirigida al personal administrativo, personal obrero, cocineras de la patria, representantes y la comunidad educativa con el fin de seguir sembrando valores formativos a trav\u00e9s de la atenci\u00f3n Escuela Adentro que es el llamado bolivariano para fortalecer la atenci\u00f3n del sistema educativo, porque toda la patria es una escuela.<\/span><\/span><\/b><\/i><!--more--><\/p>\n<p class=\"western\" align=\"justify\">\n<p class=\"western\" align=\"justify\"><span style=\"font-family: arial, serif;\"><span style=\"font-size: large;\"><b>COJEDES<\/b><\/span><\/span><\/p>\n<p class=\"western\" align=\"justify\">\n<p class=\"western\" align=\"justify\"><span style=\"font-family: arial, serif;\"><span style=\"font-size: large;\">Mart\u00ednez resalt\u00f3 que con los procesos de formaci\u00f3n y autoformaci\u00f3n que viene desarrollando el Inces en todas las instituciones educativas del estado, se realza la pedagog\u00eda del amor, la pedagog\u00eda productiva, teniendo como vanguardia el v\u00ednculo de la paz y el desarrollo de las capacidades de todos los hijos e hijas para producir con las manos \u201ccomo lo dec\u00eda nuestro maestro Sim\u00f3n Rodr\u00edguez, ense\u00f1ar a ser pregunt\u00f3n a nuestros ni\u00f1os as\u00ed como a transformar la vida con el trabajo de la tierra, el metal, la madera, para lograr construir grandes cosas en el mundo\u201d.<img loading=\"lazy\" decoding=\"async\" class=\"aligncenter wp-image-28635 size-full\" src=\"http:\/\/www.inces.gob.ve\/wp-content\/uploads\/2019\/05\/Inces-3-28Mayo2019-1.jpg\" alt=\"\" width=\"850\" height=\"840\" srcset=\"https:\/\/inces.gob.ve\/wp-content\/uploads\/2019\/05\/Inces-3-28Mayo2019-1.jpg 850w, https:\/\/inces.gob.ve\/wp-content\/uploads\/2019\/05\/Inces-3-28Mayo2019-1-300x296.jpg 300w, https:\/\/inces.gob.ve\/wp-content\/uploads\/2019\/05\/Inces-3-28Mayo2019-1-768x759.jpg 768w\" sizes=\"auto, (max-width: 850px) 100vw, 850px\" \/><\/span><\/span><\/p>\n<p class=\"western\" align=\"justify\">\n<p class=\"western\" align=\"justify\">\u201c<span style=\"font-family: arial, serif;\"><span style=\"font-size: large;\">Hoy generamos acuerdos de funcionamiento y de trabajo enfocados inicialmente en la recuperaci\u00f3n de las mesas sillas, instalaci\u00f3n de un conuco escolar productivo, as\u00ed como tambi\u00e9n trabajar con la lombricultura para la producci\u00f3n de humos l\u00edquidos y humos s\u00f3lidos, as\u00ed como vincularnos con la comunidad para desarrollar los procesos de acreditaci\u00f3n y complementaci\u00f3n de saberes en artes y oficios perfilados en el empoderamiento protag\u00f3nico de sus espacios\u201d, enfatiz\u00f3 Mart\u00ednez. <img loading=\"lazy\" decoding=\"async\" class=\"aligncenter wp-image-28634 size-full\" src=\"http:\/\/www.inces.gob.ve\/wp-content\/uploads\/2019\/05\/Inces-4-28MAyo2019.jpg\" alt=\"\" width=\"850\" height=\"638\" srcset=\"https:\/\/inces.gob.ve\/wp-content\/uploads\/2019\/05\/Inces-4-28MAyo2019.jpg 850w, https:\/\/inces.gob.ve\/wp-content\/uploads\/2019\/05\/Inces-4-28MAyo2019-300x225.jpg 300w, https:\/\/inces.gob.ve\/wp-content\/uploads\/2019\/05\/Inces-4-28MAyo2019-768x576.jpg 768w, https:\/\/inces.gob.ve\/wp-content\/uploads\/2019\/05\/Inces-4-28MAyo2019-136x102.jpg 136w\" sizes=\"auto, (max-width: 850px) 100vw, 850px\" \/><\/span><\/span><\/p>\n<p class=\"western\" align=\"justify\"><span style=\"font-family: arial, serif;\"><span style=\"font-size: large;\">Por su parte, Carmen Aguilar, docente con funci\u00f3n directiva del Centro de Educaci\u00f3n Inicial \u201cMonse\u00f1or Padilla\u201d, comenta lo importante de este tipo de formaciones productivas, \u201cque nos generan un v\u00ednculo con la paz y nos dan la gu\u00eda de aprender haciendo. Es el llamado que nos hace el presidente Nicol\u00e1s Maduro a sembrar en nuestros patios y conucos productivos escolares y hoy con el apoyo del Inces avanzaremos con direccionalidad clara para sembrar y lograr cosechar\u201d. <\/span><\/span><\/p>\n<p class=\"western\" align=\"justify\"><img loading=\"lazy\" decoding=\"async\" class=\"aligncenter wp-image-28637 size-full\" src=\"http:\/\/www.inces.gob.ve\/wp-content\/uploads\/2019\/05\/Inces-1-28MAyo2019.jpg\" alt=\"\" width=\"850\" height=\"933\" srcset=\"https:\/\/inces.gob.ve\/wp-content\/uploads\/2019\/05\/Inces-1-28MAyo2019.jpg 850w, https:\/\/inces.gob.ve\/wp-content\/uploads\/2019\/05\/Inces-1-28MAyo2019-273x300.jpg 273w, https:\/\/inces.gob.ve\/wp-content\/uploads\/2019\/05\/Inces-1-28MAyo2019-768x843.jpg 768w\" sizes=\"auto, (max-width: 850px) 100vw, 850px\" \/><\/p>\n","protected":false},"excerpt":{"rendered":"<p>* Con la premisa de que el pueblo debe convertirse en Gobierno, Jos\u00e9 Antonio Mart\u00ednez, gerente regional del Instituto Nacional de Capacitaci\u00f3n y Educaci\u00f3n Socialista (Inces) Cojedes, inici\u00f3 la jornada formativa programa en el C.I.B \u201cMonse\u00f1or Padilla\u201d de San Carlos, dirigida al personal administrativo, personal obrero, cocineras de la patria, representantes y la comunidad educativa [&hellip;]<\/p>\n","protected":false},"author":15,"featured_media":28636,"comment_status":"closed","ping_status":"closed","sticky":false,"template":"","format":"standard","meta":{"footnotes":""},"categories":[2],"tags":[],"class_list":["post-28633","post","type-post","status-publish","format-standard","has-post-thumbnail","hentry","category-blog"],"_links":{"self":[{"href":"https:\/\/inces.gob.ve\/index.php\/wp-json\/wp\/v2\/posts\/28633","targetHints":{"allow":["GET"]}}],"collection":[{"href":"https:\/\/inces.gob.ve\/index.php\/wp-json\/wp\/v2\/posts"}],"about":[{"href":"https:\/\/inces.gob.ve\/index.php\/wp-json\/wp\/v2\/types\/post"}],"author":[{"embeddable":true,"href":"https:\/\/inces.gob.ve\/index.php\/wp-json\/wp\/v2\/users\/15"}],"replies":[{"embeddable":true,"href":"https:\/\/inces.gob.ve\/index.php\/wp-json\/wp\/v2\/comments?post=28633"}],"version-history":[{"count":1,"href":"https:\/\/inces.gob.ve\/index.php\/wp-json\/wp\/v2\/posts\/28633\/revisions"}],"predecessor-version":[{"id":28638,"href":"https:\/\/inces.gob.ve\/index.php\/wp-json\/wp\/v2\/posts\/28633\/revisions\/28638"}],"wp:featuredmedia":[{"embeddable":true,"href":"https:\/\/inces.gob.ve\/index.php\/wp-json\/wp\/v2\/media\/28636"}],"wp:attachment":[{"href":"https:\/\/inces.gob.ve\/index.php\/wp-json\/wp\/v2\/media?parent=28633"}],"wp:term":[{"taxonomy":"category","embeddable":true,"href":"https:\/\/inces.gob.ve\/index.php\/wp-json\/wp\/v2\/categories?post=28633"},{"taxonomy":"post_tag","embeddable":true,"href":"https:\/\/inces.gob.ve\/index.php\/wp-json\/wp\/v2\/tags?post=28633"}],"curies":[{"name":"wp","href":"https:\/\/api.w.org\/{rel}","templated":true}]}}