{"id":28652,"date":"2019-05-29T06:27:15","date_gmt":"2019-05-29T12:27:15","guid":{"rendered":"http:\/\/www.inces.gob.ve\/?p=28652"},"modified":"2020-05-28T20:28:36","modified_gmt":"2020-05-29T00:28:36","slug":"juventud-productiva-se-incorpora-a-las-entidades-de-trabajo","status":"publish","type":"post","link":"https:\/\/inces.gob.ve\/index.php\/2019\/05\/29\/juventud-productiva-se-incorpora-a-las-entidades-de-trabajo\/","title":{"rendered":"Juventud productiva se incorpora a las entidades de trabajo"},"content":{"rendered":"<p align=\"justify\"><em><strong>** Culminada la fase te\u00f3rica que dicta el Inces los j\u00f3venes pasan a la pr\u00e1ctica en las empresas asignadas<\/strong><\/em><br \/>\n<!--more--><\/p>\n<p align=\"justify\">\n<p align=\"justify\"><span style=\"font-family: arial, sans-serif;\"><span style=\"font-size: large;\"><b>T\u00c1CHIRA<\/b><\/span><\/span><\/p>\n<p align=\"justify\"><span style=\"font-family: arial, sans-serif;\"><span style=\"font-size: large;\">Inces celebr\u00f3 el acto de cierre de la formaci\u00f3n te\u00f3rica de 29 j\u00f3venes del Programa Nacional de Aprendizaje (PNA) en los oficios de Asistente Contable y Asistente Administrativo Empresarial.<\/span><\/span><\/p>\n<p align=\"justify\">\n<p align=\"justify\"><span style=\"font-family: arial, sans-serif;\"><span style=\"font-size: large;\">Con la misa de acci\u00f3n de gracias se dio inicio al acto de cierre de formaci\u00f3n te\u00f3rica, desde el auditorio del centro de formaci\u00f3n socialista \u201cLuis Beltr\u00e1n Prieto Figueroa\u201d, en el que se homenaje\u00f3 a 29 aprendices, quienes culminaron una meta y se incorporar\u00e1n a las entidades de trabajo, con conocimientos en las \u00e1reas de Asistente Contable y Asistente Administrativo Empresarial.<\/span><\/span><\/p>\n<p align=\"justify\">&nbsp; <img loading=\"lazy\" decoding=\"async\" class=\"aligncenter wp-image-28658 size-large\" src=\"http:\/\/www.inces.gob.ve\/wp-content\/uploads\/2019\/05\/WhatsApp-Image-2019-05-21-at-1.15.01-PM-1024x768.jpeg\" alt=\"\" height=\"480\" width=\"640\" srcset=\"https:\/\/inces.gob.ve\/wp-content\/uploads\/2019\/05\/WhatsApp-Image-2019-05-21-at-1.15.01-PM-1024x768.jpeg 1024w, https:\/\/inces.gob.ve\/wp-content\/uploads\/2019\/05\/WhatsApp-Image-2019-05-21-at-1.15.01-PM-300x225.jpeg 300w, https:\/\/inces.gob.ve\/wp-content\/uploads\/2019\/05\/WhatsApp-Image-2019-05-21-at-1.15.01-PM-768x576.jpeg 768w, https:\/\/inces.gob.ve\/wp-content\/uploads\/2019\/05\/WhatsApp-Image-2019-05-21-at-1.15.01-PM-136x102.jpeg 136w, https:\/\/inces.gob.ve\/wp-content\/uploads\/2019\/05\/WhatsApp-Image-2019-05-21-at-1.15.01-PM.jpeg 1040w\" sizes=\"auto, (max-width: 640px) 100vw, 640px\" \/><\/p>\n<p align=\"justify\"><span style=\"font-family: arial, sans-serif;\"><span style=\"font-size: large;\">El gerente regional de la instituci\u00f3n, Geovanni Gonz\u00e1lez, felicit\u00f3 a los j\u00f3venes por culminar una parte importante de la formaci\u00f3n, y que ahora pondr\u00e1n en pr\u00e1ctica sus conocimientos en las entidades de trabajo. \u201cUn nuevo logro alcanzaron ustedes muchachos, un nuevo camino por continuar y nuevas puertas por abrir, es ahora lo que les espera. De parte de todo el equipo que forma parte del Inces les deseamos el mayor de los \u00e9xitos y un gran porvenir en sus nueva faceta\u201d.<\/span><\/span><\/p>\n<p align=\"justify\">\n<p align=\"justify\">\u201c<span style=\"font-family: arial, sans-serif;\"><span style=\"font-size: large;\">Agradezco al Inces por brindarme los conocimientos y las herramientas necesarias que me servir\u00e1n para forjarme un mejor futuro y desempe\u00f1arme en el \u00e1mbito laboral, siendo una joven productiva y colocando en el alto la instituci\u00f3n\u201d, as\u00ed lo expres\u00f3 Zuleyka Pe\u00f1a, aprendiz del Inces T\u00e1chira.<\/span><\/span><\/p>\n<p align=\"justify\">\n<img loading=\"lazy\" decoding=\"async\" class=\"aligncenter wp-image-28656 size-large\" src=\"http:\/\/www.inces.gob.ve\/wp-content\/uploads\/2019\/05\/WhatsApp-Image-2019-05-21-at-1.15.02-PM-1024x768.jpeg\" alt=\"\" height=\"480\" width=\"640\" srcset=\"https:\/\/inces.gob.ve\/wp-content\/uploads\/2019\/05\/WhatsApp-Image-2019-05-21-at-1.15.02-PM-1024x768.jpeg 1024w, https:\/\/inces.gob.ve\/wp-content\/uploads\/2019\/05\/WhatsApp-Image-2019-05-21-at-1.15.02-PM-300x225.jpeg 300w, https:\/\/inces.gob.ve\/wp-content\/uploads\/2019\/05\/WhatsApp-Image-2019-05-21-at-1.15.02-PM-768x576.jpeg 768w, https:\/\/inces.gob.ve\/wp-content\/uploads\/2019\/05\/WhatsApp-Image-2019-05-21-at-1.15.02-PM-136x102.jpeg 136w, https:\/\/inces.gob.ve\/wp-content\/uploads\/2019\/05\/WhatsApp-Image-2019-05-21-at-1.15.02-PM.jpeg 1040w\" sizes=\"auto, (max-width: 640px) 100vw, 640px\" \/><\/p>\n<p align=\"justify\"><span style=\"font-family: arial, sans-serif;\"><span style=\"font-size: large;\">La celebraci\u00f3n culmin\u00f3 con un almuerzo de celebraci\u00f3n para los aprendices, en el que Gonz\u00e1lez, les manifest\u00f3 el apoyo por parte de la instituci\u00f3n. \u201cLas puertas del Inces siempre est\u00e1n abiertas para recibirlos a ustedes y a cualquier persona que desee formarse e incorporarse a las formaciones productivas que ofrece el Gobierno Nacional\u201d.<\/span><\/span><\/p>\n<p align=\"justify\">\n<p align=\"justify\"><img loading=\"lazy\" decoding=\"async\" class=\"aligncenter wp-image-28653 size-large\" src=\"http:\/\/www.inces.gob.ve\/wp-content\/uploads\/2019\/05\/WhatsApp-Image-2019-05-22-at-10.50.05-AM-1024x768.jpeg\" alt=\"\" height=\"480\" width=\"640\" srcset=\"https:\/\/inces.gob.ve\/wp-content\/uploads\/2019\/05\/WhatsApp-Image-2019-05-22-at-10.50.05-AM-1024x768.jpeg 1024w, https:\/\/inces.gob.ve\/wp-content\/uploads\/2019\/05\/WhatsApp-Image-2019-05-22-at-10.50.05-AM-300x225.jpeg 300w, https:\/\/inces.gob.ve\/wp-content\/uploads\/2019\/05\/WhatsApp-Image-2019-05-22-at-10.50.05-AM-768x576.jpeg 768w, https:\/\/inces.gob.ve\/wp-content\/uploads\/2019\/05\/WhatsApp-Image-2019-05-22-at-10.50.05-AM-136x102.jpeg 136w, https:\/\/inces.gob.ve\/wp-content\/uploads\/2019\/05\/WhatsApp-Image-2019-05-22-at-10.50.05-AM.jpeg 1040w\" sizes=\"auto, (max-width: 640px) 100vw, 640px\" \/><\/p>\n","protected":false},"excerpt":{"rendered":"<p>** Culminada la fase te\u00f3rica que dicta el Inces los j\u00f3venes pasan a la pr\u00e1ctica en las empresas asignadas<\/p>\n","protected":false},"author":4,"featured_media":28654,"comment_status":"closed","ping_status":"open","sticky":true,"template":"","format":"standard","meta":{"footnotes":""},"categories":[2],"tags":[],"class_list":["post-28652","post","type-post","status-publish","format-standard","has-post-thumbnail","hentry","category-blog"],"_links":{"self":[{"href":"https:\/\/inces.gob.ve\/index.php\/wp-json\/wp\/v2\/posts\/28652","targetHints":{"allow":["GET"]}}],"collection":[{"href":"https:\/\/inces.gob.ve\/index.php\/wp-json\/wp\/v2\/posts"}],"about":[{"href":"https:\/\/inces.gob.ve\/index.php\/wp-json\/wp\/v2\/types\/post"}],"author":[{"embeddable":true,"href":"https:\/\/inces.gob.ve\/index.php\/wp-json\/wp\/v2\/users\/4"}],"replies":[{"embeddable":true,"href":"https:\/\/inces.gob.ve\/index.php\/wp-json\/wp\/v2\/comments?post=28652"}],"version-history":[{"count":2,"href":"https:\/\/inces.gob.ve\/index.php\/wp-json\/wp\/v2\/posts\/28652\/revisions"}],"predecessor-version":[{"id":28683,"href":"https:\/\/inces.gob.ve\/index.php\/wp-json\/wp\/v2\/posts\/28652\/revisions\/28683"}],"wp:featuredmedia":[{"embeddable":true,"href":"https:\/\/inces.gob.ve\/index.php\/wp-json\/wp\/v2\/media\/28654"}],"wp:attachment":[{"href":"https:\/\/inces.gob.ve\/index.php\/wp-json\/wp\/v2\/media?parent=28652"}],"wp:term":[{"taxonomy":"category","embeddable":true,"href":"https:\/\/inces.gob.ve\/index.php\/wp-json\/wp\/v2\/categories?post=28652"},{"taxonomy":"post_tag","embeddable":true,"href":"https:\/\/inces.gob.ve\/index.php\/wp-json\/wp\/v2\/tags?post=28652"}],"curies":[{"name":"wp","href":"https:\/\/api.w.org\/{rel}","templated":true}]}}