{"id":28689,"date":"2019-05-29T11:17:32","date_gmt":"2019-05-29T17:17:32","guid":{"rendered":"http:\/\/www.inces.gob.ve\/?p=28689"},"modified":"2020-05-28T20:28:36","modified_gmt":"2020-05-29T00:28:36","slug":"jubilados-inces-se-reencuentran-para-celebrar-32-aniversario-de-anji","status":"publish","type":"post","link":"https:\/\/inces.gob.ve\/index.php\/2019\/05\/29\/jubilados-inces-se-reencuentran-para-celebrar-32-aniversario-de-anji\/","title":{"rendered":"Jubilados Inces se reencuentran para celebrar 32 aniversario de Anji"},"content":{"rendered":"<p align=\"justify\"><span style=\"font-family: Arial, sans-serif;\"><span style=\"font-size: large;\"><b>** De igual manera conmemoran el D\u00eda del Adulto Mayor en Venezuela (29 de mayo)<\/b><\/span><\/span><\/p>\n<p align=\"justify\"><!--more--><\/p>\n<p align=\"justify\">\n<p align=\"justify\"><span style=\"font-family: Arial, sans-serif;\"><span style=\"font-size: large;\"><b>Ivaldo Rodr\u00edguez | Prensa Inces sede<\/b><\/span><\/span><\/p>\n<p align=\"justify\">\n<p align=\"justify\"><span style=\"font-family: Arial, sans-serif;\"><span style=\"font-size: large;\">Con una doble celebraci\u00f3n como motivo, el personal jubilado del Instituto Nacional de Capacitaci\u00f3n y Educaci\u00f3n Socialista (Inces) organiz\u00f3 una animada reuni\u00f3n en la terraza del edificio sede, donde la camarader\u00eda se hizo presente para renovar y fortalecer los lazos de amistad de quienes en una oportunidad fueron compa\u00f1eros de trabajo y abogaron, cada uno desde su trinchera, por la expansi\u00f3n y la calidad de la formaci\u00f3n para el trabajo en el pa\u00eds. Las razones del encuentro: conmemorar el \u201cD\u00eda del Adulto Mayor\u201d y los primeros 32 a\u00f1os de la Asociaci\u00f3n Nacional de Jubilados Inces (Anji).<\/span><\/span><\/p>\n<p align=\"justify\"><span style=\"font-family: Arial, sans-serif;\"><span style=\"font-size: large;\">Con el oficio de una misa a las 9:30 am. se inici\u00f3 la jornada. El sacerdote responsable fue el Padre Jes\u00fas Bravo para quien se instal\u00f3 un modesto, pero bendito altar donde se ubicaron las ofrendas y los pa\u00f1os caracter\u00edsticos de la eucarist\u00eda.<\/span><\/span><\/p>\n<p align=\"justify\"><span style=\"font-family: Arial, sans-serif;\"><span style=\"font-size: large;\"><img loading=\"lazy\" decoding=\"async\" class=\"aligncenter wp-image-28691 size-full\" src=\"http:\/\/www.inces.gob.ve\/wp-content\/uploads\/2019\/05\/Inces-4-29Mayo2019.jpg\" alt=\"\" width=\"850\" height=\"567\" srcset=\"https:\/\/inces.gob.ve\/wp-content\/uploads\/2019\/05\/Inces-4-29Mayo2019.jpg 850w, https:\/\/inces.gob.ve\/wp-content\/uploads\/2019\/05\/Inces-4-29Mayo2019-300x200.jpg 300w, https:\/\/inces.gob.ve\/wp-content\/uploads\/2019\/05\/Inces-4-29Mayo2019-768x512.jpg 768w\" sizes=\"auto, (max-width: 850px) 100vw, 850px\" \/><\/span><\/span><\/p>\n<p align=\"justify\"><span style=\"font-family: Arial, sans-serif;\"><span style=\"font-size: large;\">De seguido se present\u00f3 con un variado repertorio latinoamericano el coro \u201cRa\u00fal Delgado Mar\u00edn\u201d del instituto quienes recibieron merecidos aplausos por cada una de sus interpretaciones.<\/span><\/span><\/p>\n<p align=\"justify\"><span style=\"font-family: Arial, sans-serif;\"><span style=\"font-size: large;\"><img loading=\"lazy\" decoding=\"async\" class=\"aligncenter wp-image-28692 size-full\" src=\"http:\/\/www.inces.gob.ve\/wp-content\/uploads\/2019\/05\/Inces-3-29Mayo2019.jpg\" alt=\"\" width=\"850\" height=\"567\" srcset=\"https:\/\/inces.gob.ve\/wp-content\/uploads\/2019\/05\/Inces-3-29Mayo2019.jpg 850w, https:\/\/inces.gob.ve\/wp-content\/uploads\/2019\/05\/Inces-3-29Mayo2019-300x200.jpg 300w, https:\/\/inces.gob.ve\/wp-content\/uploads\/2019\/05\/Inces-3-29Mayo2019-768x512.jpg 768w\" sizes=\"auto, (max-width: 850px) 100vw, 850px\" \/><\/span><\/span><\/p>\n<p align=\"justify\"><span style=\"font-family: Arial, sans-serif;\"><span style=\"font-size: large;\">Posteriormente se dispuso del espacio para organizar una velada con m\u00fasica, sandwiches, pasapalos, jugos y refrescos que animaron el \u00e1gape hasta horas del mediod\u00eda, logrando compartir historias y an\u00e9cdotas llenas de aprendizaje.<\/span><\/span><\/p>\n<p align=\"justify\"><span style=\"font-family: Arial, sans-serif;\"><span style=\"font-size: large;\"><img loading=\"lazy\" decoding=\"async\" class=\"aligncenter wp-image-28693 size-full\" src=\"http:\/\/www.inces.gob.ve\/wp-content\/uploads\/2019\/05\/Inces-2-29Mayo2019.jpg\" alt=\"\" width=\"850\" height=\"567\" srcset=\"https:\/\/inces.gob.ve\/wp-content\/uploads\/2019\/05\/Inces-2-29Mayo2019.jpg 850w, https:\/\/inces.gob.ve\/wp-content\/uploads\/2019\/05\/Inces-2-29Mayo2019-300x200.jpg 300w, https:\/\/inces.gob.ve\/wp-content\/uploads\/2019\/05\/Inces-2-29Mayo2019-768x512.jpg 768w\" sizes=\"auto, (max-width: 850px) 100vw, 850px\" \/><\/span><\/span><\/p>\n<p align=\"justify\"><span style=\"font-family: Arial, sans-serif;\"><span style=\"font-size: large;\">El Inces como instituci\u00f3n tuvo la gentileza de obsequiar a los presentes peque\u00f1os combos de alimentos para llevar a casa y una muy surtida mesa-refrigerio que fue recibida de buen agrado por todos quienes participaron del merecido picoteo.<\/span><\/span><\/p>\n<p align=\"justify\"><span style=\"font-family: Arial, sans-serif;\"><span style=\"font-size: large;\">Los adultos mayores del Inces, en n\u00famero no menor de 80, socializaron y recordaron que ciertamente se hayan en situaci\u00f3n laboral pasiva y de retiro, lo cual no implica la posibilidad de reencontrarse de vez en cuando y compartir con quienes durante a\u00f1os apuntalaron una noble causa. <\/span><\/span><\/p>\n<p align=\"justify\"><span style=\"font-family: Arial, sans-serif;\"><span style=\"font-size: large;\"><img loading=\"lazy\" decoding=\"async\" class=\"aligncenter wp-image-28694 size-full\" src=\"http:\/\/www.inces.gob.ve\/wp-content\/uploads\/2019\/05\/Inces-1-29Mayo2019.jpg\" alt=\"\" width=\"850\" height=\"567\" srcset=\"https:\/\/inces.gob.ve\/wp-content\/uploads\/2019\/05\/Inces-1-29Mayo2019.jpg 850w, https:\/\/inces.gob.ve\/wp-content\/uploads\/2019\/05\/Inces-1-29Mayo2019-300x200.jpg 300w, https:\/\/inces.gob.ve\/wp-content\/uploads\/2019\/05\/Inces-1-29Mayo2019-768x512.jpg 768w\" sizes=\"auto, (max-width: 850px) 100vw, 850px\" \/><\/span><\/span><\/p>\n<p align=\"justify\"><span style=\"font-family: Arial, sans-serif;\"><span style=\"font-size: large;\">Hasta la presidenta de Anji, Gioconda Goit\u00eda, los 18 directivos de la asociaci\u00f3n y la totalidad de los agremiados, nuestra palabra de felicitaci\u00f3n y aliento, record\u00e1ndoles que siguen siendo seres que llenan de cari\u00f1o, sabidur\u00eda y amor la vida de la familia y de las instituciones nacionales.<\/span><\/span><\/p>\n","protected":false},"excerpt":{"rendered":"<p>** De igual manera conmemoran el D\u00eda del Adulto Mayor en Venezuela (29 de mayo)<\/p>\n","protected":false},"author":15,"featured_media":28690,"comment_status":"closed","ping_status":"closed","sticky":false,"template":"","format":"standard","meta":{"footnotes":""},"categories":[2],"tags":[],"class_list":["post-28689","post","type-post","status-publish","format-standard","has-post-thumbnail","hentry","category-blog"],"_links":{"self":[{"href":"https:\/\/inces.gob.ve\/index.php\/wp-json\/wp\/v2\/posts\/28689","targetHints":{"allow":["GET"]}}],"collection":[{"href":"https:\/\/inces.gob.ve\/index.php\/wp-json\/wp\/v2\/posts"}],"about":[{"href":"https:\/\/inces.gob.ve\/index.php\/wp-json\/wp\/v2\/types\/post"}],"author":[{"embeddable":true,"href":"https:\/\/inces.gob.ve\/index.php\/wp-json\/wp\/v2\/users\/15"}],"replies":[{"embeddable":true,"href":"https:\/\/inces.gob.ve\/index.php\/wp-json\/wp\/v2\/comments?post=28689"}],"version-history":[{"count":1,"href":"https:\/\/inces.gob.ve\/index.php\/wp-json\/wp\/v2\/posts\/28689\/revisions"}],"predecessor-version":[{"id":28695,"href":"https:\/\/inces.gob.ve\/index.php\/wp-json\/wp\/v2\/posts\/28689\/revisions\/28695"}],"wp:featuredmedia":[{"embeddable":true,"href":"https:\/\/inces.gob.ve\/index.php\/wp-json\/wp\/v2\/media\/28690"}],"wp:attachment":[{"href":"https:\/\/inces.gob.ve\/index.php\/wp-json\/wp\/v2\/media?parent=28689"}],"wp:term":[{"taxonomy":"category","embeddable":true,"href":"https:\/\/inces.gob.ve\/index.php\/wp-json\/wp\/v2\/categories?post=28689"},{"taxonomy":"post_tag","embeddable":true,"href":"https:\/\/inces.gob.ve\/index.php\/wp-json\/wp\/v2\/tags?post=28689"}],"curies":[{"name":"wp","href":"https:\/\/api.w.org\/{rel}","templated":true}]}}