{"id":28726,"date":"2019-05-30T06:00:32","date_gmt":"2019-05-30T12:00:32","guid":{"rendered":"http:\/\/www.inces.gob.ve\/?p=28726"},"modified":"2020-05-28T20:28:36","modified_gmt":"2020-05-29T00:28:36","slug":"inces-realizo-asamblea-de-trabajadores-para-conformar-unidades-de-produccion","status":"publish","type":"post","link":"https:\/\/inces.gob.ve\/index.php\/2019\/05\/30\/inces-realizo-asamblea-de-trabajadores-para-conformar-unidades-de-produccion\/","title":{"rendered":"Inces realiz\u00f3 asamblea de trabajadores para conformar unidades de producci\u00f3n"},"content":{"rendered":"<p align=\"justify\"><em><span style=\"font-size: large;\">** En la asamblea se presentaron 17 proyectos que se conformar\u00e1n en esas nuevas modalidades de econom\u00eda comunal<\/span><\/em><!--more--><\/p>\n<p align=\"justify\"><span style=\"font-size: large;\">Mar\u00eda Cabrera | Trujillo<\/span><\/p>\n<p align=\"justify\"><span style=\"font-size: large;\">Una asamblea de sensibilizaci\u00f3n se efectu\u00f3 con los trabajadores, aprendices y participantes del Instituto Nacional de Capacitaci\u00f3n y Educaci\u00f3n Socialista de Trujillo, en el auditorio \u201cLuis Beltr\u00e1n Prieto Figueroa\u201d, donde la Gerencia Regional suministr\u00f3 informaci\u00f3n sobre la conformaci\u00f3n de Unidades de Producci\u00f3n y aprovech\u00f3 la ocasi\u00f3n para anunciar la presentaci\u00f3n de 17 proyectos que se conformar\u00e1n en esas nuevas modalidades de econom\u00eda comunal.<\/span><\/p>\n<p align=\"justify\">\n<p align=\"justify\"><span style=\"font-size: large;\">Ang\u00e9lica Mor\u00f3n, gerente de Inces Trujillo, explic\u00f3 durante la reuni\u00f3n la importancia que tiene avanzar en este paso que, entre otras metas, busca otorgarle salida a emprendedores y en tal sentido aprovech\u00f3 para elogiar el esfuerzo de estos 17 proyectos que avalar\u00e1 el Banco de Venezuela, y que fueron presentados por los trabajadores, participantes y aprendices del Inces Trujillo por vez primera.<\/span><\/p>\n<p align=\"justify\">\n<p align=\"justify\"><span style=\"font-size: large;\">Estos proyectos son: uno de peluquer\u00eda que se realizar\u00e1 en el CFS (centro de formaci\u00f3n socialista) \u201cBarbarita de la Torre\u201d; dos proyectos de limpieza e higiene personal; dos de cr\u00eda de conejos; dos de carpinter\u00eda y elaboraci\u00f3n de urnas; cuatro de pander\u00eda y reposter\u00eda; cuatro de corte y confecci\u00f3n de damas, caballeros y ni\u00f1os y uno de subliminado. Todos estos ser\u00e1n presentados por los trabajadores, aprendices y participantes en sus respectivas comunidades y punto y c\u00edrculo del CFS m\u00e1s cercano. <\/span><\/p>\n<p align=\"justify\">\n<p align=\"justify\"><img loading=\"lazy\" decoding=\"async\" class=\"aligncenter wp-image-28728 size-large\" src=\"http:\/\/www.inces.gob.ve\/wp-content\/uploads\/2019\/05\/IMG_20190527_092235-1024x768.jpg\" alt=\"\" width=\"640\" height=\"480\" srcset=\"https:\/\/inces.gob.ve\/wp-content\/uploads\/2019\/05\/IMG_20190527_092235-1024x768.jpg 1024w, https:\/\/inces.gob.ve\/wp-content\/uploads\/2019\/05\/IMG_20190527_092235-300x225.jpg 300w, https:\/\/inces.gob.ve\/wp-content\/uploads\/2019\/05\/IMG_20190527_092235-768x576.jpg 768w, https:\/\/inces.gob.ve\/wp-content\/uploads\/2019\/05\/IMG_20190527_092235-136x102.jpg 136w\" sizes=\"auto, (max-width: 640px) 100vw, 640px\" \/><\/p>\n<p align=\"justify\">\n<p align=\"justify\"><span style=\"font-size: large;\">La gerente regional de Trujillo anim\u00f3 a todas las personas que decidan emprender estos retos para que consideren enmarcarlos en los motores de producci\u00f3n, ya que de alguna forma \u201ctambi\u00e9n la comunidad ser\u00e1 la encargada de darles el aval desde el principio para la consecuci\u00f3n de esos proyectos, y que se beneficien de los mismos\u201d, dijo.<\/span><\/p>\n<p align=\"justify\">\n<p align=\"justify\"><span style=\"font-size: large;\">Durante la asamblea cada uno de los trabajadores, aprendices y participantes del Inces-Trujillo realizaron preguntas y formularon algunas inquietudes sobre la tem\u00e1tica que vers\u00f3 sobre el proceso formativo. Mor\u00f3n manifest\u00f3 que se impartir\u00e1n todos los martes, mientras los requisitos exigidos se vayan reuniendo.<\/span><\/p>\n<p align=\"justify\">\n<p align=\"justify\"><span style=\"font-size: large;\">Este jornada, que tendr\u00e1 como \u00f3rgano crediticio al Banco de Venezuela, fue muy bien recibida por los presentes, al punto que en las formaciones que imparte el Inces Trujillo ya algunas se han ido anotando entre trabajadores, aprendices y participantes para obtener la debida acreditaci\u00f3n de oficios que ya dominan.<\/span><\/p>\n","protected":false},"excerpt":{"rendered":"<p>** En la asamblea se presentaron 17 proyectos que se conformar\u00e1n en esas nuevas modalidades de econom\u00eda comunal<\/p>\n","protected":false},"author":4,"featured_media":28727,"comment_status":"closed","ping_status":"open","sticky":false,"template":"","format":"standard","meta":{"footnotes":""},"categories":[2],"tags":[],"class_list":["post-28726","post","type-post","status-publish","format-standard","has-post-thumbnail","hentry","category-blog"],"_links":{"self":[{"href":"https:\/\/inces.gob.ve\/index.php\/wp-json\/wp\/v2\/posts\/28726","targetHints":{"allow":["GET"]}}],"collection":[{"href":"https:\/\/inces.gob.ve\/index.php\/wp-json\/wp\/v2\/posts"}],"about":[{"href":"https:\/\/inces.gob.ve\/index.php\/wp-json\/wp\/v2\/types\/post"}],"author":[{"embeddable":true,"href":"https:\/\/inces.gob.ve\/index.php\/wp-json\/wp\/v2\/users\/4"}],"replies":[{"embeddable":true,"href":"https:\/\/inces.gob.ve\/index.php\/wp-json\/wp\/v2\/comments?post=28726"}],"version-history":[{"count":1,"href":"https:\/\/inces.gob.ve\/index.php\/wp-json\/wp\/v2\/posts\/28726\/revisions"}],"predecessor-version":[{"id":28729,"href":"https:\/\/inces.gob.ve\/index.php\/wp-json\/wp\/v2\/posts\/28726\/revisions\/28729"}],"wp:featuredmedia":[{"embeddable":true,"href":"https:\/\/inces.gob.ve\/index.php\/wp-json\/wp\/v2\/media\/28727"}],"wp:attachment":[{"href":"https:\/\/inces.gob.ve\/index.php\/wp-json\/wp\/v2\/media?parent=28726"}],"wp:term":[{"taxonomy":"category","embeddable":true,"href":"https:\/\/inces.gob.ve\/index.php\/wp-json\/wp\/v2\/categories?post=28726"},{"taxonomy":"post_tag","embeddable":true,"href":"https:\/\/inces.gob.ve\/index.php\/wp-json\/wp\/v2\/tags?post=28726"}],"curies":[{"name":"wp","href":"https:\/\/api.w.org\/{rel}","templated":true}]}}