{"id":28737,"date":"2019-05-30T06:17:16","date_gmt":"2019-05-30T12:17:16","guid":{"rendered":"http:\/\/www.inces.gob.ve\/?p=28737"},"modified":"2020-05-28T20:33:29","modified_gmt":"2020-05-29T00:33:29","slug":"50-aprendices-se-incorporan-al-pna-provenientes-de-gran-mision-chamba-juvenil","status":"publish","type":"post","link":"https:\/\/inces.gob.ve\/index.php\/2019\/05\/30\/50-aprendices-se-incorporan-al-pna-provenientes-de-gran-mision-chamba-juvenil\/","title":{"rendered":"50 aprendices provenientes de la Gran Misi\u00f3n Chamba Juvenil se incorporan al PNA"},"content":{"rendered":"<p align=\"justify\"><span style=\"font-family: ARIAL, sans-serif;\"><span style=\"font-size: large;\"><i><b>** Los j\u00f3venes -39 de Valera y 11 de Trujillo- ser\u00e1n repartidos en los tres CFS m\u00e1s cercanos a su residencia y punto y c\u00cdrculo: \u201c Al\u00cd Primera\u201d, \u201cBarbarita de la Torre\u201d y \u201cSamuel Robinson\u201d, respectivamente, de manera que puedan cumplir con las demandas de ambos organismos, sin que haya peligro de fragmentaci\u00f3n del conocimiento<\/b><\/i><\/span><\/span><!--more--><\/p>\n<p align=\"justify\">\n<p align=\"justify\"><span style=\"font-family: ARIAL, sans-serif;\"><span style=\"font-size: large;\"><b>MAR\u00cdA CABRERA | Trujillo<\/b><\/span><\/span><\/p>\n<p align=\"justify\"><span style=\"font-family: ARIAL, sans-serif;\"><span style=\"font-size: large;\">Un grupo de cincuenta j\u00f3venes fueron ingresados al Programa Nacional de Aprendizaje a trav\u00e9s de la Gran Misi\u00f3n Chamba Juvenil que atiende la gobernaci\u00f3n del estado de Trujillo, quien se encargar\u00e1 de su contrataci\u00f3n formal con todos los requisitos de ley, inform\u00f3 la gerente regional del Inces Trujillo, Ang\u00e9lica Mor\u00f3n.<\/span><\/span><\/p>\n<p align=\"justify\">\n<p align=\"justify\"><span style=\"font-family: ARIAL, sans-serif;\"><span style=\"font-size: large;\">Mor\u00f3n, junto a la coordinadora del Programa Nacional de Aprendizaje (PNA) Evelin Segovia, dieron la bienvenida a estos j\u00f3venes que ser\u00e1n los primeros de este programa Gran Misi\u00f3n Chamba Juvenil que atender\u00e1 a la poblaci\u00f3n de 19 a 35 a\u00f1os de edad, en un acto que se llevo a cabo en las instalaciones del centro de formaci\u00f3n socialista \u201cAl\u00ed Primera\u201d del municipio Valera.<\/span><\/span><\/p>\n<p align=\"justify\">\n<p align=\"justify\"><span style=\"font-family: ARIAL, sans-serif;\"><span style=\"font-size: large;\">Explic\u00f3 la gerente regional que la incorporaci\u00f3n de estos cincuenta j\u00f3venes es de inmediato, toda vez que el gobernador del estado, Henry Rangel Silva, reconoci\u00f3 la labor formativa y la relevancia de este organismo en la preparaci\u00f3n y capacitaci\u00f3n de esta poblaci\u00f3n, en especial, en este momento coyuntural, por ser una de las mejores opciones de peso con la que cuenta en la localidad.<\/span><\/span><\/p>\n<p align=\"justify\">\n<p align=\"justify\"><img loading=\"lazy\" decoding=\"async\" class=\"aligncenter wp-image-28739 size-large\" src=\"http:\/\/www.inces.gob.ve\/wp-content\/uploads\/2019\/05\/DSCI0329_1-1024x768.jpg\" alt=\"\" width=\"640\" height=\"480\" srcset=\"https:\/\/inces.gob.ve\/wp-content\/uploads\/2019\/05\/DSCI0329_1-1024x768.jpg 1024w, https:\/\/inces.gob.ve\/wp-content\/uploads\/2019\/05\/DSCI0329_1-300x225.jpg 300w, https:\/\/inces.gob.ve\/wp-content\/uploads\/2019\/05\/DSCI0329_1-768x576.jpg 768w, https:\/\/inces.gob.ve\/wp-content\/uploads\/2019\/05\/DSCI0329_1-136x102.jpg 136w\" sizes=\"auto, (max-width: 640px) 100vw, 640px\" \/><\/p>\n<p align=\"justify\"><span style=\"font-family: ARIAL, sans-serif;\"><span style=\"font-size: large;\">Mor\u00f3n Aldana indic\u00f3 que el lapso de preparaci\u00f3n ser\u00e1 de dos a\u00f1os, a partir de la fecha, lapso durante el cual el PNA ser\u00e1 el que regir\u00e1 la formaci\u00f3n acad\u00e9mica de los aprendices mientras est\u00e9n prestando servicios a la gobernaci\u00f3n de Trujillo, con todas las exigencias del caso, tal como se viene efectuando en este programa.<\/span><\/span><\/p>\n<p align=\"justify\">\n<p align=\"justify\"><span style=\"font-family: ARIAL, sans-serif;\"><span style=\"font-size: large;\">Los j\u00f3venes -39 de Valera y 11 de Trujillo- ser\u00e1n repartidos en los tres CFS m\u00e1s cercanos a su residencia y punto y c\u00edrculo: \u201c Al\u00ed Primera\u201d, \u201cBarbarita de la Torre\u201d y \u201cSamuel Robinson\u201d respectivamente, de manera que puedan cumplir con las demandas de ambos organismos, sin que haya peligro en la fragmentaci\u00f3n del conocimiento, enfatiz\u00f3 la gerente regional del Inces Trujillo.<\/span><\/span><\/p>\n<p align=\"justify\">\n<img loading=\"lazy\" decoding=\"async\" class=\"aligncenter wp-image-28738 size-large\" src=\"http:\/\/www.inces.gob.ve\/wp-content\/uploads\/2019\/05\/DSCI0330_2-1024x768.jpg\" alt=\"\" width=\"640\" height=\"480\" srcset=\"https:\/\/inces.gob.ve\/wp-content\/uploads\/2019\/05\/DSCI0330_2-1024x768.jpg 1024w, https:\/\/inces.gob.ve\/wp-content\/uploads\/2019\/05\/DSCI0330_2-300x225.jpg 300w, https:\/\/inces.gob.ve\/wp-content\/uploads\/2019\/05\/DSCI0330_2-768x576.jpg 768w, https:\/\/inces.gob.ve\/wp-content\/uploads\/2019\/05\/DSCI0330_2-136x102.jpg 136w\" sizes=\"auto, (max-width: 640px) 100vw, 640px\" \/><\/p>\n<p align=\"justify\"><span style=\"font-family: ARIAL, sans-serif;\"><span style=\"font-size: large;\">Igualmente, Ang\u00e9lica Mor\u00f3n Aldana sostuvo que durante su preparaci\u00f3n estos chicos recibir\u00e1n capacitaci\u00f3n en el \u00e1rea de carpinter\u00eda, refrigeraci\u00f3n, mec\u00e1nica automotriz, electricidad y mantenimiento de equipos; toda vez que fue una de las solicitudes que la gobernaci\u00f3n del estado efectu\u00f3 para la contrataci\u00f3n de estos 50 chicos los cuales recibir\u00e1n un sueldo m\u00ednimo y los beneficios que otorga la ley.<\/span><\/span><\/p>\n<p align=\"justify\">\n","protected":false},"excerpt":{"rendered":"<p>** Los j\u00f3venes -39 de Valera y 11 de Trujillo- ser\u00e1n repartidos en los tres CFS m\u00e1s cercanos a su residencia y punto y c\u00cdrculo: \u201c Al\u00cd Primera\u201d, \u201cBarbarita de la Torre\u201d y \u201cSamuel Robinson\u201d, respectivamente, de manera que puedan cumplir con las demandas de ambos organismos, sin que haya peligro de fragmentaci\u00f3n del conocimiento<\/p>\n","protected":false},"author":4,"featured_media":28740,"comment_status":"closed","ping_status":"open","sticky":false,"template":"","format":"standard","meta":{"footnotes":""},"categories":[2],"tags":[],"class_list":["post-28737","post","type-post","status-publish","format-standard","has-post-thumbnail","hentry","category-blog"],"_links":{"self":[{"href":"https:\/\/inces.gob.ve\/index.php\/wp-json\/wp\/v2\/posts\/28737","targetHints":{"allow":["GET"]}}],"collection":[{"href":"https:\/\/inces.gob.ve\/index.php\/wp-json\/wp\/v2\/posts"}],"about":[{"href":"https:\/\/inces.gob.ve\/index.php\/wp-json\/wp\/v2\/types\/post"}],"author":[{"embeddable":true,"href":"https:\/\/inces.gob.ve\/index.php\/wp-json\/wp\/v2\/users\/4"}],"replies":[{"embeddable":true,"href":"https:\/\/inces.gob.ve\/index.php\/wp-json\/wp\/v2\/comments?post=28737"}],"version-history":[{"count":3,"href":"https:\/\/inces.gob.ve\/index.php\/wp-json\/wp\/v2\/posts\/28737\/revisions"}],"predecessor-version":[{"id":28743,"href":"https:\/\/inces.gob.ve\/index.php\/wp-json\/wp\/v2\/posts\/28737\/revisions\/28743"}],"wp:featuredmedia":[{"embeddable":true,"href":"https:\/\/inces.gob.ve\/index.php\/wp-json\/wp\/v2\/media\/28740"}],"wp:attachment":[{"href":"https:\/\/inces.gob.ve\/index.php\/wp-json\/wp\/v2\/media?parent=28737"}],"wp:term":[{"taxonomy":"category","embeddable":true,"href":"https:\/\/inces.gob.ve\/index.php\/wp-json\/wp\/v2\/categories?post=28737"},{"taxonomy":"post_tag","embeddable":true,"href":"https:\/\/inces.gob.ve\/index.php\/wp-json\/wp\/v2\/tags?post=28737"}],"curies":[{"name":"wp","href":"https:\/\/api.w.org\/{rel}","templated":true}]}}