{"id":28779,"date":"2019-05-31T08:29:57","date_gmt":"2019-05-31T14:29:57","guid":{"rendered":"http:\/\/www.inces.gob.ve\/?p=28779"},"modified":"2020-05-28T20:34:45","modified_gmt":"2020-05-29T00:34:45","slug":"valiosa-jornada-del-programa-0800saludya-favorecio-a-la-comunidad-inces","status":"publish","type":"post","link":"https:\/\/inces.gob.ve\/index.php\/2019\/05\/31\/valiosa-jornada-del-programa-0800saludya-favorecio-a-la-comunidad-inces\/","title":{"rendered":"Valiosa jornada del programa 0800SaludYa favoreci\u00f3 a la comunidad Inces"},"content":{"rendered":"<p align=\"justify\"><span style=\"font-family: Arial, sans-serif;\"><span style=\"font-size: large;\"><b>**<i> La entrega de medicamentos se produjo sin costo alguno para los beneficiarios<\/i><\/b><\/span><\/span><!--more--><\/p>\n<p align=\"justify\"><a name=\"more-13914\"><\/a><span style=\"font-family: Arial, sans-serif;\"><span style=\"font-size: large;\"><b>Ivaldo Rodr\u00edguez | Meiby Domador | prensa Inces sede<\/b><\/span><\/span><\/p>\n<p align=\"justify\"><span style=\"font-family: Arial, sans-serif;\"><span style=\"font-size: large;\"><b>Fotos: Jos\u00e9 Rosario Acosta<\/b><\/span><\/span><\/p>\n<p align=\"justify\">\n<p align=\"justify\"><span style=\"font-family: Arial, sans-serif;\"><span style=\"font-size: large;\">Como una demostraci\u00f3n de la sensibilidad social y el esp\u00edritu integrador y colectivo que caracteriza a la actual administraci\u00f3n del Instituto Nacional de Capacitaci\u00f3n y Educaci\u00f3n Socialista (Inces), la Oficina de Atenci\u00f3n Ciudadana (OAC), en articulaci\u00f3n con el Ministerio del poder popular para la Salud (MppS) lograron traer a nuestras instalaciones la gran jornada 0800SaludYa, para beneficio de la comunidad laboral activa y jubilada.<\/span><\/span><\/p>\n<p align=\"justify\"><span style=\"font-family: Arial, sans-serif;\"><span style=\"font-size: large;\">Recordemos que este programa de gran aceptaci\u00f3n nacional promueve la entrega de medicamentos a personas con m\u00faltiples patolog\u00edas tales como: diabetes, hipertenci\u00f3n infecciones variadas y en fin, diferentes afecciones que ameritan tratamiento sin demora.<\/span><\/span><\/p>\n<p align=\"justify\"><span style=\"font-family: Arial, sans-serif;\"><span style=\"font-size: large;\"><img loading=\"lazy\" decoding=\"async\" class=\"aligncenter wp-image-28780 size-full\" src=\"http:\/\/www.inces.gob.ve\/wp-content\/uploads\/2019\/05\/INCES-2-31Mayo19.jpg\" alt=\"\" width=\"850\" height=\"567\" srcset=\"https:\/\/inces.gob.ve\/wp-content\/uploads\/2019\/05\/INCES-2-31Mayo19.jpg 850w, https:\/\/inces.gob.ve\/wp-content\/uploads\/2019\/05\/INCES-2-31Mayo19-300x200.jpg 300w, https:\/\/inces.gob.ve\/wp-content\/uploads\/2019\/05\/INCES-2-31Mayo19-768x512.jpg 768w\" sizes=\"auto, (max-width: 850px) 100vw, 850px\" \/><\/span><\/span><\/p>\n<p align=\"justify\"><span style=\"font-family: Arial, sans-serif;\"><span style=\"font-size: large;\">Jesus Liendo, gerente general OAC afirm\u00f3 que \u201cresulta muy importante este trabajo de sensibilidad social para la poblaci\u00f3n Inces, ya que es bien sabida la situaci\u00f3n del pa\u00eds en cuanto a la consecuci\u00f3n de los medicamentos, pero estamos demostrando que gracias a las pol\u00edticas del Estado venezolano llegamos a las gentes y les brindamos nuestro apoyo ante sus necesidades m\u00e1s inminentes\u201d.<\/span><\/span><\/p>\n<p align=\"justify\"><span style=\"font-family: Arial, sans-serif;\"><span style=\"font-size: large;\">La actividad se llev\u00f3 a cabo en los espacios techados de la plazoleta del Inces sede y cont\u00f3 con la masiva asistencia de personal activo o en situaci\u00f3n de retiro, quienes recibieron este beneficio de manera directa y personal, sin costo alguno.<\/span><\/span><\/p>\n<p align=\"justify\"><span style=\"font-family: Arial, sans-serif;\"><span style=\"font-size: large;\"><img loading=\"lazy\" decoding=\"async\" class=\"aligncenter wp-image-28783 size-full\" src=\"http:\/\/www.inces.gob.ve\/wp-content\/uploads\/2019\/05\/Inces-3-31Mayo19-1.jpg\" alt=\"\" width=\"850\" height=\"567\" srcset=\"https:\/\/inces.gob.ve\/wp-content\/uploads\/2019\/05\/Inces-3-31Mayo19-1.jpg 850w, https:\/\/inces.gob.ve\/wp-content\/uploads\/2019\/05\/Inces-3-31Mayo19-1-300x200.jpg 300w, https:\/\/inces.gob.ve\/wp-content\/uploads\/2019\/05\/Inces-3-31Mayo19-1-768x512.jpg 768w\" sizes=\"auto, (max-width: 850px) 100vw, 850px\" \/><\/span><\/span><\/p>\n<p align=\"justify\"><span style=\"font-family: Arial, sans-serif;\"><span style=\"font-size: large;\">Es Importante destacar que una vez registrados en el sistema los trabajadores beneficiarios, podr\u00e1n recibir sus medicinas mensualmente a trav\u00e9s de Farmapatria, siendo contactados directamente por el ministerio o llamando al 0800SaludYa. <\/span><\/span><\/p>\n<p align=\"justify\"><span style=\"font-family: Arial, sans-serif;\"><span style=\"font-size: large;\">Vale aclarar que esta entrega de f\u00e1rmacos realizada signific\u00f3 para cada individuo el suministro para un mes.<\/span><\/span><\/p>\n<p align=\"justify\"><span style=\"font-family: Arial, sans-serif;\"><span style=\"font-size: large;\"><img loading=\"lazy\" decoding=\"async\" class=\"aligncenter wp-image-28782 size-full\" src=\"http:\/\/www.inces.gob.ve\/wp-content\/uploads\/2019\/05\/Inces-31-Mayo19.jpg\" alt=\"\" width=\"850\" height=\"567\" srcset=\"https:\/\/inces.gob.ve\/wp-content\/uploads\/2019\/05\/Inces-31-Mayo19.jpg 850w, https:\/\/inces.gob.ve\/wp-content\/uploads\/2019\/05\/Inces-31-Mayo19-300x200.jpg 300w, https:\/\/inces.gob.ve\/wp-content\/uploads\/2019\/05\/Inces-31-Mayo19-768x512.jpg 768w\" sizes=\"auto, (max-width: 850px) 100vw, 850px\" \/><\/span><\/span><\/p>\n<p align=\"justify\"><span style=\"font-family: Arial, sans-serif;\"><span style=\"font-size: large;\">L\u00f3gicamente las personas favorecidas manifestaron su agradecimiento por la jornada y pidieron que se mantenga en el tiempo dada su extrema importancia. A manera de ejemplo le tomamos el testimonio a Miriam Pern\u00eda, trabajadora de la Direcci\u00f3n Ejecutiva quien destac\u00f3: \u201cmuchas personas tienen dinero para obtener medicinas incluso fuera del pa\u00eds, pero otros que somos de bajos recursos agradecemos enormemente estas iniciativas que nos ayudan significativamente como empleados\u2026muchas gracias\u201d.<\/span><\/span><\/p>\n<p align=\"justify\">\n<p align=\"justify\">\n","protected":false},"excerpt":{"rendered":"<p>** La entrega de medicamentos se produjo sin costo alguno para los beneficiarios<\/p>\n","protected":false},"author":15,"featured_media":28781,"comment_status":"closed","ping_status":"closed","sticky":false,"template":"","format":"standard","meta":{"footnotes":""},"categories":[2],"tags":[],"class_list":["post-28779","post","type-post","status-publish","format-standard","has-post-thumbnail","hentry","category-blog"],"_links":{"self":[{"href":"https:\/\/inces.gob.ve\/index.php\/wp-json\/wp\/v2\/posts\/28779","targetHints":{"allow":["GET"]}}],"collection":[{"href":"https:\/\/inces.gob.ve\/index.php\/wp-json\/wp\/v2\/posts"}],"about":[{"href":"https:\/\/inces.gob.ve\/index.php\/wp-json\/wp\/v2\/types\/post"}],"author":[{"embeddable":true,"href":"https:\/\/inces.gob.ve\/index.php\/wp-json\/wp\/v2\/users\/15"}],"replies":[{"embeddable":true,"href":"https:\/\/inces.gob.ve\/index.php\/wp-json\/wp\/v2\/comments?post=28779"}],"version-history":[{"count":1,"href":"https:\/\/inces.gob.ve\/index.php\/wp-json\/wp\/v2\/posts\/28779\/revisions"}],"predecessor-version":[{"id":28784,"href":"https:\/\/inces.gob.ve\/index.php\/wp-json\/wp\/v2\/posts\/28779\/revisions\/28784"}],"wp:featuredmedia":[{"embeddable":true,"href":"https:\/\/inces.gob.ve\/index.php\/wp-json\/wp\/v2\/media\/28781"}],"wp:attachment":[{"href":"https:\/\/inces.gob.ve\/index.php\/wp-json\/wp\/v2\/media?parent=28779"}],"wp:term":[{"taxonomy":"category","embeddable":true,"href":"https:\/\/inces.gob.ve\/index.php\/wp-json\/wp\/v2\/categories?post=28779"},{"taxonomy":"post_tag","embeddable":true,"href":"https:\/\/inces.gob.ve\/index.php\/wp-json\/wp\/v2\/tags?post=28779"}],"curies":[{"name":"wp","href":"https:\/\/api.w.org\/{rel}","templated":true}]}}