{"id":28786,"date":"2019-05-31T08:35:51","date_gmt":"2019-05-31T14:35:51","guid":{"rendered":"http:\/\/www.inces.gob.ve\/?p=28786"},"modified":"2020-05-28T20:28:35","modified_gmt":"2020-05-29T00:28:35","slug":"taller-con-material-de-reuso","status":"publish","type":"post","link":"https:\/\/inces.gob.ve\/index.php\/2019\/05\/31\/taller-con-material-de-reuso\/","title":{"rendered":"Taller con material de re\u00faso"},"content":{"rendered":"<p align=\"justify\"><span style=\"color: #000000;\"><span style=\"font-family: Arial, sans-serif;\"><span style=\"font-size: large;\"><b>** Una manera de construir una sociedad de personas \u00fatiles y respetuosas de su entorno<\/b><\/span><\/span><\/span><!--more--><\/p>\n<p align=\"justify\">\n<p align=\"justify\"><span style=\"color: #000000;\"><span style=\"font-family: Arial, sans-serif;\"><span style=\"font-size: large;\"><b>Ivaldo Rodr\u00edguez | Prensa Inces<\/b><\/span><\/span><\/span><\/p>\n<p align=\"justify\"><span style=\"font-family: Arial, sans-serif;\"><span style=\"font-size: large;\"><span style=\"color: #000000;\"><b>Fotos: Jos\u00e9 Rosario Acosta<\/b><\/span> <\/span><\/span><\/p>\n<p align=\"justify\">\n<p align=\"justify\"><span style=\"font-family: Arial, sans-serif;\"><span style=\"font-size: large;\"><span style=\"color: #000000;\">Como una iniciativa llamada desarrollar las capacidades motoras, psicosociales, creativas y la consciencia conservacionista y protectora hacia el medio ambiente, la Coordinaci\u00f3n del Programa<\/span> <span style=\"color: #000000;\">Educaci\u00f3n Especial, \u00a0organiza un ciclo de talleres para el uso pr\u00e1ctico de materiales de desecho, dirigido a personas con y sin discapacidad, pertenecientes a la Misi\u00f3n Jos\u00e9 Gregorio Hern\u00e1ndez y Consejo Nacional de Personas con Discapacidad (Conapdis).<\/span><\/span><\/span><\/p>\n<p align=\"justify\">\n<p align=\"justify\"><span style=\"color: #000000;\"><span style=\"font-family: Arial, sans-serif;\"><span style=\"font-size: large;\">Se trata de tres talleres donde cada uno de ellos cuenta al menos con 10 personas y un m\u00e1ximo de 15. No obstante, no todos los cursantes presentan alguna discapacidad.<\/span><\/span><\/span><\/p>\n<p align=\"justify\">\n<img loading=\"lazy\" decoding=\"async\" class=\"aligncenter wp-image-28768 size-full\" src=\"http:\/\/www.inces.gob.ve\/wp-content\/uploads\/2019\/05\/Inces-1-30Mayo19-1.jpg\" alt=\"\" width=\"850\" height=\"567\" srcset=\"https:\/\/inces.gob.ve\/wp-content\/uploads\/2019\/05\/Inces-1-30Mayo19-1.jpg 850w, https:\/\/inces.gob.ve\/wp-content\/uploads\/2019\/05\/Inces-1-30Mayo19-1-300x200.jpg 300w, https:\/\/inces.gob.ve\/wp-content\/uploads\/2019\/05\/Inces-1-30Mayo19-1-768x512.jpg 768w\" sizes=\"auto, (max-width: 850px) 100vw, 850px\" \/><\/p>\n<p align=\"justify\"><span style=\"color: #000000;\"><span style=\"font-family: Arial, sans-serif;\"><span style=\"font-size: large;\">Nos comenta la profesora Luz Gaona, una de las promotoras, que se usar\u00e1n muy diversos materiales como: cart\u00f3n, latas, vidrio, cajas de huevos, pl\u00e1sticos, botellas, en fin, innumerables objetos que en nuestras casas generalmente desechamos.<\/span><\/span><\/span><\/p>\n<p align=\"justify\">\n<p align=\"justify\"><span style=\"color: #000000;\"><span style=\"font-family: Arial, sans-serif;\"><span style=\"font-size: large;\">David Rada, otro profesor promotor, hace mucho \u00e9nfasis en la utilidad psicosocial que esta actividad despierta toda vez que los participantes intervienen en un proceso social e integrador que les permite desempe\u00f1arse en equipos de trabajo asumiendo responsabilidades mientras se capacitan.<\/span><\/span><\/span><\/p>\n<p align=\"justify\">\n<p align=\"justify\"><span style=\"color: #000000;\"><span style=\"font-family: Arial, sans-serif;\"><span style=\"font-size: large;\">De esta manera se elaboran piezas artesanales y utilitarias como monederos, cofres, floreros, carteras y m\u00faltiples adornos que desaf\u00edan la creatividad y siembran consciencia ecol\u00f3gica.<\/span><\/span><\/span><\/p>\n<p align=\"justify\">\n<p align=\"justify\"><span style=\"color: #000000;\"><span style=\"font-family: Arial, sans-serif;\"><span style=\"font-size: large;\">El primero de estos talleres se lleva a cabo hoy 31 de mayo, el segundo ser\u00e1 para el martes 4 de junio, para finalizar (por ahora) el venidero viernes 7 del corriente en los espacios del edificio Comunas en la avenida Universidad del centro de la ciudad capital.<\/span><\/span><\/span><\/p>\n<p align=\"justify\"><img loading=\"lazy\" decoding=\"async\" class=\"aligncenter wp-image-28766 size-full\" src=\"http:\/\/www.inces.gob.ve\/wp-content\/uploads\/2019\/05\/Inces-4-30Mayo19.jpg\" alt=\"\" width=\"850\" height=\"567\" srcset=\"https:\/\/inces.gob.ve\/wp-content\/uploads\/2019\/05\/Inces-4-30Mayo19.jpg 850w, https:\/\/inces.gob.ve\/wp-content\/uploads\/2019\/05\/Inces-4-30Mayo19-300x200.jpg 300w, https:\/\/inces.gob.ve\/wp-content\/uploads\/2019\/05\/Inces-4-30Mayo19-768x512.jpg 768w\" sizes=\"auto, (max-width: 850px) 100vw, 850px\" \/><\/p>\n<p align=\"justify\"><span style=\"color: #000000;\"><span style=\"font-family: Arial, sans-serif;\"><span style=\"font-size: large;\">De esta forma la Coordinaci\u00f3n de Formaci\u00f3n Educaci\u00f3n Especial, adscrita a la Gerencia General de Formaci\u00f3n Profesional demuestra su sensibilidad y afectividad social.<\/span><\/span><\/span><\/p>\n<p align=\"justify\">\n<p align=\"justify\"><span style=\"color: #000000;\"><span style=\"font-family: Arial, sans-serif;\"><span style=\"font-size: large;\">Nelvis Fern\u00e1ndez, coordinadora del programa, afirma que todos podemos aprender y aprovechar el apoyo que instituciones como el Inces, Conapdis y la Misi\u00f3n Jos\u00e9 Gregorio Hern\u00e1ndez ofrecen en beneficio de nuestras comunidades.<\/span><\/span><\/span><\/p>\n","protected":false},"excerpt":{"rendered":"<p>** Una manera de construir una sociedad de personas \u00fatiles y respetuosas de su entorno<\/p>\n","protected":false},"author":15,"featured_media":28767,"comment_status":"closed","ping_status":"closed","sticky":false,"template":"","format":"standard","meta":{"footnotes":""},"categories":[2],"tags":[],"class_list":["post-28786","post","type-post","status-publish","format-standard","has-post-thumbnail","hentry","category-blog"],"_links":{"self":[{"href":"https:\/\/inces.gob.ve\/index.php\/wp-json\/wp\/v2\/posts\/28786","targetHints":{"allow":["GET"]}}],"collection":[{"href":"https:\/\/inces.gob.ve\/index.php\/wp-json\/wp\/v2\/posts"}],"about":[{"href":"https:\/\/inces.gob.ve\/index.php\/wp-json\/wp\/v2\/types\/post"}],"author":[{"embeddable":true,"href":"https:\/\/inces.gob.ve\/index.php\/wp-json\/wp\/v2\/users\/15"}],"replies":[{"embeddable":true,"href":"https:\/\/inces.gob.ve\/index.php\/wp-json\/wp\/v2\/comments?post=28786"}],"version-history":[{"count":1,"href":"https:\/\/inces.gob.ve\/index.php\/wp-json\/wp\/v2\/posts\/28786\/revisions"}],"predecessor-version":[{"id":28787,"href":"https:\/\/inces.gob.ve\/index.php\/wp-json\/wp\/v2\/posts\/28786\/revisions\/28787"}],"wp:featuredmedia":[{"embeddable":true,"href":"https:\/\/inces.gob.ve\/index.php\/wp-json\/wp\/v2\/media\/28767"}],"wp:attachment":[{"href":"https:\/\/inces.gob.ve\/index.php\/wp-json\/wp\/v2\/media?parent=28786"}],"wp:term":[{"taxonomy":"category","embeddable":true,"href":"https:\/\/inces.gob.ve\/index.php\/wp-json\/wp\/v2\/categories?post=28786"},{"taxonomy":"post_tag","embeddable":true,"href":"https:\/\/inces.gob.ve\/index.php\/wp-json\/wp\/v2\/tags?post=28786"}],"curies":[{"name":"wp","href":"https:\/\/api.w.org\/{rel}","templated":true}]}}