{"id":28797,"date":"2019-05-31T09:47:29","date_gmt":"2019-05-31T15:47:29","guid":{"rendered":"http:\/\/www.inces.gob.ve\/?p=28797"},"modified":"2020-05-28T20:28:35","modified_gmt":"2020-05-29T00:28:35","slug":"beneficiada-comunidad-inces-con-la-jornada-de-vacunacion","status":"publish","type":"post","link":"https:\/\/inces.gob.ve\/index.php\/2019\/05\/31\/beneficiada-comunidad-inces-con-la-jornada-de-vacunacion\/","title":{"rendered":"Beneficiada comunidad Inces con la Jornada de Vacunaci\u00f3n"},"content":{"rendered":"<p align=\"justify\"><span style=\"font-family: Arial, sans-serif;\"><span style=\"font-size: large;\"><b>** Se trata de una iniciativa con un car\u00e1cter profundamente humanitario<\/b><\/span><\/span><\/p>\n<p align=\"justify\"><!--more--><\/p>\n<p align=\"justify\"><span style=\"font-family: Arial, sans-serif;\"><span style=\"font-size: large;\"><b>Ivaldo Rodr\u00edguez | Prensa Inces sede<\/b><\/span><\/span><\/p>\n<p align=\"justify\"><span style=\"font-family: Arial, sans-serif;\"><span style=\"font-size: large;\"><b>Fotos: Jos\u00e9 Rosario Acosta<\/b><\/span><\/span><\/p>\n<p align=\"justify\"><span style=\"font-family: Arial, sans-serif;\"><span style=\"font-size: large;\">En el marco de la Jornada de Vacunaci\u00f3n de las Am\u00e9ricas, una iniciativa de la Organizaci\u00f3n Panamericana de la Salud (OPS), el Inces organiz\u00f3 un operativo dirigido a ni\u00f1os hijos de los trabajadores del instituto, a los adultos de la instituci\u00f3n, sus familiares y hasta la comunidad circunvecina al edificio sede.<\/span><\/span><\/p>\n<p align=\"justify\"><span style=\"font-family: Arial, sans-serif;\"><span style=\"font-size: large;\">Result\u00f3 una actividad muy din\u00e1mica donde los asistentes pudieron beneficiarse con la inoculaci\u00f3n de la Antihepatitis, Polio Oral e Intramuscular, Bivalente, Trivalente, Pentavalente y Toxoide.<img loading=\"lazy\" decoding=\"async\" class=\"alignnone size-medium wp-image-28800\" src=\"http:\/\/www.inces.gob.ve\/wp-content\/uploads\/2019\/05\/Inces-1-32Mayo19-300x200.jpg\" alt=\"\" width=\"300\" height=\"200\" srcset=\"https:\/\/inces.gob.ve\/wp-content\/uploads\/2019\/05\/Inces-1-32Mayo19-300x200.jpg 300w, https:\/\/inces.gob.ve\/wp-content\/uploads\/2019\/05\/Inces-1-32Mayo19-768x512.jpg 768w, https:\/\/inces.gob.ve\/wp-content\/uploads\/2019\/05\/Inces-1-32Mayo19.jpg 850w\" sizes=\"auto, (max-width: 300px) 100vw, 300px\" \/><\/span><\/span><\/p>\n<p align=\"justify\"><span style=\"font-family: Arial, sans-serif;\"><span style=\"font-size: large;\">Un m\u00ednimo de 150 aplicaciones se lograron a lo largo de la ma\u00f1ana en los espacios del Servicio M\u00e9dico del Inces ubicado en la mezzanina de la edificaci\u00f3n, lugar donde los beneficiarios hicieron su espera de manera paciente y ordenada.<\/span><\/span><\/p>\n<p align=\"justify\"><span style=\"font-family: Arial, sans-serif;\"><span style=\"font-size: large;\">La iniciativa de articularse con el Ministerio del poder popular para la Salud fue posible gracias al empe\u00f1o de la Oficina de Atenci\u00f3n Ciudadana (OAC), dirigida por Jes\u00fas Liendo, el equipo del Motor Farmac\u00e9utico adscrito a la Gerencia General de Formaci\u00f3n Profesional y el personal del Servicio M\u00e9dico.<\/span><\/span><\/p>\n<p align=\"justify\"><span style=\"font-family: Arial, sans-serif;\"><span style=\"font-size: large;\">Recordemos la importancia que conlleva una sencilla inyecci\u00f3n ya que a trav\u00e9s de ella se logra generar inmunidad adquirida contra una enfermedad, estimulando la producci\u00f3n de anticuerpos, aminorando o previniendo los efectos de una futura infecci\u00f3n por alg\u00fan pat\u00f3geno natural o \u00absalvaje\u00bb. <\/span><\/span><\/p>\n<p align=\"justify\"><span style=\"font-family: Arial, sans-serif;\"><span style=\"font-size: large;\"><img loading=\"lazy\" decoding=\"async\" class=\"aligncenter wp-image-28799 size-full\" src=\"http:\/\/www.inces.gob.ve\/wp-content\/uploads\/2019\/05\/Inces-2-31Mayo19-2.jpg\" alt=\"\" width=\"850\" height=\"567\" srcset=\"https:\/\/inces.gob.ve\/wp-content\/uploads\/2019\/05\/Inces-2-31Mayo19-2.jpg 850w, https:\/\/inces.gob.ve\/wp-content\/uploads\/2019\/05\/Inces-2-31Mayo19-2-300x200.jpg 300w, https:\/\/inces.gob.ve\/wp-content\/uploads\/2019\/05\/Inces-2-31Mayo19-2-768x512.jpg 768w\" sizes=\"auto, (max-width: 850px) 100vw, 850px\" \/><\/span><\/span><\/p>\n<p align=\"justify\"><span style=\"font-family: Arial, sans-serif;\"><span style=\"font-size: large;\">La Organizaci\u00f3n Panamericana de la Salud (OPS) celebra en esta oportunidad su d\u00e9cima s\u00e9ptima (17) semana anual y se haya obstinada en recordarle a todos, que tenemos un papel importante en apoyar la vacunaci\u00f3n y mantenernos libres de enfermedades peligrosas. El Inces, con una pol\u00edtica de previsi\u00f3n e inter\u00e9s por su comunidad, les tom\u00f3 la palabra y actu\u00f3 en consecuencia para tranquilidad y satisfacci\u00f3n de sus allegados.<\/span><\/span><\/p>\n","protected":false},"excerpt":{"rendered":"<p>** Se trata de una iniciativa con un car\u00e1cter profundamente humanitario<\/p>\n","protected":false},"author":15,"featured_media":28798,"comment_status":"closed","ping_status":"closed","sticky":false,"template":"","format":"standard","meta":{"footnotes":""},"categories":[2],"tags":[],"class_list":["post-28797","post","type-post","status-publish","format-standard","has-post-thumbnail","hentry","category-blog"],"_links":{"self":[{"href":"https:\/\/inces.gob.ve\/index.php\/wp-json\/wp\/v2\/posts\/28797","targetHints":{"allow":["GET"]}}],"collection":[{"href":"https:\/\/inces.gob.ve\/index.php\/wp-json\/wp\/v2\/posts"}],"about":[{"href":"https:\/\/inces.gob.ve\/index.php\/wp-json\/wp\/v2\/types\/post"}],"author":[{"embeddable":true,"href":"https:\/\/inces.gob.ve\/index.php\/wp-json\/wp\/v2\/users\/15"}],"replies":[{"embeddable":true,"href":"https:\/\/inces.gob.ve\/index.php\/wp-json\/wp\/v2\/comments?post=28797"}],"version-history":[{"count":1,"href":"https:\/\/inces.gob.ve\/index.php\/wp-json\/wp\/v2\/posts\/28797\/revisions"}],"predecessor-version":[{"id":28801,"href":"https:\/\/inces.gob.ve\/index.php\/wp-json\/wp\/v2\/posts\/28797\/revisions\/28801"}],"wp:featuredmedia":[{"embeddable":true,"href":"https:\/\/inces.gob.ve\/index.php\/wp-json\/wp\/v2\/media\/28798"}],"wp:attachment":[{"href":"https:\/\/inces.gob.ve\/index.php\/wp-json\/wp\/v2\/media?parent=28797"}],"wp:term":[{"taxonomy":"category","embeddable":true,"href":"https:\/\/inces.gob.ve\/index.php\/wp-json\/wp\/v2\/categories?post=28797"},{"taxonomy":"post_tag","embeddable":true,"href":"https:\/\/inces.gob.ve\/index.php\/wp-json\/wp\/v2\/tags?post=28797"}],"curies":[{"name":"wp","href":"https:\/\/api.w.org\/{rel}","templated":true}]}}