{"id":28809,"date":"2019-06-03T09:10:12","date_gmt":"2019-06-03T15:10:12","guid":{"rendered":"http:\/\/www.inces.gob.ve\/?p=28809"},"modified":"2020-05-28T20:28:35","modified_gmt":"2020-05-29T00:28:35","slug":"sembraron-en-portuguesa-20-hectareas-de-maiz-amarillo","status":"publish","type":"post","link":"https:\/\/inces.gob.ve\/index.php\/2019\/06\/03\/sembraron-en-portuguesa-20-hectareas-de-maiz-amarillo\/","title":{"rendered":"Sembraron en Portuguesa 20 hect\u00e1reas de ma\u00edz amarillo"},"content":{"rendered":"<p align=\"justify\"><span style=\"font-family: Arial, sans-serif;\"><span style=\"font-size: large;\">** En una alianza productiva con el sector privado Inces hace su aporte a la soberan\u00eda alimentaria del pa\u00eds<\/span><\/span><!--more--><\/p>\n<p align=\"justify\">\n<p align=\"justify\"><span style=\"font-family: Arial, sans-serif;\"><span style=\"font-size: large;\">L. TOVAR | Sede<\/span><\/span><\/p>\n<p align=\"justify\">\n<p align=\"justify\"><span style=\"font-family: Arial, sans-serif;\"><span style=\"font-size: large;\">El pasado 1ro de mayo, Inces Portuguesa sembr\u00f3 20 hect\u00e1reas de ma\u00edz amarillo en las tierras de Atapaima, acci\u00f3n productiva que fue posible gracias a una alianza establecida con el productor privado Abd\u00f3n P\u00e9rez .<\/span><\/span><\/p>\n<p align=\"justify\"><span style=\"font-family: Arial, sans-serif;\"><span style=\"font-size: large;\">Espec\u00edficamente, el 70% del trabajo correspondiente al aporte de la semilla y otros insumos como, el veneno y el abono, entre otros, corri\u00f3 por cuenta del sector privado, mientras que el Inces contribuy\u00f3 en un 30% de la labor total, con la asistencia y mecanizaci\u00f3n del proceso se siembra.<\/span><\/span><\/p>\n<p align=\"justify\"><span style=\"font-family: Arial, sans-serif;\"><span style=\"font-size: large;\"><img loading=\"lazy\" decoding=\"async\" class=\"aligncenter wp-image-28810 size-full\" src=\"http:\/\/www.inces.gob.ve\/wp-content\/uploads\/2019\/06\/Inces-5-3Mayo19.jpeg\" alt=\"\" width=\"850\" height=\"703\" srcset=\"https:\/\/inces.gob.ve\/wp-content\/uploads\/2019\/06\/Inces-5-3Mayo19.jpeg 850w, https:\/\/inces.gob.ve\/wp-content\/uploads\/2019\/06\/Inces-5-3Mayo19-300x248.jpeg 300w, https:\/\/inces.gob.ve\/wp-content\/uploads\/2019\/06\/Inces-5-3Mayo19-768x635.jpeg 768w\" sizes=\"auto, (max-width: 850px) 100vw, 850px\" \/><\/span><\/span><\/p>\n<p align=\"justify\"><span style=\"font-family: Arial, sans-serif;\"><span style=\"font-size: large;\">Segunda fase<\/span><\/span><\/p>\n<p align=\"justify\"><span style=\"font-family: Arial, sans-serif;\"><span style=\"font-size: large;\">El fin de semana pasado se trabaj\u00f3 en el abono, fumigaci\u00f3n, control de plaga y desmalezado de las 20 hect\u00e1reas sembradas. Resta esperar los tres meses que completan el ciclo de cuatro meses de siembra que requiere el ma\u00edz.<\/span><\/span><\/p>\n<p align=\"justify\">\u201c<span style=\"font-family: Arial, sans-serif;\"><span style=\"font-size: large;\">A un mes de sembradas las 20 hect\u00e1reas de ma\u00edz amarillo en las tierras portuguese\u00f1as de Atapaima, el Inces fortalece la producci\u00f3n en el estado, enmarcado en el Plan de Siembra 2019. Hace un mes el gobernador impuls\u00f3 este trabajo que es bien nuestro, de la familia Inces Portuguesa. Un trabajo que se hizo con mucho sacrificio porque estamos apostando a la producci\u00f3n del pa\u00eds y trabajando arduamente porque eso sea una realidad\u201d, declar\u00f3 Aracelis Bello, gerente regional del Inces llanero.<\/span><\/span><\/p>\n<p align=\"justify\"><span style=\"font-family: Arial, sans-serif;\"><span style=\"font-size: large;\"><img loading=\"lazy\" decoding=\"async\" class=\"aligncenter wp-image-28812 size-full\" src=\"http:\/\/www.inces.gob.ve\/wp-content\/uploads\/2019\/06\/Inces-3-3Mayo19.jpeg\" alt=\"\" width=\"850\" height=\"638\" srcset=\"https:\/\/inces.gob.ve\/wp-content\/uploads\/2019\/06\/Inces-3-3Mayo19.jpeg 850w, https:\/\/inces.gob.ve\/wp-content\/uploads\/2019\/06\/Inces-3-3Mayo19-300x225.jpeg 300w, https:\/\/inces.gob.ve\/wp-content\/uploads\/2019\/06\/Inces-3-3Mayo19-768x576.jpeg 768w, https:\/\/inces.gob.ve\/wp-content\/uploads\/2019\/06\/Inces-3-3Mayo19-136x102.jpeg 136w\" sizes=\"auto, (max-width: 850px) 100vw, 850px\" \/><\/span><\/span><\/p>\n<p align=\"justify\"><span style=\"font-family: Arial, sans-serif;\"><span style=\"font-size: large;\">Siembra en colectivo<\/span><\/span><\/p>\n<p align=\"justify\"><span style=\"font-family: Arial, sans-serif;\"><span style=\"font-size: large;\">Bello inform\u00f3 que se espera ampliar el plan de siembra incluso fuera de los espacios del Inces. \u201cCedimos una semilla extra para una hect\u00e1rea adicional con los colectivos de vivienda del municipio Turen. Igualmente se les hizo entrega de controladores biol\u00f3gicos y abonos org\u00e1nicos\u201d, declar\u00f3.<\/span><\/span><\/p>\n<p align=\"justify\"><span style=\"font-family: Arial, sans-serif;\"><span style=\"font-size: large;\"><img loading=\"lazy\" decoding=\"async\" class=\"aligncenter wp-image-28813 size-full\" src=\"http:\/\/www.inces.gob.ve\/wp-content\/uploads\/2019\/06\/Inces-2-3Mayo19.jpeg\" alt=\"\" width=\"850\" height=\"638\" srcset=\"https:\/\/inces.gob.ve\/wp-content\/uploads\/2019\/06\/Inces-2-3Mayo19.jpeg 850w, https:\/\/inces.gob.ve\/wp-content\/uploads\/2019\/06\/Inces-2-3Mayo19-300x225.jpeg 300w, https:\/\/inces.gob.ve\/wp-content\/uploads\/2019\/06\/Inces-2-3Mayo19-768x576.jpeg 768w, https:\/\/inces.gob.ve\/wp-content\/uploads\/2019\/06\/Inces-2-3Mayo19-136x102.jpeg 136w\" sizes=\"auto, (max-width: 850px) 100vw, 850px\" \/><\/span><\/span><\/p>\n","protected":false},"excerpt":{"rendered":"<p>** En una alianza productiva con el sector privado Inces hace su aporte a la soberan\u00eda alimentaria del pa\u00eds<\/p>\n","protected":false},"author":15,"featured_media":28814,"comment_status":"closed","ping_status":"closed","sticky":false,"template":"","format":"standard","meta":{"footnotes":""},"categories":[2],"tags":[],"class_list":["post-28809","post","type-post","status-publish","format-standard","has-post-thumbnail","hentry","category-blog"],"_links":{"self":[{"href":"https:\/\/inces.gob.ve\/index.php\/wp-json\/wp\/v2\/posts\/28809","targetHints":{"allow":["GET"]}}],"collection":[{"href":"https:\/\/inces.gob.ve\/index.php\/wp-json\/wp\/v2\/posts"}],"about":[{"href":"https:\/\/inces.gob.ve\/index.php\/wp-json\/wp\/v2\/types\/post"}],"author":[{"embeddable":true,"href":"https:\/\/inces.gob.ve\/index.php\/wp-json\/wp\/v2\/users\/15"}],"replies":[{"embeddable":true,"href":"https:\/\/inces.gob.ve\/index.php\/wp-json\/wp\/v2\/comments?post=28809"}],"version-history":[{"count":1,"href":"https:\/\/inces.gob.ve\/index.php\/wp-json\/wp\/v2\/posts\/28809\/revisions"}],"predecessor-version":[{"id":28815,"href":"https:\/\/inces.gob.ve\/index.php\/wp-json\/wp\/v2\/posts\/28809\/revisions\/28815"}],"wp:featuredmedia":[{"embeddable":true,"href":"https:\/\/inces.gob.ve\/index.php\/wp-json\/wp\/v2\/media\/28814"}],"wp:attachment":[{"href":"https:\/\/inces.gob.ve\/index.php\/wp-json\/wp\/v2\/media?parent=28809"}],"wp:term":[{"taxonomy":"category","embeddable":true,"href":"https:\/\/inces.gob.ve\/index.php\/wp-json\/wp\/v2\/categories?post=28809"},{"taxonomy":"post_tag","embeddable":true,"href":"https:\/\/inces.gob.ve\/index.php\/wp-json\/wp\/v2\/tags?post=28809"}],"curies":[{"name":"wp","href":"https:\/\/api.w.org\/{rel}","templated":true}]}}