{"id":28828,"date":"2019-06-03T10:57:31","date_gmt":"2019-06-03T16:57:31","guid":{"rendered":"http:\/\/www.inces.gob.ve\/?p=28828"},"modified":"2020-05-28T20:28:35","modified_gmt":"2020-05-29T00:28:35","slug":"instalado-el-congreso-bolivariano-de-los-pueblos-en-el-zulia","status":"publish","type":"post","link":"https:\/\/inces.gob.ve\/index.php\/2019\/06\/03\/instalado-el-congreso-bolivariano-de-los-pueblos-en-el-zulia\/","title":{"rendered":"Instalado el Congreso Bolivariano de los Pueblos en el Zulia"},"content":{"rendered":"<p class=\"western\" align=\"justify\"><span style=\"font-family: Arial, sans-serif;\"><span style=\"font-size: large;\"><i><b>** Trabajadores, docentes, aprendices y chambistas del Inces estuvieron presentes<\/b><\/i><\/span><\/span><\/p>\n<p class=\"western\" align=\"justify\"><!--more--><\/p>\n<p class=\"western\" align=\"justify\"><span style=\"font-family: Arial, sans-serif;\"><span style=\"font-size: large;\"><b>YUDITH CASTRO | Zulia <\/b><\/span><\/span><\/p>\n<p class=\"western\" align=\"justify\">\n<p class=\"western\" align=\"justify\"><span style=\"font-family: Arial, sans-serif;\"><span style=\"font-size: large;\">Acompa\u00f1ado del pueblo zuliano, el Ministro del Poder Popular para la Educaci\u00f3n, Arist\u00f3bulo Iztur\u00edz instal\u00f3 el Congreso Bolivariano de los Pueblos en el Centro de Arte L\u00eda Berm\u00fadez, ubicado en el caso central de Maracaibo.<\/span><\/span><\/p>\n<p class=\"western\" align=\"justify\"><span style=\"font-family: Arial, sans-serif;\"><span style=\"font-size: large;\">Durante su intervenci\u00f3n, Iztur\u00edz explic\u00f3 que el congreso debe convertirse en un espacio para todos los movimientos sociales existentes \u201cporque no todos participan en las asambleas del partido, debe ser el poder popular habl\u00e1ndole al poder popular porque nos corresponde a nosotros explicarle porque estamos viviendo esta etapa tan dura en la revoluci\u00f3n y no podemos dejar que confundan al pueblo.\u201d<\/span><\/span><\/p>\n<p class=\"western\" align=\"justify\"><img loading=\"lazy\" decoding=\"async\" class=\"aligncenter wp-image-28925 size-full\" src=\"http:\/\/www.inces.gob.ve\/wp-content\/uploads\/2019\/06\/Inces-4-5MAyo19.jpg\" alt=\"\" width=\"800\" height=\"389\" srcset=\"https:\/\/inces.gob.ve\/wp-content\/uploads\/2019\/06\/Inces-4-5MAyo19.jpg 800w, https:\/\/inces.gob.ve\/wp-content\/uploads\/2019\/06\/Inces-4-5MAyo19-300x146.jpg 300w, https:\/\/inces.gob.ve\/wp-content\/uploads\/2019\/06\/Inces-4-5MAyo19-768x373.jpg 768w\" sizes=\"auto, (max-width: 800px) 100vw, 800px\" \/><\/p>\n<p class=\"western\" align=\"justify\"><span style=\"font-family: Arial, sans-serif;\"><span style=\"font-size: large;\">El objetivo final es solucionar los problemas de las comunidades de la mano del pueblo organizado y de las instituciones gubernamentales y reconocer quien es el enemigo del pueblo, acot\u00f3 el Ministro de Educaci\u00f3n. <img loading=\"lazy\" decoding=\"async\" class=\"aligncenter wp-image-28924 size-full\" src=\"http:\/\/www.inces.gob.ve\/wp-content\/uploads\/2019\/06\/Inces-2-5MAyo19.jpg\" alt=\"\" width=\"800\" height=\"621\" srcset=\"https:\/\/inces.gob.ve\/wp-content\/uploads\/2019\/06\/Inces-2-5MAyo19.jpg 800w, https:\/\/inces.gob.ve\/wp-content\/uploads\/2019\/06\/Inces-2-5MAyo19-300x233.jpg 300w, https:\/\/inces.gob.ve\/wp-content\/uploads\/2019\/06\/Inces-2-5MAyo19-768x596.jpg 768w\" sizes=\"auto, (max-width: 800px) 100vw, 800px\" \/><\/span><\/span><\/p>\n<p class=\"western\" align=\"justify\">\n","protected":false},"excerpt":{"rendered":"<p>** Trabajadores, docentes, aprendices y chambistas del Inces estuvieron presentes<\/p>\n","protected":false},"author":15,"featured_media":28926,"comment_status":"closed","ping_status":"closed","sticky":false,"template":"","format":"standard","meta":{"footnotes":""},"categories":[2],"tags":[],"class_list":["post-28828","post","type-post","status-publish","format-standard","has-post-thumbnail","hentry","category-blog"],"_links":{"self":[{"href":"https:\/\/inces.gob.ve\/index.php\/wp-json\/wp\/v2\/posts\/28828","targetHints":{"allow":["GET"]}}],"collection":[{"href":"https:\/\/inces.gob.ve\/index.php\/wp-json\/wp\/v2\/posts"}],"about":[{"href":"https:\/\/inces.gob.ve\/index.php\/wp-json\/wp\/v2\/types\/post"}],"author":[{"embeddable":true,"href":"https:\/\/inces.gob.ve\/index.php\/wp-json\/wp\/v2\/users\/15"}],"replies":[{"embeddable":true,"href":"https:\/\/inces.gob.ve\/index.php\/wp-json\/wp\/v2\/comments?post=28828"}],"version-history":[{"count":3,"href":"https:\/\/inces.gob.ve\/index.php\/wp-json\/wp\/v2\/posts\/28828\/revisions"}],"predecessor-version":[{"id":28928,"href":"https:\/\/inces.gob.ve\/index.php\/wp-json\/wp\/v2\/posts\/28828\/revisions\/28928"}],"wp:featuredmedia":[{"embeddable":true,"href":"https:\/\/inces.gob.ve\/index.php\/wp-json\/wp\/v2\/media\/28926"}],"wp:attachment":[{"href":"https:\/\/inces.gob.ve\/index.php\/wp-json\/wp\/v2\/media?parent=28828"}],"wp:term":[{"taxonomy":"category","embeddable":true,"href":"https:\/\/inces.gob.ve\/index.php\/wp-json\/wp\/v2\/categories?post=28828"},{"taxonomy":"post_tag","embeddable":true,"href":"https:\/\/inces.gob.ve\/index.php\/wp-json\/wp\/v2\/tags?post=28828"}],"curies":[{"name":"wp","href":"https:\/\/api.w.org\/{rel}","templated":true}]}}