{"id":28939,"date":"2019-06-05T11:10:54","date_gmt":"2019-06-05T17:10:54","guid":{"rendered":"http:\/\/www.inces.gob.ve\/?p=28939"},"modified":"2020-05-28T20:28:34","modified_gmt":"2020-05-29T00:28:34","slug":"centro-de-formacion-socialista-urimare-certifica-a-panaderos-y-reposteros-del-estado-vargas","status":"publish","type":"post","link":"https:\/\/inces.gob.ve\/index.php\/2019\/06\/05\/centro-de-formacion-socialista-urimare-certifica-a-panaderos-y-reposteros-del-estado-vargas\/","title":{"rendered":"Centro de formaci\u00f3n socialista Urimare certifica a panaderos y reposteros del estado Vargas"},"content":{"rendered":"<p align=\"justify\"><span style=\"font-family: Arial, sans-serif;\"><span style=\"font-size: x-large;\"><i><b>** Mujeres productivas del Ministerio de la Mujer demuestran sus saberes con la visi\u00f3n de emprender unidades productivas<\/b><\/i><\/span><\/span><\/p>\n<p align=\"justify\"><!--more--><\/p>\n<p align=\"justify\"><span style=\"font-family: Arial, sans-serif;\"><span style=\"font-size: x-large;\"><b>ZUVALQUI DUARTE | La Guaira<\/b><\/span><\/span><\/p>\n<p align=\"justify\">\n<p align=\"justify\"><span style=\"font-family: Arial, sans-serif;\"><span style=\"font-size: x-large;\">La tarea de acompa\u00f1ar los procesos formativos de los emprendedores del estado vargas que fortalecen al Motor Agroalimentario es cumplida a cabalidad en el Inces guaire\u00f1o; por ello, el equipo de Tecnolog\u00eda Educativa y Mar\u00eda Capote, coordinadora de la unidad de Formaci\u00f3n en Empresas asumieron la labor de certificar a panaderos y reposteros de la entidad.<\/span><\/span><\/p>\n<p align=\"justify\">\n<p align=\"justify\"><span style=\"font-family: Arial, sans-serif;\"><span style=\"font-size: x-large;\">Mujeres productivas de MinMujer asumen su formaci\u00f3n y certificaci\u00f3n de saberes emp\u00edricos con el firme prop\u00f3sito de iniciar sus emprendimientos y as\u00ed integrarse al sistema productivo comunal.<\/span><\/span><\/p>\n<p align=\"justify\"><img loading=\"lazy\" decoding=\"async\" class=\"aligncenter wp-image-28945 size-full\" src=\"http:\/\/www.inces.gob.ve\/wp-content\/uploads\/2019\/06\/Inces-1-5Mayo19-3.jpg\" alt=\"\" width=\"850\" height=\"638\" srcset=\"https:\/\/inces.gob.ve\/wp-content\/uploads\/2019\/06\/Inces-1-5Mayo19-3.jpg 850w, https:\/\/inces.gob.ve\/wp-content\/uploads\/2019\/06\/Inces-1-5Mayo19-3-300x225.jpg 300w, https:\/\/inces.gob.ve\/wp-content\/uploads\/2019\/06\/Inces-1-5Mayo19-3-768x576.jpg 768w, https:\/\/inces.gob.ve\/wp-content\/uploads\/2019\/06\/Inces-1-5Mayo19-3-136x102.jpg 136w\" sizes=\"auto, (max-width: 850px) 100vw, 850px\" \/><\/p>\n<p align=\"justify\"><span style=\"font-family: Arial, sans-serif;\"><span style=\"font-size: x-large;\">Tras la realizaci\u00f3n de panes dulces, golfeados, diversos tipos de panes y tortas demostraron los conocimientos y optaron por sus certificados que las acredita como panaderas y reposteras de la regi\u00f3n.<\/span><\/span><\/p>\n<p align=\"justify\"><img loading=\"lazy\" decoding=\"async\" class=\"aligncenter wp-image-28944 size-full\" src=\"http:\/\/www.inces.gob.ve\/wp-content\/uploads\/2019\/06\/Inces-2-5Mayo19-3.jpg\" alt=\"\" width=\"850\" height=\"745\" srcset=\"https:\/\/inces.gob.ve\/wp-content\/uploads\/2019\/06\/Inces-2-5Mayo19-3.jpg 850w, https:\/\/inces.gob.ve\/wp-content\/uploads\/2019\/06\/Inces-2-5Mayo19-3-300x263.jpg 300w, https:\/\/inces.gob.ve\/wp-content\/uploads\/2019\/06\/Inces-2-5Mayo19-3-768x673.jpg 768w\" sizes=\"auto, (max-width: 850px) 100vw, 850px\" \/><\/p>\n<p align=\"justify\"><span style=\"font-family: Arial, sans-serif;\"><span style=\"font-size: x-large;\">El grupo de evaluados elaboraron exquisiteces siguiendo las t\u00e9cnicas y normas para la realizaci\u00f3n de las mismas, siempre bajo la mirada y respondiendo las preguntas de la maestra t\u00e9cnica productiva Dafne Barahona.<\/span><\/span><\/p>\n<p align=\"justify\"><img loading=\"lazy\" decoding=\"async\" class=\"aligncenter wp-image-28943 size-full\" src=\"http:\/\/www.inces.gob.ve\/wp-content\/uploads\/2019\/06\/Inces-5-5Mayo19.jpg\" alt=\"\" width=\"850\" height=\"479\" srcset=\"https:\/\/inces.gob.ve\/wp-content\/uploads\/2019\/06\/Inces-5-5Mayo19.jpg 850w, https:\/\/inces.gob.ve\/wp-content\/uploads\/2019\/06\/Inces-5-5Mayo19-300x169.jpg 300w, https:\/\/inces.gob.ve\/wp-content\/uploads\/2019\/06\/Inces-5-5Mayo19-768x433.jpg 768w\" sizes=\"auto, (max-width: 850px) 100vw, 850px\" \/><\/p>\n<p align=\"justify\">\u201c<span style=\"font-family: Arial, sans-serif;\"><span style=\"font-size: x-large;\">Estamos empoderando a la comunidad para que asuma su participaci\u00f3n y realice aportes para superar la guerra econ\u00f3mica que tanto afecta a la alimentaci\u00f3n de los venezolanos y que limita el acceso a productos a precios justos. El fin de estos actos que dignifican a los profesionales de determinada \u00e1rea es que se consoliden unidades productivas y no seguir alimentado al capitalismo que se manifiesta cada vez que acudimos a las panader\u00edas que no terminan de entender que ya el pueblo cambio y esta transformando su modo alimentario\u201d, manifest\u00f3 Barahona.<\/span><\/span><\/p>\n<p align=\"justify\"><span style=\"font-family: Arial, sans-serif;\"><span style=\"font-size: x-large;\"><img loading=\"lazy\" decoding=\"async\" class=\"aligncenter wp-image-28942 size-full\" src=\"http:\/\/www.inces.gob.ve\/wp-content\/uploads\/2019\/06\/Inces-3-5Mayo19-2.jpg\" alt=\"\" width=\"850\" height=\"457\" srcset=\"https:\/\/inces.gob.ve\/wp-content\/uploads\/2019\/06\/Inces-3-5Mayo19-2.jpg 850w, https:\/\/inces.gob.ve\/wp-content\/uploads\/2019\/06\/Inces-3-5Mayo19-2-300x161.jpg 300w, https:\/\/inces.gob.ve\/wp-content\/uploads\/2019\/06\/Inces-3-5Mayo19-2-768x413.jpg 768w\" sizes=\"auto, (max-width: 850px) 100vw, 850px\" \/><\/span><\/span><\/p>\n<p align=\"justify\">\n","protected":false},"excerpt":{"rendered":"<p>** Mujeres productivas del Ministerio de la Mujer demuestran sus saberes con la visi\u00f3n de emprender unidades productivas<\/p>\n","protected":false},"author":15,"featured_media":28941,"comment_status":"closed","ping_status":"open","sticky":false,"template":"","format":"standard","meta":{"footnotes":""},"categories":[2],"tags":[],"class_list":["post-28939","post","type-post","status-publish","format-standard","has-post-thumbnail","hentry","category-blog"],"_links":{"self":[{"href":"https:\/\/inces.gob.ve\/index.php\/wp-json\/wp\/v2\/posts\/28939","targetHints":{"allow":["GET"]}}],"collection":[{"href":"https:\/\/inces.gob.ve\/index.php\/wp-json\/wp\/v2\/posts"}],"about":[{"href":"https:\/\/inces.gob.ve\/index.php\/wp-json\/wp\/v2\/types\/post"}],"author":[{"embeddable":true,"href":"https:\/\/inces.gob.ve\/index.php\/wp-json\/wp\/v2\/users\/15"}],"replies":[{"embeddable":true,"href":"https:\/\/inces.gob.ve\/index.php\/wp-json\/wp\/v2\/comments?post=28939"}],"version-history":[{"count":1,"href":"https:\/\/inces.gob.ve\/index.php\/wp-json\/wp\/v2\/posts\/28939\/revisions"}],"predecessor-version":[{"id":28946,"href":"https:\/\/inces.gob.ve\/index.php\/wp-json\/wp\/v2\/posts\/28939\/revisions\/28946"}],"wp:featuredmedia":[{"embeddable":true,"href":"https:\/\/inces.gob.ve\/index.php\/wp-json\/wp\/v2\/media\/28941"}],"wp:attachment":[{"href":"https:\/\/inces.gob.ve\/index.php\/wp-json\/wp\/v2\/media?parent=28939"}],"wp:term":[{"taxonomy":"category","embeddable":true,"href":"https:\/\/inces.gob.ve\/index.php\/wp-json\/wp\/v2\/categories?post=28939"},{"taxonomy":"post_tag","embeddable":true,"href":"https:\/\/inces.gob.ve\/index.php\/wp-json\/wp\/v2\/tags?post=28939"}],"curies":[{"name":"wp","href":"https:\/\/api.w.org\/{rel}","templated":true}]}}