{"id":28947,"date":"2019-06-05T11:19:33","date_gmt":"2019-06-05T17:19:33","guid":{"rendered":"http:\/\/www.inces.gob.ve\/?p=28947"},"modified":"2020-05-28T20:34:44","modified_gmt":"2020-05-29T00:34:44","slug":"unifican-esfuerzos-para-reimpulsar-el-movimiento-cooperativo-en-el-occidente-del-pais","status":"publish","type":"post","link":"https:\/\/inces.gob.ve\/index.php\/2019\/06\/05\/unifican-esfuerzos-para-reimpulsar-el-movimiento-cooperativo-en-el-occidente-del-pais\/","title":{"rendered":"Unifican esfuerzos para reimpulsar el Movimiento Cooperativo en el occidente del pa\u00eds"},"content":{"rendered":"<p class=\"western\" lang=\"es-MX\" align=\"justify\"><span style=\"font-family: Arial, sans-serif;\"><span style=\"font-size: x-large;\"><i><b>** Esta nueva acci\u00f3n est\u00e1 vinculada al Plan de Recuperaci\u00f3n, Crecimiento y Prosperidad Econ\u00f3mica, sumado al Plan de Ofensiva Comunal 2019<\/b><\/i><\/span><\/span><\/p>\n<p class=\"western\" lang=\"es-MX\" align=\"justify\"><!--more--><\/p>\n<p class=\"western\" lang=\"es-MX\" align=\"justify\"><span style=\"font-family: Arial, sans-serif;\"><span style=\"font-size: x-large;\"><b>MIRIAM GONZ\u00c1LEZ VILLARROEL | Falc\u00f3n<\/b><\/span><\/span><\/p>\n<p class=\"western\" lang=\"es-MX\" align=\"justify\">\n<p class=\"western\" lang=\"es-MX\" align=\"justify\"><span style=\"font-family: Arial, sans-serif;\"><span style=\"font-size: x-large;\">Durante dos d\u00edas, en la sede de la Superintendencia Nacional de Cooperativas (Sunacoop), ubicada en la gerencia regional del Instituto Nacional de Capacitaci\u00f3n y Educaci\u00f3n Socialista (Inces) en Falc\u00f3n, se realiz\u00f3 el Encuentro de las Superintendencias de las Regiones Falc\u00f3n y Zulia para desarrollar un despliegue que conlleve al fortalecimiento del sector cooperativo.<\/span><\/span><\/p>\n<p class=\"western\" lang=\"es-MX\" align=\"justify\">\n<p class=\"western\" lang=\"es-MX\" align=\"justify\"><span style=\"font-family: Arial, sans-serif;\"><span style=\"font-size: x-large;\">En principio, Jenny Ruiz, directora Estadal (e) de la Sunacoop en Falc\u00f3n, dio la bienvenida a los representantes nacionales y del del estado Zulia, manifest\u00f3 \u201cno es f\u00e1cil asumir la tarea que se nos ha encomendado de darle un reimpulso al movimiento cooperativo, pero el equipo de trabajo con el cual contamos es una gran fortaleza para asumir los grandes retos que se nos avecinan\u201d. <\/span><\/span><\/p>\n<p class=\"western\" lang=\"es-MX\" align=\"justify\"><span style=\"font-family: Arial, sans-serif;\"><span style=\"font-size: x-large;\"><img loading=\"lazy\" decoding=\"async\" class=\"aligncenter wp-image-28949 size-full\" src=\"http:\/\/www.inces.gob.ve\/wp-content\/uploads\/2019\/06\/Inces-6-5Mayo19-.jpg\" alt=\"\" width=\"800\" height=\"879\" srcset=\"https:\/\/inces.gob.ve\/wp-content\/uploads\/2019\/06\/Inces-6-5Mayo19-.jpg 800w, https:\/\/inces.gob.ve\/wp-content\/uploads\/2019\/06\/Inces-6-5Mayo19--273x300.jpg 273w, https:\/\/inces.gob.ve\/wp-content\/uploads\/2019\/06\/Inces-6-5Mayo19--768x844.jpg 768w\" sizes=\"auto, (max-width: 800px) 100vw, 800px\" \/><\/span><\/span><\/p>\n<p class=\"western\" lang=\"es-MX\" align=\"justify\">\n<p class=\"western\" lang=\"es-MX\" align=\"justify\"><span style=\"font-family: Arial, sans-serif;\"><span style=\"font-size: x-large;\">Destac\u00f3 Ruiz, particularmente se siente identificada con el movimiento ya que tiene muchos a\u00f1os de transitar con el cooperativismo y afirma que s\u00ed se puede, estar a la vanguardia del momento hist\u00f3rico que requiere el pa\u00eds. Dijo, el movimiento cooperativo debe ser visibilizado, \u201cestamos en una etapa crucial en la cual debemos creer en lo que hacemos y el movimiento cooperativo es parte de la revoluci\u00f3n, hay que resaltar los valores de las cooperativas en el accionar del d\u00eda a d\u00eda y hay que hacerse sentir como superintendencia en esta nueva fase de reimpulso, unificando esfuerzos y poder cumplir con las tareas asignadas y avanzar\u201d.<\/span><\/span><\/p>\n<p class=\"western\" lang=\"es-MX\" align=\"justify\">\n<img loading=\"lazy\" decoding=\"async\" class=\"aligncenter wp-image-28951 size-full\" src=\"http:\/\/www.inces.gob.ve\/wp-content\/uploads\/2019\/06\/Inces-1-5Mayo19-.jpg\" alt=\"\" width=\"800\" height=\"450\" srcset=\"https:\/\/inces.gob.ve\/wp-content\/uploads\/2019\/06\/Inces-1-5Mayo19-.jpg 800w, https:\/\/inces.gob.ve\/wp-content\/uploads\/2019\/06\/Inces-1-5Mayo19--300x169.jpg 300w, https:\/\/inces.gob.ve\/wp-content\/uploads\/2019\/06\/Inces-1-5Mayo19--768x432.jpg 768w\" sizes=\"auto, (max-width: 800px) 100vw, 800px\" \/><\/p>\n<p class=\"western\" lang=\"es-MX\" align=\"justify\"><span style=\"font-family: Arial, sans-serif;\"><span style=\"font-size: x-large;\"><b>Evaluar el papel de las cooperativas<\/b><\/span><\/span><\/p>\n<p class=\"western\" lang=\"es-MX\" align=\"justify\"><span style=\"font-family: Arial, sans-serif;\"><span style=\"font-size: x-large;\">Por su parte Mar\u00eda Romero, directora nacional de la Oficina de Atenci\u00f3n al Territorio de la Superintendencia Nacional, estableci\u00f3 que en la coyuntura que est\u00e1 viviendo el pa\u00eds, se debe evaluar y analizar la situaci\u00f3n del cooperativismo en Venezuela y el papel de las cooperativas para avanzar contra la arremetida imperial a la que estamos sometidos.<\/span><\/span><\/p>\n<p class=\"western\" lang=\"es-MX\" align=\"justify\">\n<p class=\"western\" lang=\"es-MX\" align=\"justify\"><span style=\"font-family: Arial, sans-serif;\"><span style=\"font-size: x-large;\">Indic\u00f3 Romero, en el Movimiento Cooperativo existe un c\u00famulo experiencias, bienes y servicios que deben ser visibilizados para impulsar el Sistema Econ\u00f3mico Comunal. Precis\u00f3, las cooperativas podr\u00edan ser una gran fortaleza, \u201cdebemos trabajar para darle un nuevo rumbo, darle fuerza a la democracia participativa y protag\u00f3nica partiendo del trabajo colectivo\u201d.<\/span><\/span><\/p>\n<p class=\"western\" lang=\"es-MX\" align=\"justify\">\n<p class=\"western\" lang=\"es-MX\" align=\"justify\"><span style=\"font-family: Arial, sans-serif;\"><span style=\"font-size: x-large;\"><b>Visibilizar a las cooperativas<\/b><\/span><\/span><\/p>\n<p class=\"western\" lang=\"es-MX\" align=\"justify\">\u201c<span style=\"font-family: Arial, sans-serif;\"><span style=\"font-size: x-large;\">Las cooperativas existen para satisfacer las necesidades colectivas, se basan en un principio de ayuda mutua a las comunidades, tributan al socialismo y darle un nuevo rumbo a la superintendencia\u201d. Es una batalla que vamos a dar para visibilizar a las cooperativas y se est\u00e1 contemplando una serie de acciones para fortalecerlas, lo vamos a lograr, y as\u00ed poder contrarrestar la guerra econ\u00f3mica y para ello debemos activar estas organizaciones\u201d, puntualiz\u00f3 Mar\u00eda Romero.<\/span><\/span><\/p>\n<p class=\"western\" lang=\"es-MX\" align=\"justify\">\n<p class=\"western\" lang=\"es-MX\" align=\"justify\"><span style=\"font-family: Arial, sans-serif;\"><span style=\"font-size: x-large;\">Durante el encuentro la directora nacional present\u00f3 los objetivos estrat\u00e9gicos basados en posicionar la actividad cooperativa como espacio de actuaci\u00f3n colectiva, promover el cooperativismo para el impulso de una econom\u00eda productiva y solidaria vinculada al Plan de Recuperaci\u00f3n, Crecimiento y Prosperidad Econ\u00f3mica, sumado al Plan de Ofensiva Comunal 2019.<\/span><\/span><\/p>\n<p class=\"western\" lang=\"es-MX\" align=\"justify\">\n<p class=\"western\" lang=\"es-MX\" align=\"justify\"><span style=\"font-family: Arial, sans-serif;\"><span style=\"font-size: x-large;\">Por otra parte se\u00f1al\u00f3 que dentro de los objetivos se establece democratizar a la Sunacoop, abriendo espacios de participaci\u00f3n del Movimiento Cooperativista y articular con cooperativas de Am\u00e9rica Latina para construir espacios y compartir experiencias y procesos econ\u00f3micos solidarios.<\/span><\/span><\/p>\n<p class=\"western\" lang=\"es-MX\" align=\"justify\"><span style=\"font-family: Arial, sans-serif;\"><span style=\"font-size: x-large;\"><img loading=\"lazy\" decoding=\"async\" class=\"aligncenter wp-image-28948 size-full\" src=\"http:\/\/www.inces.gob.ve\/wp-content\/uploads\/2019\/06\/Inces-4-5Mayo19-.jpg\" alt=\"\" width=\"800\" height=\"380\" srcset=\"https:\/\/inces.gob.ve\/wp-content\/uploads\/2019\/06\/Inces-4-5Mayo19-.jpg 800w, https:\/\/inces.gob.ve\/wp-content\/uploads\/2019\/06\/Inces-4-5Mayo19--300x143.jpg 300w, https:\/\/inces.gob.ve\/wp-content\/uploads\/2019\/06\/Inces-4-5Mayo19--768x365.jpg 768w\" sizes=\"auto, (max-width: 800px) 100vw, 800px\" \/><\/span><\/span><\/p>\n<p class=\"western\" lang=\"es-MX\" align=\"justify\"><span style=\"font-family: Arial, sans-serif;\"><span style=\"font-size: x-large;\"><b>#JuntosPodemosM\u00e1s y #JuntosLogramosM\u00e1s<\/b><\/span><\/span><\/p>\n<p class=\"western\" lang=\"es-MX\" align=\"justify\"><span style=\"font-family: Arial, sans-serif;\"><span style=\"font-size: x-large;\">Destac\u00f3 Carlos Acero, encargado de los procesos comunicacionales de la Superintendencia, que el rumbo de la Sunacoop para esta nueva etapa, parte de dos premisas importantes: #JuntosPodemosM\u00e1s y #JuntosLogramosM\u00e1s. Tambi\u00e9n destac\u00f3 Acero, que gracias a la alianza con el Inces se desarroll\u00f3 el encuentro en Falc\u00f3n con mucho \u00e9xito, \u201csomos brazos de un mismo gobierno y debemos unificar esfuerzos\u201d.<\/span><\/span><\/p>\n<p class=\"western\" lang=\"es-MX\" align=\"justify\">\n<p class=\"western\" lang=\"es-MX\" align=\"justify\"><span style=\"font-family: Arial, sans-serif;\"><span style=\"font-size: x-large;\">Finalmente comunic\u00f3 que se desarrollar\u00e1 un despliegue informativo y de ofensiva para el fortalecimiento del movimiento cooperativista. <\/span><\/span><\/p>\n","protected":false},"excerpt":{"rendered":"<p>** Esta nueva acci\u00f3n est\u00e1 vinculada al Plan de Recuperaci\u00f3n, Crecimiento y Prosperidad Econ\u00f3mica, sumado al Plan de Ofensiva Comunal 2019<\/p>\n","protected":false},"author":15,"featured_media":28950,"comment_status":"closed","ping_status":"closed","sticky":false,"template":"","format":"standard","meta":{"footnotes":""},"categories":[2],"tags":[],"class_list":["post-28947","post","type-post","status-publish","format-standard","has-post-thumbnail","hentry","category-blog"],"_links":{"self":[{"href":"https:\/\/inces.gob.ve\/index.php\/wp-json\/wp\/v2\/posts\/28947","targetHints":{"allow":["GET"]}}],"collection":[{"href":"https:\/\/inces.gob.ve\/index.php\/wp-json\/wp\/v2\/posts"}],"about":[{"href":"https:\/\/inces.gob.ve\/index.php\/wp-json\/wp\/v2\/types\/post"}],"author":[{"embeddable":true,"href":"https:\/\/inces.gob.ve\/index.php\/wp-json\/wp\/v2\/users\/15"}],"replies":[{"embeddable":true,"href":"https:\/\/inces.gob.ve\/index.php\/wp-json\/wp\/v2\/comments?post=28947"}],"version-history":[{"count":1,"href":"https:\/\/inces.gob.ve\/index.php\/wp-json\/wp\/v2\/posts\/28947\/revisions"}],"predecessor-version":[{"id":28952,"href":"https:\/\/inces.gob.ve\/index.php\/wp-json\/wp\/v2\/posts\/28947\/revisions\/28952"}],"wp:featuredmedia":[{"embeddable":true,"href":"https:\/\/inces.gob.ve\/index.php\/wp-json\/wp\/v2\/media\/28950"}],"wp:attachment":[{"href":"https:\/\/inces.gob.ve\/index.php\/wp-json\/wp\/v2\/media?parent=28947"}],"wp:term":[{"taxonomy":"category","embeddable":true,"href":"https:\/\/inces.gob.ve\/index.php\/wp-json\/wp\/v2\/categories?post=28947"},{"taxonomy":"post_tag","embeddable":true,"href":"https:\/\/inces.gob.ve\/index.php\/wp-json\/wp\/v2\/tags?post=28947"}],"curies":[{"name":"wp","href":"https:\/\/api.w.org\/{rel}","templated":true}]}}