{"id":28957,"date":"2019-06-05T11:56:37","date_gmt":"2019-06-05T17:56:37","guid":{"rendered":"http:\/\/www.inces.gob.ve\/?p=28957"},"modified":"2020-05-28T20:28:34","modified_gmt":"2020-05-29T00:28:34","slug":"inces-sucre-lleva-formacion-productivas-a-80-mujeres-de-la-etnia-karina","status":"publish","type":"post","link":"https:\/\/inces.gob.ve\/index.php\/2019\/06\/05\/inces-sucre-lleva-formacion-productivas-a-80-mujeres-de-la-etnia-karina\/","title":{"rendered":"Inces Sucre lleva formaci\u00f3n productivas a 80 mujeres de la etnia Kari\u00f1a"},"content":{"rendered":"<p align=\"justify\"><span style=\"font-family: arial, sans-serif;\"><span style=\"font-size: large;\"><i><b>** El objetivo es activar la producci\u00f3n y la econom\u00eda dentro de las comunidades ind\u00edgenas<\/b><\/i><\/span><\/span><\/p>\n<p align=\"justify\"><!--more--><\/p>\n<p align=\"justify\"><span style=\"font-family: arial, sans-serif;\"><span style=\"font-size: large;\"><b>MILAGROS GUERRERO | Sucre<\/b><\/span><\/span><\/p>\n<p align=\"justify\">\n<p align=\"justify\"><span style=\"font-family: arial, sans-serif;\"><span style=\"font-size: large;\">El Instituto Nacional de Capacitaci\u00f3n y Educaci\u00f3n Socialista (Inces), en articulaci\u00f3n con el Instituto Municipal de la Mujer (Inmujer) del municipio Sucre y el ejecutivo regional del estado Sucre, a trav\u00e9s de UnipsoFuses; dio inicio a tres formaciones productivas que beneficiar\u00e1n a 80 mujeres de la etnia Kari\u00f1a, en \u00e1reas de la econom\u00eda como alimentos y textil. <\/span><\/span><\/p>\n<p align=\"justify\">\n<p align=\"justify\"><span style=\"font-family: arial, sans-serif;\"><span style=\"font-size: large;\">La coordinadora ind\u00edgena de Inces Sucre, Yudeisy Maita, inform\u00f3 que las formaciones tienen como objetivo principal fortalecer el Motor Econom\u00eda Comunal, Social y Socialista, y activar la producci\u00f3n en colectivo desde el seno de las organizaciones de base de la poblaci\u00f3n femenina ind\u00edgena, que integran los Frente de Mujeres \u201cPerd\u00f3mo\u201d y \u201cMar\u00eda Guevara\u201d, respectivamente.<\/span><\/span><\/p>\n<p align=\"justify\"><span style=\"font-family: arial, sans-serif;\"><span style=\"font-size: large;\"><img loading=\"lazy\" decoding=\"async\" class=\"aligncenter wp-image-28959 size-full\" src=\"http:\/\/www.inces.gob.ve\/wp-content\/uploads\/2019\/06\/Inces-1-5MAyo19.jpg\" alt=\"\" width=\"850\" height=\"552\" srcset=\"https:\/\/inces.gob.ve\/wp-content\/uploads\/2019\/06\/Inces-1-5MAyo19.jpg 850w, https:\/\/inces.gob.ve\/wp-content\/uploads\/2019\/06\/Inces-1-5MAyo19-300x195.jpg 300w, https:\/\/inces.gob.ve\/wp-content\/uploads\/2019\/06\/Inces-1-5MAyo19-768x499.jpg 768w\" sizes=\"auto, (max-width: 850px) 100vw, 850px\" \/><\/span><\/span><\/p>\n<p align=\"justify\">\n<p align=\"justify\"><span style=\"font-family: arial, sans-serif;\"><span style=\"font-size: large;\">El inicio de ambas formaciones productivas, dictadas por Inces, cont\u00f3 con el respaldo de la coordinadora municipal de Inamujer, Ana Luisa Cede\u00f1o, quien elogi\u00f3 el inter\u00e9s de la instituci\u00f3n que durante casi 60 a\u00f1os ha sido basti\u00f3n en la formaci\u00f3n del pueblo, y que hoy se mete en las comunidades de la meseta ind\u00edgena de Santa Fe para llevarles educaci\u00f3n productiva, gratuita y de calidad.<\/span><\/span><\/p>\n<p align=\"justify\"><span style=\"font-family: arial, sans-serif;\"><span style=\"font-size: large;\">En \u00e9sta primera fase inici\u00f3 la formaci\u00f3n en Panader\u00eda Dom\u00e9stica, con 21 integrantes del Frente de Mujeres \u201cPerd\u00f3mo\u201d, la cual se dicta en la comunidad que lleva el mismo nombre. En la poblaci\u00f3n de Santa Fe, 32 miembros del Frente de Mujeres \u201cMar\u00eda Guevara\u201d se forman en Elaboraci\u00f3n de Blusas y Pantalones. <\/span><\/span><\/p>\n<p align=\"justify\"><img loading=\"lazy\" decoding=\"async\" class=\"aligncenter wp-image-28958 size-full\" src=\"http:\/\/www.inces.gob.ve\/wp-content\/uploads\/2019\/06\/Inces-2-5MAyo19-1.jpg\" alt=\"\" width=\"850\" height=\"510\" srcset=\"https:\/\/inces.gob.ve\/wp-content\/uploads\/2019\/06\/Inces-2-5MAyo19-1.jpg 850w, https:\/\/inces.gob.ve\/wp-content\/uploads\/2019\/06\/Inces-2-5MAyo19-1-300x180.jpg 300w, https:\/\/inces.gob.ve\/wp-content\/uploads\/2019\/06\/Inces-2-5MAyo19-1-768x461.jpg 768w\" sizes=\"auto, (max-width: 850px) 100vw, 850px\" \/><\/p>\n<p align=\"justify\"><span style=\"font-family: arial, sans-serif;\"><span style=\"font-size: large;\">Por \u00faltimo, en la formaci\u00f3n en Ropa \u00cdntima, otras 27 participantes de varios sectores de la meseta ind\u00edgena se preparan para fabricar este tipo de prendas de vestir, para emprender una nueva actividad econ\u00f3mica que a corto plazo le genere nuevos ingresos a sus n\u00facleo familiares.<\/span><\/span><\/p>\n","protected":false},"excerpt":{"rendered":"<p>** El objetivo es activar la producci\u00f3n y la econom\u00eda dentro de las comunidades ind\u00edgenas<\/p>\n","protected":false},"author":15,"featured_media":28960,"comment_status":"closed","ping_status":"closed","sticky":false,"template":"","format":"standard","meta":{"footnotes":""},"categories":[2],"tags":[],"class_list":["post-28957","post","type-post","status-publish","format-standard","has-post-thumbnail","hentry","category-blog"],"_links":{"self":[{"href":"https:\/\/inces.gob.ve\/index.php\/wp-json\/wp\/v2\/posts\/28957","targetHints":{"allow":["GET"]}}],"collection":[{"href":"https:\/\/inces.gob.ve\/index.php\/wp-json\/wp\/v2\/posts"}],"about":[{"href":"https:\/\/inces.gob.ve\/index.php\/wp-json\/wp\/v2\/types\/post"}],"author":[{"embeddable":true,"href":"https:\/\/inces.gob.ve\/index.php\/wp-json\/wp\/v2\/users\/15"}],"replies":[{"embeddable":true,"href":"https:\/\/inces.gob.ve\/index.php\/wp-json\/wp\/v2\/comments?post=28957"}],"version-history":[{"count":1,"href":"https:\/\/inces.gob.ve\/index.php\/wp-json\/wp\/v2\/posts\/28957\/revisions"}],"predecessor-version":[{"id":28961,"href":"https:\/\/inces.gob.ve\/index.php\/wp-json\/wp\/v2\/posts\/28957\/revisions\/28961"}],"wp:featuredmedia":[{"embeddable":true,"href":"https:\/\/inces.gob.ve\/index.php\/wp-json\/wp\/v2\/media\/28960"}],"wp:attachment":[{"href":"https:\/\/inces.gob.ve\/index.php\/wp-json\/wp\/v2\/media?parent=28957"}],"wp:term":[{"taxonomy":"category","embeddable":true,"href":"https:\/\/inces.gob.ve\/index.php\/wp-json\/wp\/v2\/categories?post=28957"},{"taxonomy":"post_tag","embeddable":true,"href":"https:\/\/inces.gob.ve\/index.php\/wp-json\/wp\/v2\/tags?post=28957"}],"curies":[{"name":"wp","href":"https:\/\/api.w.org\/{rel}","templated":true}]}}