{"id":28962,"date":"2019-06-05T12:06:07","date_gmt":"2019-06-05T18:06:07","guid":{"rendered":"http:\/\/www.inces.gob.ve\/?p=28962"},"modified":"2020-05-28T20:28:34","modified_gmt":"2020-05-29T00:28:34","slug":"inces-y-corpivensa-comienzan-a-hacer-avances-en-trabajo-conjunto","status":"publish","type":"post","link":"https:\/\/inces.gob.ve\/index.php\/2019\/06\/05\/inces-y-corpivensa-comienzan-a-hacer-avances-en-trabajo-conjunto\/","title":{"rendered":"Inces y Corpivensa comienzan a hacer avances en trabajo conjunto"},"content":{"rendered":"<p align=\"justify\"><span style=\"font-family: Arial, sans-serif;\"><span style=\"font-size: large;\"><b>** Se defini\u00f3 la unidad curricular dispuesta a la reparaci\u00f3n de equipos de fotocopiado e impresoras como \u201cMantenimiento y Reparaci\u00f3n de Equipos de Reproducci\u00f3n B\u00e1sica y Avanzada\u201d<\/b><\/span><\/span><!--more--><\/p>\n<p align=\"justify\"><span style=\"font-family: Arial, sans-serif;\"><span style=\"font-size: large;\"><b>Ivaldo Rodr\u00edguez | Prensa Inces sede<\/b><\/span><\/span><\/p>\n<p align=\"justify\"><span style=\"font-family: Arial, sans-serif;\"><span style=\"font-size: large;\"><b>Fotos y Datos: G.G. de Formaci\u00f3n Profesional<\/b><\/span><\/span><\/p>\n<p align=\"justify\">\n<p align=\"justify\"><span style=\"font-family: Arial, sans-serif;\"><span style=\"font-size: large;\">Tal y como se advirti\u00f3 en una anterior entrega donde se expuso la instalaci\u00f3n de la Mesa T\u00e9cnica de Trabajo Corpivensa-Inces y sus equipos institucionales llamados a iniciar desarrollos curriculares permanentes en el \u00e1rea de las Telecomunicaciones y la Inform\u00e1tica, se llev\u00f3 a cabo la instalaci\u00f3n de la <span style=\"color: #000000;\"><span lang=\"es-VE\">Mesa de Trabajo <\/span><\/span><span style=\"color: #000000;\"><span lang=\"es-VE\">N\u00ba 1, <\/span><\/span><span style=\"color: #000000;\"><span lang=\"es-VE\">para la construcci\u00f3n de perfiles productivos y unidades curriculares <\/span><\/span><span style=\"color: #000000;\"><span lang=\"es-VE\">en<\/span><\/span> <span style=\"color: #000000;\"><span lang=\"es-VE\">r<\/span><\/span><span style=\"color: #000000;\"><span lang=\"es-VE\">eparaci\u00f3n de equipos de fotocopiado e impresoras, bajo la metodolog\u00eda curricular del I<\/span><\/span><span style=\"color: #000000;\"><span lang=\"es-VE\">nces,<\/span><\/span> <span style=\"color: #000000;\"><span lang=\"es-VE\">en el marco de <\/span><\/span><span style=\"color: #000000;\"><span lang=\"es-VE\">c<\/span><\/span><span style=\"color: #000000;\"><span lang=\"es-VE\">onvenio de <\/span><\/span><span style=\"color: #000000;\"><span lang=\"es-VE\">c<\/span><\/span><span style=\"color: #000000;\"><span lang=\"es-VE\">ooperaci\u00f3n suscrito <\/span><\/span><span style=\"color: #000000;\"><span lang=\"es-VE\">entre ambas organizaciones.<\/span><\/span><\/span><\/span><\/p>\n<p align=\"justify\"><span style=\"font-family: Arial, sans-serif;\"><span style=\"font-size: large;\"><span style=\"color: #000000;\"><span lang=\"es-VE\">En este segundo encuentro<\/span><\/span><span style=\"color: #000000;\"><span lang=\"es-VE\"> la Gerencia de Tecnolog\u00eda Educativa <\/span><\/span><span style=\"color: #000000;\"><span lang=\"es-VE\">del instituto<\/span><\/span><span style=\"color: #000000;\"><span lang=\"es-VE\">, <\/span><\/span><span style=\"color: #000000;\"><span lang=\"es-VE\">a trav<\/span><\/span><span style=\"color: #000000;\"><span lang=\"es-VE\">\u00e9<\/span><\/span><span style=\"color: #000000;\"><span lang=\"es-VE\">s de la metodolog\u00eda curricular I<\/span><\/span><span style=\"color: #000000;\"><span lang=\"es-VE\">nces y su<\/span><\/span><span style=\"color: #000000;\"><span lang=\"es-VE\"> formato, <\/span><\/span><span style=\"color: #000000;\"><span lang=\"es-VE\">plasm\u00f3 <\/span><\/span><span style=\"color: #000000;\"><span lang=\"es-VE\">los elementos a ser construidos como perfiles productivos, desde el <\/span><\/span><span style=\"color: #000000;\"><span lang=\"es-VE\">mismo <\/span><\/span><span style=\"color: #000000;\"><span lang=\"es-VE\">prop\u00f3sito de la unidad curricular <\/span><\/span><span style=\"color: #000000;\"><span lang=\"es-VE\">que<\/span><\/span><span style=\"color: #000000;\"><span lang=\"es-VE\"> fue definida por los conocedores protagonistas presentes <\/span><\/span><span style=\"color: #000000;\"><span lang=\"es-VE\">como:<\/span><\/span> <span style=\"color: #000000;\"><span lang=\"es-VE\"><b>Mantenimiento y Reparaci\u00f3n de Equipos de Reproducci\u00f3n B\u00e1sica y Avanzada.<\/b><\/span><\/span><\/span><\/span><\/p>\n<p align=\"justify\"><span style=\"font-family: Arial, sans-serif;\"><span style=\"font-size: large;\"><span style=\"color: #000000;\"><span lang=\"es-VE\">S<\/span><\/span><span style=\"color: #000000;\"><span lang=\"es-VE\">eguidamente se construyeron las variables <\/span><\/span><span style=\"color: #000000;\"><span lang=\"es-VE\">del caso <\/span><\/span><span style=\"color: #000000;\"><span lang=\"es-VE\">tal <\/span><\/span><span style=\"color: #000000;\"><span lang=\"es-VE\">como los r<\/span><\/span><span style=\"color: #000000;\"><span lang=\"es-VE\">equisitos previos, <\/span><\/span><span style=\"color: #000000;\"><span lang=\"es-VE\">el p<\/span><\/span><span style=\"color: #000000;\"><span lang=\"es-VE\">erfil del egresado, <\/span><\/span><span style=\"color: #000000;\"><span lang=\"es-VE\">el <\/span><\/span><span style=\"color: #000000;\"><span lang=\"es-VE\">e<\/span><\/span><span style=\"color: #000000;\"><span lang=\"es-VE\">je tem\u00e1tico, <\/span><\/span><span style=\"color: #000000;\"><span lang=\"es-VE\">los c<\/span><\/span><span style=\"color: #000000;\"><span lang=\"es-VE\">riterio de <\/span><\/span><span style=\"color: #000000;\"><span lang=\"es-VE\">e<\/span><\/span><span style=\"color: #000000;\"><span lang=\"es-VE\">valuaci\u00f3n, <\/span><\/span><span style=\"color: #000000;\"><span lang=\"es-VE\">la e<\/span><\/span><span style=\"color: #000000;\"><span lang=\"es-VE\">strat<\/span><\/span><span style=\"color: #000000;\"><span lang=\"es-VE\">e<\/span><\/span><span style=\"color: #000000;\"><span lang=\"es-VE\">gia metodol\u00f3gic<\/span><\/span><span style=\"color: #000000;\"><span lang=\"es-VE\">a y el l<\/span><\/span><span style=\"color: #000000;\"><span lang=\"es-VE\">apso de ejecuci\u00f3n.<img loading=\"lazy\" decoding=\"async\" class=\"aligncenter wp-image-28965 size-full\" src=\"http:\/\/www.inces.gob.ve\/wp-content\/uploads\/2019\/06\/Inces-1-5Mayo19-5.jpg\" alt=\"\" width=\"850\" height=\"403\" srcset=\"https:\/\/inces.gob.ve\/wp-content\/uploads\/2019\/06\/Inces-1-5Mayo19-5.jpg 850w, https:\/\/inces.gob.ve\/wp-content\/uploads\/2019\/06\/Inces-1-5Mayo19-5-300x142.jpg 300w, https:\/\/inces.gob.ve\/wp-content\/uploads\/2019\/06\/Inces-1-5Mayo19-5-768x364.jpg 768w\" sizes=\"auto, (max-width: 850px) 100vw, 850px\" \/><\/span><\/span><\/span><\/span><\/p>\n<p align=\"justify\"><span style=\"font-family: Arial, sans-serif;\"><span style=\"font-size: large;\"><span style=\"color: #000000;\"><span lang=\"es-VE\">De igual forma se acord\u00f3 que<\/span><\/span> la Gerencia de Tecnolog\u00eda Educativa, enviar\u00e1, v\u00eda correo electr\u00f3nico, la plantilla completa desarrollada con todas las variables producto del aporte de los conocedores protagonistas presentes en la reuni\u00f3n, a la organizaci\u00f3n Corpivensa para sus observaciones pertinentes.<\/span><\/span><\/p>\n<p align=\"justify\"><span style=\"font-family: Arial, sans-serif;\"><span style=\"font-size: large;\">Las partes concertadas decidieron como lugar y fecha del pr\u00f3ximo encuentro <span style=\"color: #000000;\"><span lang=\"es-VE\">la <\/span><\/span><span style=\"color: #000000;\"><span lang=\"es-VE\">sala<\/span><\/span><span style=\"color: #000000;\"><span lang=\"es-VE\"> de reuniones de la Gerencia General de Tributo<\/span><\/span><span style=\"color: #000000;\"><span lang=\"es-VE\">s<\/span><\/span> <span style=\"color: #000000;\"><span lang=\"es-VE\">en el piso 4 del edificio Inces sede, el venidero d\u00eda 11 de junio del presente a\u00f1o.<\/span><\/span><\/span><\/span><\/p>\n<p align=\"justify\"><span style=\"font-family: Arial, sans-serif;\"><span style=\"font-size: large;\">Repetimos, todo este accionar se sustenta en el convenio marco suscrito entre ambas organizaciones que tiene como objeto fundamental establecer los t\u00e9rminos y condiciones para que el<b> <\/b>Inces y Corpivensa<b>,<\/b> realicen acciones conjuntas y coordinadas en proyectos de formaci\u00f3n en las \u00e1reas que lo requieran, con la participaci\u00f3n de expertos en materia de ingenier\u00eda, procesos y desarrollo industrial, automatizaci\u00f3n, optimizaci\u00f3n de recursos humanos, financieros y f\u00edsicos, adscritos a Corpivensa y sus empresas afines; para responder a las necesidades socioecon\u00f3micas del sector.<img loading=\"lazy\" decoding=\"async\" class=\"aligncenter wp-image-28964 \" src=\"http:\/\/www.inces.gob.ve\/wp-content\/uploads\/2019\/06\/Inces-2-5Mayo19-5.jpg\" alt=\"\" width=\"732\" height=\"863\" srcset=\"https:\/\/inces.gob.ve\/wp-content\/uploads\/2019\/06\/Inces-2-5Mayo19-5.jpg 800w, https:\/\/inces.gob.ve\/wp-content\/uploads\/2019\/06\/Inces-2-5Mayo19-5-255x300.jpg 255w, https:\/\/inces.gob.ve\/wp-content\/uploads\/2019\/06\/Inces-2-5Mayo19-5-768x905.jpg 768w\" sizes=\"auto, (max-width: 732px) 100vw, 732px\" \/><\/span><\/span><\/p>\n<p align=\"justify\" lang=\"es-ES\"><span style=\"color: #00000a;\"><span style=\"font-family: Arial, sans-serif;\"><span style=\"font-size: large;\"><span style=\"color: #000000;\"><span lang=\"es-VE\">En ese contexto se persigue a<\/span><\/span><span style=\"color: #000000;\"><span lang=\"es-VE\">ctualizar y orientar los programas formativos integrales y permanentes hacia las necesidades y demandas del sistema productivo nacional, con el fin de garantizar la formaci\u00f3n t\u00e9cnica, profesional y ocupacional del trabajo.<\/span><\/span><\/span><\/span><\/span><\/p>\n<p align=\"justify\"><span style=\"font-family: Arial, sans-serif;\"><span style=\"font-size: large;\">Los lineamientos metodol\u00f3gicos para avanzar en el proyecto fueron delineados por la experta de formaci\u00f3n profesional del Inces Omaira Araque.<\/span><\/span><\/p>\n","protected":false},"excerpt":{"rendered":"<p>** Se defini\u00f3 la unidad curricular dispuesta a la reparaci\u00f3n de equipos de fotocopiado e impresoras como \u201cMantenimiento y Reparaci\u00f3n de Equipos de Reproducci\u00f3n B\u00e1sica y Avanzada\u201d<\/p>\n","protected":false},"author":15,"featured_media":28963,"comment_status":"closed","ping_status":"closed","sticky":false,"template":"","format":"standard","meta":{"footnotes":""},"categories":[2],"tags":[],"class_list":["post-28962","post","type-post","status-publish","format-standard","has-post-thumbnail","hentry","category-blog"],"_links":{"self":[{"href":"https:\/\/inces.gob.ve\/index.php\/wp-json\/wp\/v2\/posts\/28962","targetHints":{"allow":["GET"]}}],"collection":[{"href":"https:\/\/inces.gob.ve\/index.php\/wp-json\/wp\/v2\/posts"}],"about":[{"href":"https:\/\/inces.gob.ve\/index.php\/wp-json\/wp\/v2\/types\/post"}],"author":[{"embeddable":true,"href":"https:\/\/inces.gob.ve\/index.php\/wp-json\/wp\/v2\/users\/15"}],"replies":[{"embeddable":true,"href":"https:\/\/inces.gob.ve\/index.php\/wp-json\/wp\/v2\/comments?post=28962"}],"version-history":[{"count":3,"href":"https:\/\/inces.gob.ve\/index.php\/wp-json\/wp\/v2\/posts\/28962\/revisions"}],"predecessor-version":[{"id":28968,"href":"https:\/\/inces.gob.ve\/index.php\/wp-json\/wp\/v2\/posts\/28962\/revisions\/28968"}],"wp:featuredmedia":[{"embeddable":true,"href":"https:\/\/inces.gob.ve\/index.php\/wp-json\/wp\/v2\/media\/28963"}],"wp:attachment":[{"href":"https:\/\/inces.gob.ve\/index.php\/wp-json\/wp\/v2\/media?parent=28962"}],"wp:term":[{"taxonomy":"category","embeddable":true,"href":"https:\/\/inces.gob.ve\/index.php\/wp-json\/wp\/v2\/categories?post=28962"},{"taxonomy":"post_tag","embeddable":true,"href":"https:\/\/inces.gob.ve\/index.php\/wp-json\/wp\/v2\/tags?post=28962"}],"curies":[{"name":"wp","href":"https:\/\/api.w.org\/{rel}","templated":true}]}}