{"id":29026,"date":"2019-06-07T08:42:24","date_gmt":"2019-06-07T14:42:24","guid":{"rendered":"http:\/\/www.inces.gob.ve\/?p=29026"},"modified":"2020-05-28T20:28:33","modified_gmt":"2020-05-29T00:28:33","slug":"la-coordinacion-de-desarrollo-productivo-agroindustrial-del-municipio-sucre-se-mantiene-en-encuentros","status":"publish","type":"post","link":"https:\/\/inces.gob.ve\/index.php\/2019\/06\/07\/la-coordinacion-de-desarrollo-productivo-agroindustrial-del-municipio-sucre-se-mantiene-en-encuentros\/","title":{"rendered":"La Coordinaci\u00f3n de Desarrollo Productivo Agroindustrial del municipio Sucre se mantiene en encuentros"},"content":{"rendered":"<p align=\"justify\"><span style=\"font-family: Arial, sans-serif;\"><span style=\"font-size: x-large;\"><b><i>** Pr\u00f3ximamente se contar\u00e1 con <\/i><i>un <\/i><i>plan de siembra a desarrollar<\/i><\/b><\/span><\/span><\/p>\n<p align=\"justify\"><!--more--><\/p>\n<p align=\"justify\"><span style=\"font-family: Arial, sans-serif;\"><span style=\"font-size: x-large;\"><b>NINOSKA PATRIZ| Aragua<\/b><\/span><\/span><\/p>\n<p align=\"justify\">\n<p align=\"justify\">\u201c<span style=\"font-family: Arial, sans-serif;\"><span style=\"font-size: x-large;\">Se viene realizando el levantamiento del perfil productivo, Agroindustrial y Planificaci\u00f3n de la Cadena Agr\u00edcola\u201d, manifest\u00f3 Zue Escorche, coordinadora del centro de formaci\u00f3n socialista (CFS) Cagua. <\/span><\/span><\/p>\n<p align=\"justify\"><span style=\"font-family: Arial, sans-serif;\"><span style=\"font-size: x-large;\">A las jornadas han asistido: el equipo promotor del programa \u201cTodas las Manos a la Siembra\u201d (PTMS), el Instituto de la mujer, alcald\u00eda del municipio Sucre, consejo de productores, hogares de la patria, Corporaci\u00f3n Nacional de Alimentaci\u00f3n Escolar (CNAE) y el Colectivo de Desarrollo Productivo del municipio Sucre, as\u00ed como representantes de las diferentes organizaciones campesinas del municipio. <\/span><\/span><\/p>\n<p align=\"justify\">\u201c<span style=\"font-family: Arial, sans-serif;\"><span style=\"font-size: x-large;\">Entre los acuerdos establecidos est\u00e1 el desarrollo predial de los diferentes espacios disponibles para la siembra. Para ello contamos con el enlace de los representantes del Instituto Nacional de Investigaciones Agr\u00edcolas (INIA) de nivel central. Ya hemos realizado cuatro encuentros, con el horizonte fijo en el desarrollo de la cadena productiva agr\u00edcola en nuestro municipio\u201d, agreg\u00f3 Escorche. <\/span><\/span><\/p>\n<p align=\"justify\"><span style=\"font-family: Arial, sans-serif;\"><span style=\"font-size: x-large;\"><img loading=\"lazy\" decoding=\"async\" class=\"aligncenter wp-image-29028 size-full\" src=\"http:\/\/www.inces.gob.ve\/wp-content\/uploads\/2019\/06\/Inces-1-7Mayo19.jpeg\" alt=\"\" width=\"800\" height=\"508\" srcset=\"https:\/\/inces.gob.ve\/wp-content\/uploads\/2019\/06\/Inces-1-7Mayo19.jpeg 800w, https:\/\/inces.gob.ve\/wp-content\/uploads\/2019\/06\/Inces-1-7Mayo19-300x191.jpeg 300w, https:\/\/inces.gob.ve\/wp-content\/uploads\/2019\/06\/Inces-1-7Mayo19-768x488.jpeg 768w\" sizes=\"auto, (max-width: 800px) 100vw, 800px\" \/><\/span><\/span><\/p>\n<p align=\"justify\"><span style=\"font-family: Arial, sans-serif;\"><span style=\"font-size: x-large;\"><b>Desde el CFS Cagua se forman excelentes costureras<\/b><\/span><\/span><\/p>\n<p align=\"justify\"><span style=\"font-family: Arial, sans-serif;\"><span style=\"font-size: x-large;\">Desde el CFS Inces Cagua, junto a la profesora Judith Palacios, observamos la formaci\u00f3n que se realiza en el \u00e1rea textil. El grupo de participante, en su mayor\u00eda femeninas, muestra con orgullo sus creaciones. Cabe destacar que muchas de ellas nunca hab\u00edan tomado una aguja. De ahora en adelante se sienten productivas, hacen patrones y confeccionan bellezas. En las gr\u00e1ficas, cortes\u00eda del profesor Gustavo Jim\u00e9nez Mora, se observa que estas arman sus piezas con gran calidad\u201d.<\/span><\/span><\/p>\n<figure id=\"attachment_29027\" aria-describedby=\"caption-attachment-29027\" style=\"width: 850px\" class=\"wp-caption aligncenter\"><img loading=\"lazy\" decoding=\"async\" class=\"wp-image-29027 size-full\" src=\"http:\/\/www.inces.gob.ve\/wp-content\/uploads\/2019\/06\/Inces-4-7Mayo19-.jpeg\" alt=\"\" width=\"850\" height=\"638\" srcset=\"https:\/\/inces.gob.ve\/wp-content\/uploads\/2019\/06\/Inces-4-7Mayo19-.jpeg 850w, https:\/\/inces.gob.ve\/wp-content\/uploads\/2019\/06\/Inces-4-7Mayo19--300x225.jpeg 300w, https:\/\/inces.gob.ve\/wp-content\/uploads\/2019\/06\/Inces-4-7Mayo19--768x576.jpeg 768w, https:\/\/inces.gob.ve\/wp-content\/uploads\/2019\/06\/Inces-4-7Mayo19--136x102.jpeg 136w\" sizes=\"auto, (max-width: 850px) 100vw, 850px\" \/><figcaption id=\"caption-attachment-29027\" class=\"wp-caption-text\">Jpeg<\/figcaption><\/figure>\n<p align=\"justify\"><span style=\"font-family: Arial, sans-serif;\"><span style=\"font-size: x-large;\">Es de apreciar que en todo momento se esfuerzan por cumplir con las exigencias de su profesora. Por su parte, Palacios siempre dice: \u201cDeben tender hacia la excelencia\u201d, es su apoyo y gu\u00eda. Estos participantes son el espejo de Inces, cuyo reconocimiento internacional es s\u00edmbolo de la calidad de los conocimientos que se imparten. Del mismo modo puede decirse que las participantes acuden a esta formaci\u00f3n con agrado. En cada encuentro trabajan como un conjunto de amigas y comparten con meriendas y cafecitos seg\u00fan las posibilidades del d\u00eda.<\/span><\/span><\/p>\n","protected":false},"excerpt":{"rendered":"<p>** Pr\u00f3ximamente se contar\u00e1 con un plan de siembra a desarrollar<\/p>\n","protected":false},"author":15,"featured_media":29029,"comment_status":"closed","ping_status":"closed","sticky":false,"template":"","format":"standard","meta":{"footnotes":""},"categories":[2],"tags":[],"class_list":["post-29026","post","type-post","status-publish","format-standard","has-post-thumbnail","hentry","category-blog"],"_links":{"self":[{"href":"https:\/\/inces.gob.ve\/index.php\/wp-json\/wp\/v2\/posts\/29026","targetHints":{"allow":["GET"]}}],"collection":[{"href":"https:\/\/inces.gob.ve\/index.php\/wp-json\/wp\/v2\/posts"}],"about":[{"href":"https:\/\/inces.gob.ve\/index.php\/wp-json\/wp\/v2\/types\/post"}],"author":[{"embeddable":true,"href":"https:\/\/inces.gob.ve\/index.php\/wp-json\/wp\/v2\/users\/15"}],"replies":[{"embeddable":true,"href":"https:\/\/inces.gob.ve\/index.php\/wp-json\/wp\/v2\/comments?post=29026"}],"version-history":[{"count":1,"href":"https:\/\/inces.gob.ve\/index.php\/wp-json\/wp\/v2\/posts\/29026\/revisions"}],"predecessor-version":[{"id":29030,"href":"https:\/\/inces.gob.ve\/index.php\/wp-json\/wp\/v2\/posts\/29026\/revisions\/29030"}],"wp:featuredmedia":[{"embeddable":true,"href":"https:\/\/inces.gob.ve\/index.php\/wp-json\/wp\/v2\/media\/29029"}],"wp:attachment":[{"href":"https:\/\/inces.gob.ve\/index.php\/wp-json\/wp\/v2\/media?parent=29026"}],"wp:term":[{"taxonomy":"category","embeddable":true,"href":"https:\/\/inces.gob.ve\/index.php\/wp-json\/wp\/v2\/categories?post=29026"},{"taxonomy":"post_tag","embeddable":true,"href":"https:\/\/inces.gob.ve\/index.php\/wp-json\/wp\/v2\/tags?post=29026"}],"curies":[{"name":"wp","href":"https:\/\/api.w.org\/{rel}","templated":true}]}}