{"id":29065,"date":"2019-06-11T08:48:15","date_gmt":"2019-06-11T14:48:15","guid":{"rendered":"http:\/\/www.inces.gob.ve\/?p=29065"},"modified":"2020-05-28T20:28:33","modified_gmt":"2020-05-29T00:28:33","slug":"inces-tachira-abre-su-primer-nucleo-extension-junin","status":"publish","type":"post","link":"https:\/\/inces.gob.ve\/index.php\/2019\/06\/11\/inces-tachira-abre-su-primer-nucleo-extension-junin\/","title":{"rendered":"Inces T\u00e1chira abre su primer n\u00facleo extensi\u00f3n Jun\u00edn"},"content":{"rendered":"<p class=\"western\" align=\"justify\"><span style=\"font-family: Arial, sans-serif;\"><span style=\"font-size: large;\"><i><b>** 300 participantes egresaron de esta experiencia<\/b><\/i><\/span><\/span><\/p>\n<p class=\"western\" align=\"justify\"><!--more--><\/p>\n<p class=\"western\" align=\"justify\"><span style=\"font-family: Arial, sans-serif;\"><span style=\"font-size: large;\"><span lang=\"es-ES\">T\u00c1CHIRA<\/span><\/span><\/span><\/p>\n<p class=\"western\" align=\"justify\">\n<p class=\"western\" align=\"justify\"><span style=\"font-family: Arial, sans-serif;\"><span style=\"font-size: large;\">Gracias al trabajo que ha venido realizando la gerencia regional del Inces <span lang=\"es-VE\">T\u00e1chira<\/span> y el centro de F<span lang=\"es-VE\">ormaci\u00f3n<\/span> Socialista Francisco de Miranda, se abri\u00f3 el primer n\u00facleo extensi\u00f3n del Inces en el municipio Jun\u00edn, de la regi\u00f3n tachirense.<\/span><\/span><\/p>\n<p class=\"western\" align=\"justify\">\n<p class=\"western\" align=\"justify\"><span style=\"font-family: Arial, sans-serif;\"><span style=\"font-size: large;\">Desde la comunidad del sector Santa Barbara II del municipio Jun\u00edn, se <span lang=\"es-VE\">llev\u00f3<\/span> a cabo una gran exposici\u00f3n productiva, con el objetivo de dar fin a 16 formaciones en las \u00e1reas: industrial, textil, gastron\u00f3mica entre otros oficios productivos orientados en los motores de la agenda econ\u00f3mica, egresando a 300 participantes.<\/span><\/span><\/p>\n<p class=\"western\" align=\"justify\"><span style=\"font-family: Arial, sans-serif;\"><span style=\"font-size: large;\"><img loading=\"lazy\" decoding=\"async\" class=\"aligncenter wp-image-29066 size-full\" src=\"http:\/\/www.inces.gob.ve\/wp-content\/uploads\/2019\/06\/Inces-4-11Junio19.jpeg\" alt=\"\" width=\"850\" height=\"638\" srcset=\"https:\/\/inces.gob.ve\/wp-content\/uploads\/2019\/06\/Inces-4-11Junio19.jpeg 850w, https:\/\/inces.gob.ve\/wp-content\/uploads\/2019\/06\/Inces-4-11Junio19-300x225.jpeg 300w, https:\/\/inces.gob.ve\/wp-content\/uploads\/2019\/06\/Inces-4-11Junio19-768x576.jpeg 768w, https:\/\/inces.gob.ve\/wp-content\/uploads\/2019\/06\/Inces-4-11Junio19-136x102.jpeg 136w\" sizes=\"auto, (max-width: 850px) 100vw, 850px\" \/><\/span><\/span><\/p>\n<p class=\"western\" align=\"justify\">\n<p class=\"western\" align=\"justify\"><span style=\"font-family: Arial, sans-serif;\"><span style=\"font-size: large;\">Igualmente, se llev\u00f3 a cabo el registro de 10 brigadas productivas, la presentaci\u00f3n de cinco (5) proyectos socio productivos por parte de los j\u00f3venes del Programa Nacional de Aprendizaje (PNA) y la entrega de reconocimientos a formadores y maestros pueblo.<\/span><\/span><\/p>\n<p class=\"western\" align=\"justify\">\n<p class=\"western\" align=\"justify\"><span style=\"font-family: Arial, sans-serif;\"><span style=\"font-size: large;\">Geovanni Gonz\u00e1lez, gerente de la instituci\u00f3n, manifest\u00f3 la importancia que tiene el Inces en el \u00e1mbito regional para la defensa integral de la patria. \u00abEn el Inces T\u00e1chira estamos desplegados en m\u00e1s de 14 municipios y m\u00e1s de 120 comunidades, llevando formaci\u00f3n orientada hacia la producci\u00f3n que es lo que necesita el pa\u00eds para contrarrestar este gran bloqueo econ\u00f3mico\u00bb.<\/span><\/span><\/p>\n<p class=\"western\" align=\"justify\"><span style=\"font-family: Arial, sans-serif;\"><span style=\"font-size: large;\"><img loading=\"lazy\" decoding=\"async\" class=\"aligncenter wp-image-29067 size-full\" src=\"http:\/\/www.inces.gob.ve\/wp-content\/uploads\/2019\/06\/Inces-3-11Junio19.jpeg\" alt=\"\" width=\"850\" height=\"638\" srcset=\"https:\/\/inces.gob.ve\/wp-content\/uploads\/2019\/06\/Inces-3-11Junio19.jpeg 850w, https:\/\/inces.gob.ve\/wp-content\/uploads\/2019\/06\/Inces-3-11Junio19-300x225.jpeg 300w, https:\/\/inces.gob.ve\/wp-content\/uploads\/2019\/06\/Inces-3-11Junio19-768x576.jpeg 768w, https:\/\/inces.gob.ve\/wp-content\/uploads\/2019\/06\/Inces-3-11Junio19-136x102.jpeg 136w\" sizes=\"auto, (max-width: 850px) 100vw, 850px\" \/><\/span><\/span><\/p>\n<p class=\"western\" align=\"justify\">\n<p class=\"western\" align=\"justify\"><span style=\"font-family: Arial, sans-serif;\"><span style=\"font-size: large;\">As\u00edmismo, Gonz\u00e1lez expres\u00f3 que la instituci\u00f3n cuenta con grandes formadores, llevando formaci\u00f3n al pueblo, \u201cademas del acompa\u00f1amiento que nos orienta nuestro ministro Arist\u00f3bulo Isturiz, es que todos los que est\u00e9n ingresando al Inces posean un proyecto productivo y obtengan financiamiento por parte de la banca p\u00fablica para que no solo se queden en la formaci\u00f3n si no que sea productivos desde las comunidades\u201d.<\/span><\/span><\/p>\n<p class=\"western\" align=\"justify\"><span style=\"font-family: Arial, sans-serif;\"><span style=\"font-size: large;\">Por su parte, Ismenia Hern\u00e1ndez, supervisora del CFS Francisco de Miranda, en el municipio Jun\u00edn, agradeci\u00f3 a la alcald\u00eda bolivariana del sector y a las diferentes comunidades por la gran receptividad que han tenido hacia el Inces, \u00ablas comunidades han sido pilares fundamentales para desarrollar todas las formaciones, que benefician y forman a nuestros pueblo con sentido de pertinencia y con la meta de impulsar la producci\u00f3n nacional\u00bb.<\/span><\/span><\/p>\n<p class=\"western\" align=\"justify\"><img loading=\"lazy\" decoding=\"async\" class=\"aligncenter wp-image-29069 size-full\" src=\"http:\/\/www.inces.gob.ve\/wp-content\/uploads\/2019\/06\/Inces-1-11Junio19.jpeg\" alt=\"\" width=\"850\" height=\"850\" srcset=\"https:\/\/inces.gob.ve\/wp-content\/uploads\/2019\/06\/Inces-1-11Junio19.jpeg 850w, https:\/\/inces.gob.ve\/wp-content\/uploads\/2019\/06\/Inces-1-11Junio19-150x150.jpeg 150w, https:\/\/inces.gob.ve\/wp-content\/uploads\/2019\/06\/Inces-1-11Junio19-300x300.jpeg 300w, https:\/\/inces.gob.ve\/wp-content\/uploads\/2019\/06\/Inces-1-11Junio19-768x768.jpeg 768w\" sizes=\"auto, (max-width: 850px) 100vw, 850px\" \/><\/p>\n<p class=\"western\" align=\"justify\"><span style=\"font-family: Arial, sans-serif;\"><span style=\"font-size: large;\">Para finalizar, el director del centro educativo resalt\u00f3 la importancia que ha tenido la juventud venezolana para la construcci\u00f3n del nuevo modelo econ\u00f3mico y la reincorporaci\u00f3n de los j\u00f3venes a los planes y acciones que ejecuta el Gobierno Nacional en pro de beneficiar a todos los venezolanos.<\/span><\/span><\/p>\n<p class=\"western\" align=\"justify\">\n<p class=\"western\" align=\"justify\">\n<p class=\"western\" align=\"justify\">\n<p class=\"western\" align=\"justify\">\n","protected":false},"excerpt":{"rendered":"<p>** 300 participantes egresaron de esta experiencia<\/p>\n","protected":false},"author":15,"featured_media":29068,"comment_status":"closed","ping_status":"closed","sticky":false,"template":"","format":"standard","meta":{"footnotes":""},"categories":[2],"tags":[],"class_list":["post-29065","post","type-post","status-publish","format-standard","has-post-thumbnail","hentry","category-blog"],"_links":{"self":[{"href":"https:\/\/inces.gob.ve\/index.php\/wp-json\/wp\/v2\/posts\/29065","targetHints":{"allow":["GET"]}}],"collection":[{"href":"https:\/\/inces.gob.ve\/index.php\/wp-json\/wp\/v2\/posts"}],"about":[{"href":"https:\/\/inces.gob.ve\/index.php\/wp-json\/wp\/v2\/types\/post"}],"author":[{"embeddable":true,"href":"https:\/\/inces.gob.ve\/index.php\/wp-json\/wp\/v2\/users\/15"}],"replies":[{"embeddable":true,"href":"https:\/\/inces.gob.ve\/index.php\/wp-json\/wp\/v2\/comments?post=29065"}],"version-history":[{"count":1,"href":"https:\/\/inces.gob.ve\/index.php\/wp-json\/wp\/v2\/posts\/29065\/revisions"}],"predecessor-version":[{"id":29070,"href":"https:\/\/inces.gob.ve\/index.php\/wp-json\/wp\/v2\/posts\/29065\/revisions\/29070"}],"wp:featuredmedia":[{"embeddable":true,"href":"https:\/\/inces.gob.ve\/index.php\/wp-json\/wp\/v2\/media\/29068"}],"wp:attachment":[{"href":"https:\/\/inces.gob.ve\/index.php\/wp-json\/wp\/v2\/media?parent=29065"}],"wp:term":[{"taxonomy":"category","embeddable":true,"href":"https:\/\/inces.gob.ve\/index.php\/wp-json\/wp\/v2\/categories?post=29065"},{"taxonomy":"post_tag","embeddable":true,"href":"https:\/\/inces.gob.ve\/index.php\/wp-json\/wp\/v2\/tags?post=29065"}],"curies":[{"name":"wp","href":"https:\/\/api.w.org\/{rel}","templated":true}]}}