{"id":29214,"date":"2019-07-11T06:04:50","date_gmt":"2019-07-11T12:04:50","guid":{"rendered":"http:\/\/www.inces.gob.ve\/?p=29214"},"modified":"2020-05-28T20:28:32","modified_gmt":"2020-05-29T00:28:32","slug":"historia-de-vida-isbely-mujica-cada-reto-se-convierte-en-la-alegria-de-la-meta-alcanzada","status":"publish","type":"post","link":"https:\/\/inces.gob.ve\/index.php\/2019\/07\/11\/historia-de-vida-isbely-mujica-cada-reto-se-convierte-en-la-alegria-de-la-meta-alcanzada\/","title":{"rendered":"Historia de Vida | Isbely Mujica: \u201cCada reto se convierte en la alegr\u00eda de la meta alcanzada\u201d"},"content":{"rendered":"<p align=\"justify\"><span style=\"font-family: Arial, sans-serif;\"><span style=\"font-size: x-large;\">** Experiencias de \u00e9xito hablan del Bachillerato Productivo<\/span><\/span><\/p>\n<p align=\"justify\">\n<!--more--><\/p>\n<p align=\"justify\"><span style=\"font-family: Arial, sans-serif;\"><span style=\"font-size: x-large;\"><b>NINOSKA PATRIZ | Aragua<\/b><\/span><\/span><\/p>\n<p align=\"justify\"><span style=\"font-family: Arial, sans-serif;\"><span style=\"font-size: x-large;\">Desde el Bachillerato Productivo se evidencia la organizaci\u00f3n de la bases populares. En esta modalidad se orientan todos los recursos y capacidades en pro del reconocimiento de los saberes y haceres productivos. <\/span><\/span><\/p>\n<p align=\"justify\">\n<p align=\"justify\">\u201c<span style=\"font-family: Arial, sans-serif;\"><span style=\"font-size: x-large;\">Cabe destacar que la flexibilidad tambi\u00e9n est\u00e1 presente en todo el proceso formativo. De esta forma ampliamos el concepto cultural que caracteriza a la Instituci\u00f3n\u201d. As\u00ed nos lo comenta el coordinador de la Unidad Educativa Inces Aragua Sim\u00f3n Navarro. \u201cLo primordial es facilitar a los participantes la oportunidad de culminar sus estudios\u201d.<\/span><\/span><\/p>\n<p align=\"justify\">\n<p align=\"justify\">\u201c<span style=\"font-family: Arial, sans-serif;\"><span style=\"font-size: x-large;\">Por otra parte, innovamos, pues en ning\u00fan momento se interrumpen sus horarios de trabajos ni responsabilidades familiares; inclusive, los ambientes laborales se transforman en ambientes educativos para el discernimiento y desarrollo de la creatividad\u201d, recalc\u00f3 Navarrro. <\/span><\/span><\/p>\n<p align=\"justify\"><span style=\"font-family: Arial, sans-serif;\"><span style=\"font-size: x-large;\"><img loading=\"lazy\" decoding=\"async\" class=\"aligncenter wp-image-29215 size-full\" src=\"http:\/\/www.inces.gob.ve\/wp-content\/uploads\/2019\/07\/Inces-2-Historia-10Julio19.jpg\" alt=\"\" width=\"850\" height=\"638\" srcset=\"https:\/\/inces.gob.ve\/wp-content\/uploads\/2019\/07\/Inces-2-Historia-10Julio19.jpg 850w, https:\/\/inces.gob.ve\/wp-content\/uploads\/2019\/07\/Inces-2-Historia-10Julio19-300x225.jpg 300w, https:\/\/inces.gob.ve\/wp-content\/uploads\/2019\/07\/Inces-2-Historia-10Julio19-768x576.jpg 768w, https:\/\/inces.gob.ve\/wp-content\/uploads\/2019\/07\/Inces-2-Historia-10Julio19-136x102.jpg 136w\" sizes=\"auto, (max-width: 850px) 100vw, 850px\" \/><\/span><\/span><\/p>\n<p align=\"justify\">\n<p align=\"justify\"><span style=\"font-family: Arial, sans-serif;\"><span style=\"font-size: x-large;\">En relaci\u00f3n al tema, Sim\u00f3n nos presenta a dos camaradas que con su ejemplo representan en su propia medida a los participantes con formaci\u00f3n en el \u00e1rea agroproductiva que tanto necesita la patria. Ellos son: Isbely Mujica (30 a\u00f1os), quien se grad\u00faa en julio, y Renny Vegas (52a\u00f1os), hoy d\u00eda maestro Inces. Este \u00faltimo inici\u00f3 como obrero aseador de la Universidad Pedag\u00f3gica Experimental Libertador (UPEL) en donde luego se gradu\u00f3 como profesor de Historia. <\/span><\/span><\/p>\n<p align=\"justify\">\n<p align=\"justify\"><span style=\"font-family: Arial, sans-serif;\"><span style=\"font-size: x-large;\">Ambos consideran que su formaci\u00f3n ha sido valiosa pues se vive el aprender haciendo en colectivo. Su ambiente de aprendizaje es el centro de formaci\u00f3n socialista Metalminero Maracay. Desde all\u00ed desarrollan su proyecto en funci\u00f3n del ma\u00edz amarillo.<\/span><\/span><\/p>\n<p align=\"justify\"><span style=\"font-family: Arial, sans-serif;\"><span style=\"font-size: x-large;\"><b>Los participantes<\/b><\/span><\/span><\/p>\n<p align=\"justify\"><span style=\"font-family: Arial, sans-serif;\"><span style=\"font-size: x-large;\">Al respecto, Isbely Mujica nos cuenta: \u201cCada d\u00eda que veo crecer las pl\u00e1ntulas, me veo a m\u00ed misma en cada una de ellas. No tuve apoyo m\u00e1s apoyo que el m\u00edo propio. Tengo una hija por la que salgo a diario, salgo a luchar por su bienestar. Ella depende de m\u00ed. Aun contra todas las adversidades, seguimos adelante con mucha emoci\u00f3n y sentimiento. Nosotros somos hechos concretos de que poco a poco, los sue\u00f1os se hacen realidad, en revoluci\u00f3n\u201d.<\/span><\/span><\/p>\n<p align=\"justify\">\n<p align=\"justify\"><span style=\"font-family: Arial, sans-serif;\"><span style=\"font-size: x-large;\">Por su parte Renny Vegas nos dice: \u201cLo importante es jamas detenerse. Siempre hay quien critica el proceder, pero no se coloca en los zapatos del otro. Uno que ya tiene experiencia de vida, les dice a todo aquel lo que uno ha vivido, para que tambi\u00e9n se motiven\u201d y agrega: \u201cEl Inces no solo es una casa de estudios, hoy para todos nosotros es un segundo hogar. Una gran familia que te abre las puertas del conocimiento, para continuar el paso de la revoluci\u00f3n\u201d. <\/span><\/span><\/p>\n","protected":false},"excerpt":{"rendered":"<p>** Experiencias de \u00e9xito hablan del Bachillerato Productivo<\/p>\n","protected":false},"author":15,"featured_media":29216,"comment_status":"closed","ping_status":"closed","sticky":false,"template":"","format":"standard","meta":{"footnotes":""},"categories":[2],"tags":[],"class_list":["post-29214","post","type-post","status-publish","format-standard","has-post-thumbnail","hentry","category-blog"],"_links":{"self":[{"href":"https:\/\/inces.gob.ve\/index.php\/wp-json\/wp\/v2\/posts\/29214","targetHints":{"allow":["GET"]}}],"collection":[{"href":"https:\/\/inces.gob.ve\/index.php\/wp-json\/wp\/v2\/posts"}],"about":[{"href":"https:\/\/inces.gob.ve\/index.php\/wp-json\/wp\/v2\/types\/post"}],"author":[{"embeddable":true,"href":"https:\/\/inces.gob.ve\/index.php\/wp-json\/wp\/v2\/users\/15"}],"replies":[{"embeddable":true,"href":"https:\/\/inces.gob.ve\/index.php\/wp-json\/wp\/v2\/comments?post=29214"}],"version-history":[{"count":1,"href":"https:\/\/inces.gob.ve\/index.php\/wp-json\/wp\/v2\/posts\/29214\/revisions"}],"predecessor-version":[{"id":29217,"href":"https:\/\/inces.gob.ve\/index.php\/wp-json\/wp\/v2\/posts\/29214\/revisions\/29217"}],"wp:featuredmedia":[{"embeddable":true,"href":"https:\/\/inces.gob.ve\/index.php\/wp-json\/wp\/v2\/media\/29216"}],"wp:attachment":[{"href":"https:\/\/inces.gob.ve\/index.php\/wp-json\/wp\/v2\/media?parent=29214"}],"wp:term":[{"taxonomy":"category","embeddable":true,"href":"https:\/\/inces.gob.ve\/index.php\/wp-json\/wp\/v2\/categories?post=29214"},{"taxonomy":"post_tag","embeddable":true,"href":"https:\/\/inces.gob.ve\/index.php\/wp-json\/wp\/v2\/tags?post=29214"}],"curies":[{"name":"wp","href":"https:\/\/api.w.org\/{rel}","templated":true}]}}