{"id":29291,"date":"2019-07-12T07:20:12","date_gmt":"2019-07-12T13:20:12","guid":{"rendered":"http:\/\/www.inces.gob.ve\/?p=29291"},"modified":"2020-05-28T20:28:32","modified_gmt":"2020-05-29T00:28:32","slug":"defensoria-del-pueblo-asesoramiento-al-personal-del-inces-militar","status":"publish","type":"post","link":"https:\/\/inces.gob.ve\/index.php\/2019\/07\/12\/defensoria-del-pueblo-asesoramiento-al-personal-del-inces-militar\/","title":{"rendered":"Defensor\u00eda del Pueblo asesoramiento al personal del Inces Militar"},"content":{"rendered":"<p align=\"justify\"><span style=\"font-family: Arial, sans-serif;\"><span style=\"font-size: x-large;\"><i><b>** Inquilinato y violencia de g\u00e9nero fueron algunos de los temas tratados<\/b><\/i><\/span><\/span><!--more--><\/p>\n<p align=\"justify\"><span style=\"font-family: Arial, sans-serif;\"><span style=\"font-size: x-large;\"><b>DIMAS P\u00c1EZ | Sede<\/b><\/span><\/span><\/p>\n<p align=\"justify\">\n<p align=\"justify\"><span style=\"font-family: Arial, sans-serif;\"><span style=\"font-size: x-large;\">En el edificio Sede del Inces, fueron dictadas varias charlas por parte de la Defensor\u00eda del Pueblo al personal del Inces Militar, en materia de: LOPNA, inquilinato, violencia de g\u00e9nero e informaci\u00f3n sobre los derechos y deberes del ciudadano.<\/span><\/span><\/p>\n<p align=\"justify\">\n<p align=\"justify\"><span style=\"font-family: Arial, sans-serif;\"><span style=\"font-size: x-large;\">El general de brigada, Gerardo Ignacio Vel\u00e1squez Ramos, director general del Inces Militar, comento al respecto: \u201cEn la ma\u00f1ana de hoy tuvimos la oportunidad de asistir a un ciclo de conferencias y asesoramiento dictado por la Defensor\u00eda del Pueblo; la actividad estuvo orientada hacia conseguir las respuestas a algunas dudas o problemas que tiene nuestro personal en los aspectos del trabajo y socio-econ\u00f3mico. En esta oportunidad se quiso informar al personal acerca de sus derechos y deberes y como nuestras leyes brindan la posibilidad de defendernos en cualquiera de esos campos\u201d, inform\u00f3 Vel\u00e1squez. <\/span><\/span><\/p>\n<p align=\"justify\"><span style=\"font-family: Arial, sans-serif;\"><span style=\"font-size: x-large;\"><img loading=\"lazy\" decoding=\"async\" class=\"aligncenter wp-image-29294 size-full\" src=\"http:\/\/www.inces.gob.ve\/wp-content\/uploads\/2019\/07\/Inces-1-asesoramiento-11Julio19.jpg\" alt=\"\" width=\"850\" height=\"567\" srcset=\"https:\/\/inces.gob.ve\/wp-content\/uploads\/2019\/07\/Inces-1-asesoramiento-11Julio19.jpg 850w, https:\/\/inces.gob.ve\/wp-content\/uploads\/2019\/07\/Inces-1-asesoramiento-11Julio19-300x200.jpg 300w, https:\/\/inces.gob.ve\/wp-content\/uploads\/2019\/07\/Inces-1-asesoramiento-11Julio19-768x512.jpg 768w\" sizes=\"auto, (max-width: 850px) 100vw, 850px\" \/><\/span><\/span><\/p>\n<p align=\"justify\">\n<p align=\"justify\"><span style=\"font-family: Arial, sans-serif;\"><span style=\"font-size: x-large;\">La Defensora P\u00fablica Quinta en materia inquilinar\u00eda del \u00e1rea Metropolitana de Caracas, Marielys Carrasco, expuso \u201cen estos momentos estamos ampliando los conocimientos de los particulares en cuanto a las funciones de la Defensa y como podemos hacer valer sus derechos en las distintas materias en la que nosotros tenemos competencia; es decir, darle a los particulares los conocimientos y adem\u00e1s pueden optar a un abogado gratuito que le da el Estado para garantizar su derecho a la defensa en los distintos \u00e1mbitos de nuestra competencia\u201d.<img loading=\"lazy\" decoding=\"async\" class=\"aligncenter wp-image-29293 size-full\" src=\"http:\/\/www.inces.gob.ve\/wp-content\/uploads\/2019\/07\/Inces-4-asesoramiento-11Julio19.jpg\" alt=\"\" width=\"850\" height=\"576\" srcset=\"https:\/\/inces.gob.ve\/wp-content\/uploads\/2019\/07\/Inces-4-asesoramiento-11Julio19.jpg 850w, https:\/\/inces.gob.ve\/wp-content\/uploads\/2019\/07\/Inces-4-asesoramiento-11Julio19-300x203.jpg 300w, https:\/\/inces.gob.ve\/wp-content\/uploads\/2019\/07\/Inces-4-asesoramiento-11Julio19-768x520.jpg 768w, https:\/\/inces.gob.ve\/wp-content\/uploads\/2019\/07\/Inces-4-asesoramiento-11Julio19-305x207.jpg 305w, https:\/\/inces.gob.ve\/wp-content\/uploads\/2019\/07\/Inces-4-asesoramiento-11Julio19-622x420.jpg 622w\" sizes=\"auto, (max-width: 850px) 100vw, 850px\" \/><\/span><\/span><\/p>\n<p align=\"justify\"><span style=\"font-family: Arial, sans-serif;\"><span style=\"font-size: x-large;\">Tammy Aponte, funcionaria del Inces Militar, explic\u00f3: \u201cLa informaci\u00f3n que nos traen los Defensores P\u00fablicos es muy importante porque es algo que estamos viviendo a diario. En lo particular yo estaba buscando asesoramiento en materia de la LOPNA por situaciones familiares. Estas son realidades que vivimos todos los d\u00edas. Tambi\u00e9n se tocaron diferentes puntos sobre materia jur\u00eddica, donde nos hicieron ejemplos de diferentes casos, que pasa en lo cotidiano para no dejarnos enga\u00f1ar y tener herramientas para podernos defenderno en contra de los actos abusivos\u201d. <\/span><\/span><\/p>\n<p align=\"justify\">\n<p align=\"justify\"><span style=\"font-family: Arial, sans-serif;\"><span style=\"font-size: x-large;\">Esta conferencia sirvi\u00f3 como modelo para integrar al personal del Inces y llevarles informaci\u00f3n acerca de los deberes y derechos de que goza cada ciudadano.<\/span><\/span><\/p>\n<p align=\"justify\">\n","protected":false},"excerpt":{"rendered":"<p>** Inquilinato y violencia de g\u00e9nero fueron algunos de los temas tratados<\/p>\n","protected":false},"author":15,"featured_media":29292,"comment_status":"closed","ping_status":"closed","sticky":false,"template":"","format":"standard","meta":{"footnotes":""},"categories":[2],"tags":[],"class_list":["post-29291","post","type-post","status-publish","format-standard","has-post-thumbnail","hentry","category-blog"],"_links":{"self":[{"href":"https:\/\/inces.gob.ve\/index.php\/wp-json\/wp\/v2\/posts\/29291","targetHints":{"allow":["GET"]}}],"collection":[{"href":"https:\/\/inces.gob.ve\/index.php\/wp-json\/wp\/v2\/posts"}],"about":[{"href":"https:\/\/inces.gob.ve\/index.php\/wp-json\/wp\/v2\/types\/post"}],"author":[{"embeddable":true,"href":"https:\/\/inces.gob.ve\/index.php\/wp-json\/wp\/v2\/users\/15"}],"replies":[{"embeddable":true,"href":"https:\/\/inces.gob.ve\/index.php\/wp-json\/wp\/v2\/comments?post=29291"}],"version-history":[{"count":1,"href":"https:\/\/inces.gob.ve\/index.php\/wp-json\/wp\/v2\/posts\/29291\/revisions"}],"predecessor-version":[{"id":29295,"href":"https:\/\/inces.gob.ve\/index.php\/wp-json\/wp\/v2\/posts\/29291\/revisions\/29295"}],"wp:featuredmedia":[{"embeddable":true,"href":"https:\/\/inces.gob.ve\/index.php\/wp-json\/wp\/v2\/media\/29292"}],"wp:attachment":[{"href":"https:\/\/inces.gob.ve\/index.php\/wp-json\/wp\/v2\/media?parent=29291"}],"wp:term":[{"taxonomy":"category","embeddable":true,"href":"https:\/\/inces.gob.ve\/index.php\/wp-json\/wp\/v2\/categories?post=29291"},{"taxonomy":"post_tag","embeddable":true,"href":"https:\/\/inces.gob.ve\/index.php\/wp-json\/wp\/v2\/tags?post=29291"}],"curies":[{"name":"wp","href":"https:\/\/api.w.org\/{rel}","templated":true}]}}