{"id":29296,"date":"2019-07-12T07:38:18","date_gmt":"2019-07-12T13:38:18","guid":{"rendered":"http:\/\/www.inces.gob.ve\/?p=29296"},"modified":"2020-05-28T20:28:32","modified_gmt":"2020-05-29T00:28:32","slug":"inces-falcon-presente-en-las-muestras-pedagogicas-productivas-en-resistencia-falcon-2019","status":"publish","type":"post","link":"https:\/\/inces.gob.ve\/index.php\/2019\/07\/12\/inces-falcon-presente-en-las-muestras-pedagogicas-productivas-en-resistencia-falcon-2019\/","title":{"rendered":"Inces Falc\u00f3n presente en las Muestras Pedag\u00f3gicas Productivas en Resistencia Falc\u00f3n 2019"},"content":{"rendered":"<ol>\n<li>\n<p class=\"western\" lang=\"es-MX\" align=\"justify\"><span style=\"font-family: Arial, sans-serif;\"><span style=\"font-size: x-large;\"><i><b>** Con las exposiciones de los estudiantes de Educaci\u00f3n Media General se vislumbr\u00f3 el potencial productivo que existe en los j\u00f3venes falconianos <\/b><\/i><\/span><\/span><\/p>\n<\/li>\n<li><\/li>\n<\/ol>\n<p><!--more--><\/p>\n<p class=\"western\" lang=\"es-MX\" align=\"justify\"><span style=\"font-family: Arial, sans-serif;\"><span style=\"font-size: x-large;\"><b>MIRIAM GONZ\u00c1LEZ VILLARROEL | Falc\u00f3n<\/b><\/span><\/span><\/p>\n<p class=\"western\" lang=\"es-MX\" align=\"justify\">\n<ol start=\"3\">\n<li>\n<p class=\"western\" lang=\"es-MX\" align=\"justify\"><span style=\"font-family: Arial, sans-serif;\"><span style=\"font-size: x-large;\">Con el firme prop\u00f3sito de dar a conocer el potencial productivo con el cual cuentan los j\u00f3venes que se forman en la Unidad Educativa del Instituto Nacional de Capacitaci\u00f3n y Educaci\u00f3n Socialista (Inces) en Falc\u00f3n, al igual que el trabajo que vienen desarrollando las mujeres productivas partiendo del conocimiento, el pasado viernes la instituci\u00f3n tuvo una excelente participaci\u00f3n en el evento organizado por el Ministerio del Poder Popular para la Educaci\u00f3n, (Mpppe) y la Zona Educativa, denominado: Muestras Pedag\u00f3gicas Productivas en Resistencia Falc\u00f3n 2019.<\/span><\/span><\/p>\n<\/li>\n<\/ol>\n<p class=\"western\" lang=\"es-MX\" align=\"justify\">\n<p class=\"western\" lang=\"es-MX\" align=\"justify\"><span style=\"font-family: Arial, sans-serif;\"><span style=\"font-size: x-large;\">En la actividad que se realiz\u00f3 en el Balc\u00f3n de los Arcaya en la ciudad de Coro, tuvo prop\u00f3sito exponer las diferentes creatividades y potencialidades de los estudiantes en el sector de la producci\u00f3n de alimentos. <\/span><\/span><\/p>\n<p class=\"western\" lang=\"es-MX\" align=\"justify\">\n<p class=\"western\" lang=\"es-MX\" align=\"justify\"><span style=\"font-family: Arial, sans-serif;\"><span style=\"font-size: x-large;\">Explic\u00f3 la gerente regional del Inces, Eneyda Mart\u00ednez, que en la actividad que estuvo encabezada por el gobernador V\u00edctor Clark Bosc\u00e1n, participaron con mucho acierto los j\u00f3venes que est\u00e1n pr\u00f3ximos a graduarse como Bachilleres en Educaci\u00f3n Media General con un perfil productivo, en las \u00e1reas de Panificaci\u00f3n, Inform\u00e1tica, Agroalimentaria y Turismo, quienes presentaron los proyectos socioproductivos que han venido desarrollando a lo largo de su formaci\u00f3n profesional dentro de la Unidad Educativa del Inces.<\/span><\/span><\/p>\n<p class=\"western\" lang=\"es-MX\" align=\"justify\"><img loading=\"lazy\" decoding=\"async\" class=\"aligncenter wp-image-29299 size-full\" src=\"http:\/\/www.inces.gob.ve\/wp-content\/uploads\/2019\/07\/Inces-2-Muestras-Pedag\u00f3gicas-11Julo19.jpg\" alt=\"\" width=\"800\" height=\"511\" srcset=\"https:\/\/inces.gob.ve\/wp-content\/uploads\/2019\/07\/Inces-2-Muestras-Pedag\u00f3gicas-11Julo19.jpg 800w, https:\/\/inces.gob.ve\/wp-content\/uploads\/2019\/07\/Inces-2-Muestras-Pedag\u00f3gicas-11Julo19-300x192.jpg 300w, https:\/\/inces.gob.ve\/wp-content\/uploads\/2019\/07\/Inces-2-Muestras-Pedag\u00f3gicas-11Julo19-768x491.jpg 768w\" sizes=\"auto, (max-width: 800px) 100vw, 800px\" \/><\/p>\n<p class=\"western\" lang=\"es-MX\" align=\"justify\"><span style=\"font-family: Arial, sans-serif;\"><span style=\"font-size: x-large;\">Igualmente precis\u00f3 la gerente, que en la actividad las mujeres productivas que se forman a trav\u00e9s de los programas: Nuevo Modelo de Gesti\u00f3n, Turismo, Salud y los centros de formaci\u00f3n socialista (CFS) \u201cJos\u00e9 Leonardo Chirino\u201d y \u201cAli Primera\u201d mostraron en cada una de las piezas expuestas, todos los conocimientos que han adquirido en cuanto a confecci\u00f3n de ropa para damas, caballeros, ni\u00f1os, ropa \u00edntima, tejidos y elaboraci\u00f3n de productos de aseo personal, entre otros. <\/span><\/span><\/p>\n<p class=\"western\" lang=\"es-MX\" align=\"justify\">\n<p class=\"western\" lang=\"es-MX\" align=\"justify\"><span style=\"font-family: Arial, sans-serif;\"><span style=\"font-size: x-large;\"><b>Forjar consciencia productiva en la juventud<\/b><\/span><\/span><\/p>\n<p class=\"western\" lang=\"es-MX\" align=\"justify\"><span style=\"font-family: Arial, sans-serif;\"><span style=\"font-size: x-large;\">En esta acci\u00f3n el gobernador V\u00edctor Clark Bosc\u00e1n, destac\u00f3 que en las muestras socioproductivas, se vislumbr\u00f3 el potencial que existe en los j\u00f3venes falconianos que se forman en los procesos de la educaci\u00f3n media general. <\/span><\/span><\/p>\n<p class=\"western\" lang=\"es-MX\" align=\"justify\"><span style=\"font-family: Arial, sans-serif;\"><span style=\"font-size: x-large;\"><img loading=\"lazy\" decoding=\"async\" class=\"aligncenter wp-image-29298 size-full\" src=\"http:\/\/www.inces.gob.ve\/wp-content\/uploads\/2019\/07\/Inces-3-Muestras-Pedag\u00f3gicas-11Julo19.jpg\" alt=\"\" width=\"800\" height=\"726\" srcset=\"https:\/\/inces.gob.ve\/wp-content\/uploads\/2019\/07\/Inces-3-Muestras-Pedag\u00f3gicas-11Julo19.jpg 800w, https:\/\/inces.gob.ve\/wp-content\/uploads\/2019\/07\/Inces-3-Muestras-Pedag\u00f3gicas-11Julo19-300x272.jpg 300w, https:\/\/inces.gob.ve\/wp-content\/uploads\/2019\/07\/Inces-3-Muestras-Pedag\u00f3gicas-11Julo19-768x697.jpg 768w\" sizes=\"auto, (max-width: 800px) 100vw, 800px\" \/><\/span><\/span><\/p>\n<p class=\"western\" lang=\"es-MX\" align=\"justify\">\n<p class=\"western\" lang=\"es-MX\" align=\"justify\"><span style=\"font-family: Arial, sans-serif;\"><span style=\"font-size: x-large;\">Durante el recorrido que realiz\u00f3 el gobernador visualiz\u00f3 cada una de las muestras socioproductivas realizadas por los estudiantes. Los j\u00f3venes de la Unidad Educativa Inces Falc\u00f3n, tuvieron la oportunidad de conversar y exponerle sus proyectos.<\/span><\/span><\/p>\n<p class=\"western\" lang=\"es-MX\" align=\"justify\">\n<p class=\"western\" lang=\"es-MX\" align=\"justify\"><span style=\"font-family: Arial, sans-serif;\"><span style=\"font-size: x-large;\"><b>Impulsar un nuevo m\u00e9todo de trabajo<\/b><\/span><\/span><\/p>\n<p class=\"western\" lang=\"es-MX\" align=\"justify\"><span style=\"font-family: Arial, sans-serif;\"><span style=\"font-size: x-large;\">Los participantes del Inces, opinaron: \u201caqu\u00ed estamos los j\u00f3venes, quienes en resistencia, nos estamos formando productivamente, estamos cumpliendo con esfuerzo y trabajo las metas asignadas para producir y aportar en la construcci\u00f3n del pa\u00eds que queremos\u201d. \u201cSomos el futuro de la Patria y tenemos una gran responsabilidad de sacar nuestra patria hacia adelante, porque queremos una Venezuela productiva y sin limitaciones\u201d.<\/span><\/span><\/p>\n<p class=\"western\" lang=\"es-MX\" align=\"justify\">\n<p class=\"western\" lang=\"es-MX\" align=\"justify\"><span style=\"font-family: Arial, sans-serif;\"><span style=\"font-size: x-large;\">Finalmente recordaron que recientemente el presidente Nicol\u00e1s Maduro Moros, ha tomado la decisi\u00f3n de transferir a los j\u00f3venes venezolanos, la responsabilidad productiva, asegurando que es un gran reto para impulsar un nuevo m\u00e9todo de trabajo, para que la juventud comience a forjar consciencia productiva en lo concreto, en la f\u00e1brica, en el campo y en lo productivo.<\/span><\/span><\/p>\n<p class=\"western\" lang=\"es-MX\" align=\"justify\"><span style=\"font-family: Arial, sans-serif;\"><span style=\"font-size: x-large;\"><img loading=\"lazy\" decoding=\"async\" class=\"aligncenter wp-image-29300 size-full\" src=\"http:\/\/www.inces.gob.ve\/wp-content\/uploads\/2019\/07\/Inces-1-Muestras-Pedag\u00f3gicas-11Julo19.jpg\" alt=\"\" width=\"800\" height=\"784\" srcset=\"https:\/\/inces.gob.ve\/wp-content\/uploads\/2019\/07\/Inces-1-Muestras-Pedag\u00f3gicas-11Julo19.jpg 800w, https:\/\/inces.gob.ve\/wp-content\/uploads\/2019\/07\/Inces-1-Muestras-Pedag\u00f3gicas-11Julo19-300x294.jpg 300w, https:\/\/inces.gob.ve\/wp-content\/uploads\/2019\/07\/Inces-1-Muestras-Pedag\u00f3gicas-11Julo19-768x753.jpg 768w\" sizes=\"auto, (max-width: 800px) 100vw, 800px\" \/><\/span><\/span><\/p>\n<p class=\"western\" lang=\"es-MX\" align=\"justify\">\n","protected":false},"excerpt":{"rendered":"<p>** Con las exposiciones de los estudiantes de Educaci\u00f3n Media General se vislumbr\u00f3 el potencial productivo que existe en los j\u00f3venes falconianos<\/p>\n","protected":false},"author":15,"featured_media":29297,"comment_status":"closed","ping_status":"closed","sticky":false,"template":"","format":"standard","meta":{"footnotes":""},"categories":[2],"tags":[],"class_list":["post-29296","post","type-post","status-publish","format-standard","has-post-thumbnail","hentry","category-blog"],"_links":{"self":[{"href":"https:\/\/inces.gob.ve\/index.php\/wp-json\/wp\/v2\/posts\/29296","targetHints":{"allow":["GET"]}}],"collection":[{"href":"https:\/\/inces.gob.ve\/index.php\/wp-json\/wp\/v2\/posts"}],"about":[{"href":"https:\/\/inces.gob.ve\/index.php\/wp-json\/wp\/v2\/types\/post"}],"author":[{"embeddable":true,"href":"https:\/\/inces.gob.ve\/index.php\/wp-json\/wp\/v2\/users\/15"}],"replies":[{"embeddable":true,"href":"https:\/\/inces.gob.ve\/index.php\/wp-json\/wp\/v2\/comments?post=29296"}],"version-history":[{"count":1,"href":"https:\/\/inces.gob.ve\/index.php\/wp-json\/wp\/v2\/posts\/29296\/revisions"}],"predecessor-version":[{"id":29301,"href":"https:\/\/inces.gob.ve\/index.php\/wp-json\/wp\/v2\/posts\/29296\/revisions\/29301"}],"wp:featuredmedia":[{"embeddable":true,"href":"https:\/\/inces.gob.ve\/index.php\/wp-json\/wp\/v2\/media\/29297"}],"wp:attachment":[{"href":"https:\/\/inces.gob.ve\/index.php\/wp-json\/wp\/v2\/media?parent=29296"}],"wp:term":[{"taxonomy":"category","embeddable":true,"href":"https:\/\/inces.gob.ve\/index.php\/wp-json\/wp\/v2\/categories?post=29296"},{"taxonomy":"post_tag","embeddable":true,"href":"https:\/\/inces.gob.ve\/index.php\/wp-json\/wp\/v2\/tags?post=29296"}],"curies":[{"name":"wp","href":"https:\/\/api.w.org\/{rel}","templated":true}]}}