{"id":29317,"date":"2019-07-12T07:05:48","date_gmt":"2019-07-12T13:05:48","guid":{"rendered":"http:\/\/www.inces.gob.ve\/?p=29317"},"modified":"2020-05-28T20:28:32","modified_gmt":"2020-05-29T00:28:32","slug":"inces-bolivar-realizo-1-foro-titulado-clinica-habitacional","status":"publish","type":"post","link":"https:\/\/inces.gob.ve\/index.php\/2019\/07\/12\/inces-bolivar-realizo-1-foro-titulado-clinica-habitacional\/","title":{"rendered":"Inces Bol\u00edvar realiz\u00f3  1\u00b0 foro titulado \u201cCl\u00ednica Habitacional\u201d"},"content":{"rendered":"<p align=\"justify\"><span style=\"font-family: Arial, sans-serif;\"><span style=\"font-size: x-large;\"><i><b>** Est\u00e1 actividad se estar\u00e1 efectuando en todas las empresas hoteleras <\/b><\/i><\/span><\/span><!--more--><\/p>\n<p align=\"justify\">\n<p align=\"justify\"><span style=\"font-family: ARIAL, sans-serif;\"><em><span style=\"font-family: Arial, sans-serif;\"><span style=\"font-size: x-large;\"><b>JOS\u00c9 SU\u00c1REZ <\/b><\/span><\/span><\/em><em><span style=\"font-family: Arial, sans-serif;\"><span style=\"font-size: x-large;\"><b>| <\/b><\/span><\/span><\/em><em><span style=\"font-family: Arial, sans-serif;\"><span style=\"font-size: x-large;\"><b>B<\/b><\/span><\/span><\/em><em><span style=\"font-family: Arial, sans-serif;\"><span style=\"font-size: x-large;\"><b>ol\u00edvar<\/b><\/span><\/span><\/em><\/span><\/p>\n<p align=\"justify\">\n<p align=\"justify\"><span style=\"font-family: Arial, sans-serif;\"><span style=\"font-size: x-large;\">El Inces Bol\u00edvar, a trav\u00e9s del Programa Turismo, realizo\u00f3 la 1\u00b0 taller Cl\u00ednica Habitacional en la Hoster\u00eda Waipa, ubicada en la parroquia Unare del municipio Caron\u00ed, con el fin de fortalecer el perfil del personal de trabajo, en las empresas prestadoras de servicio tur\u00edstico de la regi\u00f3n.<\/span><\/span><\/p>\n<p align=\"justify\">\n<p align=\"justify\"><span style=\"font-family: Arial, sans-serif;\"><span style=\"font-size: x-large;\">La actividad fue coordinada por el comit\u00e9 de Educaci\u00f3n Tur\u00edstica del estado Bol\u00edvar enmarcado en el convenio Inces y el Instituto Nacional de Turismo (INATUR), la misma tuvo una participaci\u00f3n de 40 empresas hoteleras, moteles y posadas de la zona.<img loading=\"lazy\" decoding=\"async\" class=\"aligncenter wp-image-29320 size-full\" src=\"http:\/\/www.inces.gob.ve\/wp-content\/uploads\/2019\/07\/Inces-2-Cl\u00ednica-Habitacional-12JULIO19.jpg\" alt=\"\" width=\"850\" height=\"638\" srcset=\"https:\/\/inces.gob.ve\/wp-content\/uploads\/2019\/07\/Inces-2-Cl\u00ednica-Habitacional-12JULIO19.jpg 850w, https:\/\/inces.gob.ve\/wp-content\/uploads\/2019\/07\/Inces-2-Cl\u00ednica-Habitacional-12JULIO19-300x225.jpg 300w, https:\/\/inces.gob.ve\/wp-content\/uploads\/2019\/07\/Inces-2-Cl\u00ednica-Habitacional-12JULIO19-768x576.jpg 768w, https:\/\/inces.gob.ve\/wp-content\/uploads\/2019\/07\/Inces-2-Cl\u00ednica-Habitacional-12JULIO19-136x102.jpg 136w\" sizes=\"auto, (max-width: 850px) 100vw, 850px\" \/><\/span><\/span><\/p>\n<p align=\"justify\">\n<p align=\"justify\"><span style=\"font-family: Arial, sans-serif;\"><span style=\"font-size: x-large;\">Durante su ponencia, la maestra t\u00e9cnica voluntaria (MTV) Candida Galindez enfatiz\u00f3 el compromiso que tiene el Inces de fortalecer el recurso humano, as\u00ed como la \u00e9tica profesional que deben tener todas las camareras. <\/span><\/span><\/p>\n<p align=\"justify\">\n<p align=\"justify\"><span style=\"font-family: Arial, sans-serif;\"><span style=\"font-size: x-large;\">Cabe destacar que est\u00e1 1\u00b0 Cl\u00ednica Habitacional se caracteriz\u00f3 por un intercambio de saberes te\u00f3ricos y pr\u00e1cticos entre camareras en la cual se reforzaron todas los t\u00e9cnicas adecuadas para realizar diferentes arreglos en el \u00e1rea habitacional. <\/span><\/span><\/p>\n<p align=\"justify\">\n<img loading=\"lazy\" decoding=\"async\" class=\"aligncenter wp-image-29319 size-full\" src=\"http:\/\/www.inces.gob.ve\/wp-content\/uploads\/2019\/07\/Inces-1-Cl\u00ednica-Habitacional-12JULIO19.jpg\" alt=\"\" width=\"850\" height=\"638\" srcset=\"https:\/\/inces.gob.ve\/wp-content\/uploads\/2019\/07\/Inces-1-Cl\u00ednica-Habitacional-12JULIO19.jpg 850w, https:\/\/inces.gob.ve\/wp-content\/uploads\/2019\/07\/Inces-1-Cl\u00ednica-Habitacional-12JULIO19-300x225.jpg 300w, https:\/\/inces.gob.ve\/wp-content\/uploads\/2019\/07\/Inces-1-Cl\u00ednica-Habitacional-12JULIO19-768x576.jpg 768w, https:\/\/inces.gob.ve\/wp-content\/uploads\/2019\/07\/Inces-1-Cl\u00ednica-Habitacional-12JULIO19-136x102.jpg 136w\" sizes=\"auto, (max-width: 850px) 100vw, 850px\" \/><\/p>\n<p align=\"justify\"><span style=\"font-family: Arial, sans-serif;\"><span style=\"font-size: x-large;\">La jefa del Programa Turismo, Carmen Alcal\u00e1, asever\u00f3 que a trav\u00e9s de este convenio se busca impulsar el motor Turismo en la regi\u00f3n, en el cual el Inces est\u00e1 dispuesto a brindar una capacitaci\u00f3n integral a todas aquellas personas que trabajar\u00e1n en las empresas tur\u00edsticas. <\/span><\/span><\/p>\n<p align=\"justify\">\n<p align=\"justify\">\n<p align=\"justify\">\n<p align=\"justify\">\n<p align=\"justify\">\n<p align=\"justify\">\n<p align=\"justify\">\n","protected":false},"excerpt":{"rendered":"<p>** Est\u00e1 actividad se estar\u00e1 efectuando en todas las empresas hoteleras<\/p>\n","protected":false},"author":15,"featured_media":29318,"comment_status":"closed","ping_status":"closed","sticky":false,"template":"","format":"standard","meta":{"footnotes":""},"categories":[2],"tags":[],"class_list":["post-29317","post","type-post","status-publish","format-standard","has-post-thumbnail","hentry","category-blog"],"_links":{"self":[{"href":"https:\/\/inces.gob.ve\/index.php\/wp-json\/wp\/v2\/posts\/29317","targetHints":{"allow":["GET"]}}],"collection":[{"href":"https:\/\/inces.gob.ve\/index.php\/wp-json\/wp\/v2\/posts"}],"about":[{"href":"https:\/\/inces.gob.ve\/index.php\/wp-json\/wp\/v2\/types\/post"}],"author":[{"embeddable":true,"href":"https:\/\/inces.gob.ve\/index.php\/wp-json\/wp\/v2\/users\/15"}],"replies":[{"embeddable":true,"href":"https:\/\/inces.gob.ve\/index.php\/wp-json\/wp\/v2\/comments?post=29317"}],"version-history":[{"count":1,"href":"https:\/\/inces.gob.ve\/index.php\/wp-json\/wp\/v2\/posts\/29317\/revisions"}],"predecessor-version":[{"id":29321,"href":"https:\/\/inces.gob.ve\/index.php\/wp-json\/wp\/v2\/posts\/29317\/revisions\/29321"}],"wp:featuredmedia":[{"embeddable":true,"href":"https:\/\/inces.gob.ve\/index.php\/wp-json\/wp\/v2\/media\/29318"}],"wp:attachment":[{"href":"https:\/\/inces.gob.ve\/index.php\/wp-json\/wp\/v2\/media?parent=29317"}],"wp:term":[{"taxonomy":"category","embeddable":true,"href":"https:\/\/inces.gob.ve\/index.php\/wp-json\/wp\/v2\/categories?post=29317"},{"taxonomy":"post_tag","embeddable":true,"href":"https:\/\/inces.gob.ve\/index.php\/wp-json\/wp\/v2\/tags?post=29317"}],"curies":[{"name":"wp","href":"https:\/\/api.w.org\/{rel}","templated":true}]}}